{"id":60780,"date":"2017-08-31T15:49:16","date_gmt":"2017-08-31T13:49:16","guid":{"rendered":"http:\/\/www.manquepierda.com\/historiarealbetis\/?p=60780"},"modified":"2024-08-11T15:51:43","modified_gmt":"2024-08-11T13:51:43","slug":"1933-marzo-5-primera-betis-balompie-3-racing-santander-2-recortes-prensa","status":"publish","type":"post","link":"https:\/\/www.manquepierda.com\/historiarealbetis\/1933-marzo-5-primera-betis-balompie-3-racing-santander-2-recortes-prensa\/","title":{"rendered":"1933-Marzo 5-Primera.-Betis Balompi\u00e9-3 Racing Santander-2.-Recortes Prensa."},"content":{"rendered":"<p><em>\u00abEn Sevilla fue domingo de pi\u00f1ata y di\u00f3 lugar \u00e1 la p\u00fablica expansi\u00f3n. <\/em><\/p>\n<p style=\"text-align: center\"><em>Cerr\u00f3 el Carnaval con la fiesta del Ateneo en el Casino de la Exposici\u00f3n.<\/em><\/p>\n<p style=\"text-align: left\"><em><strong>Por la tarde la colonia monta\u00f1esa, en el pabell\u00f3n que en la Avenida de Portugal tiene instalado la \u00abCasa de Castilla y Le\u00f3n\u00bb, celebr\u00f3 el chato que en honor de los equipos \u00abRacing de Santander\u00bb y \u00abBetis Balompi\u00e9\u00bb ofrec\u00eda dicha entidad, juntamente con la \u00abCasa de la Monta\u00f1a\u00bb.<\/strong><\/em><\/p>\n<p style=\"text-align: left\"><em><strong>Al acto concurrieron numerosas personas, asistiendo tambi\u00e9n las directivas de las dos entidades regionales, directivos del Betis,\u00a0 y el delegado que acompa\u00f1aba al Racing, brind\u00e1ndose numerosa veces por los citados equipos, y d\u00e1ndose vivas \u00e1 Santander y Sevilla.<\/strong><\/em><\/p>\n<p>QUINTA EDICI\u00d3N-CAMPEONATO NACIONAL LIGA PRIMERA DIVISI\u00d3N 1932-1933 DESDE 27 NOVIEMBRE 1932 \u00c1 28 MARZO 1933.-AMBAS FECHAS INCLUSIVE.<\/p>\n<p style=\"text-align: center\"><em><strong>\u00abEl Betis, en partido de Liga, venci\u00f3 al Racing de Santander por tres \u00e1 dos.<\/strong><\/em><\/p>\n<p><em><strong> La primera parte termin\u00f3 2-0 \u00e1 favor de los monta\u00f1eses, marcados por Larrinaga y Telete. <\/strong><\/em><\/p>\n<p><em><strong>En el segundo tiempo, el Betis Balompi\u00e9 marc\u00f3 3 tantos, por Gabella, Capillas y Soladrero. <\/strong><\/em><\/p>\n<p><em><strong>\u00abAdolfito\u00bb que sali\u00f3 en lugar del lesionado \u00abJesus\u00edn\u00bb, actu\u00f3 de zaguero formidablemente\u00bb.<\/strong><\/em><\/p>\n<p><em>\u00abAntes del encuentro, el presidente de la \u00abCasa de la Monta\u00f1a\u00bb, don Joaqu\u00edn Sa\u00ednz de la Maza, <strong>entregar\u00e1 \u00e1 los capitanes de ambas escuadras, sendos y art\u00edsticos banderines dedicados \u00e1 los Clubes contendientes\u00bb. <\/strong> <\/em>(A. B. C.-Sevilla).<\/p>\n<p style=\"text-align: center\"><img data-recalc-dims=\"1\" loading=\"lazy\" decoding=\"async\" class=\"aligncenter size-medium wp-image-60781\" src=\"https:\/\/i0.wp.com\/www.manquepierda.com\/historiarealbetis\/files\/2017\/08\/19330305MG-Serrano.jpg?resize=367%2C600&#038;ssl=1\" alt=\"\" width=\"367\" height=\"600\" srcset=\"https:\/\/i0.wp.com\/www.manquepierda.com\/historiarealbetis\/files\/2017\/08\/19330305MG-Serrano.jpg?resize=367%2C600&amp;ssl=1 367w, https:\/\/i0.wp.com\/www.manquepierda.com\/historiarealbetis\/files\/2017\/08\/19330305MG-Serrano.jpg?resize=135%2C220&amp;ssl=1 135w, https:\/\/i0.wp.com\/www.manquepierda.com\/historiarealbetis\/files\/2017\/08\/19330305MG-Serrano.jpg?w=768&amp;ssl=1 768w, https:\/\/i0.wp.com\/www.manquepierda.com\/historiarealbetis\/files\/2017\/08\/19330305MG-Serrano.jpg?resize=428%2C700&amp;ssl=1 428w\" sizes=\"auto, (max-width: 367px) 100vw, 367px\" \/><\/p>\n<p style=\"text-align: left\"><em>\u00abSevilla.-El Betis logr\u00f3 vencer dif\u00edcilmente al Racing santanderino <strong>por 3 \u00e1 2, gracias \u00e1 la mayor resoluci\u00f3n del ataque. Este es un remate b\u00e9tico frente \u00e1 la meta c\u00e1ntabra\u00bb.<\/strong><\/em><\/p>\n<p style=\"text-align: center\">Foto Serrano.-\u00abMundo Gr\u00e1fico\u00bb.<\/p>\n<p><strong>1933-MARZO 5-DOMINGO<\/strong><strong>-BARRIO \u00abEL PORVENIR\u00bb.-CAMPO MUNICIPAL DE DEPORTES \u00abPATRONATO OBRERO\u00bb: QUINCEAVA JORNADA.<\/strong><\/p>\n<p style=\"text-align: center\"><img data-recalc-dims=\"1\" loading=\"lazy\" decoding=\"async\" class=\"aligncenter size-thumbnail wp-image-60808\" src=\"https:\/\/i0.wp.com\/www.manquepierda.com\/historiarealbetis\/files\/2017\/08\/ABCse19330307-Dibujo2.jpg?resize=189%2C220&#038;ssl=1\" alt=\"\" width=\"189\" height=\"220\" srcset=\"https:\/\/i0.wp.com\/www.manquepierda.com\/historiarealbetis\/files\/2017\/08\/ABCse19330307-Dibujo2.jpg?resize=189%2C220&amp;ssl=1 189w, https:\/\/i0.wp.com\/www.manquepierda.com\/historiarealbetis\/files\/2017\/08\/ABCse19330307-Dibujo2.jpg?resize=517%2C600&amp;ssl=1 517w, https:\/\/i0.wp.com\/www.manquepierda.com\/historiarealbetis\/files\/2017\/08\/ABCse19330307-Dibujo2.jpg?resize=603%2C700&amp;ssl=1 603w, https:\/\/i0.wp.com\/www.manquepierda.com\/historiarealbetis\/files\/2017\/08\/ABCse19330307-Dibujo2.jpg?w=725&amp;ssl=1 725w\" sizes=\"auto, (max-width: 189px) 100vw, 189px\" \/><\/p>\n<p style=\"text-align: left\">Arbitr\u00f3 el colegiado \u00c1ngel CASTARLENAS Mora (32 a\u00f1os)-Natural de Barcelona-1901.-<em>\u00abMuy deficiente su labor\u00bb.<\/em><\/p>\n<p><em>\u00abA partir del 2-2, la tolerancia del \u00e1rbitro y la emoci\u00f3n del partido, convirtieron a este en una ri\u00f1a en un campamento de gitanos; los jugadores se agred\u00edan unos a otros, tuvieran o no el pelot\u00f3n en su poder\u00bb.<\/em><\/p>\n<p style=\"text-align: center\">AMBOS CONJUNTOS SE ALINEARON DE LA FORMA SIGUIENTE:<\/p>\n<p style=\"text-align: center\"><img data-recalc-dims=\"1\" loading=\"lazy\" decoding=\"async\" class=\"aligncenter size-full wp-image-60782\" src=\"https:\/\/i0.wp.com\/www.manquepierda.com\/historiarealbetis\/files\/2017\/08\/1932-RBB-4.jpg?resize=154%2C154&#038;ssl=1\" alt=\"\" width=\"154\" height=\"154\" \/><\/p>\n<p style=\"text-align: center\"><strong>BETIS BALOMPI\u00c9-3 Goles.<\/strong><\/p>\n<p><strong>QUINTO CLASIFICADO CON 12 PUNTOS (4-GANADOS+4-EMPATADOS+7-PERDIDOS) 23-GOLES \u00c1 FAVOR Y 40-TANTOS EN CONTRA.<\/strong><\/p>\n<p style=\"text-align: left\"><em><strong>XXV Presidente Betis Balompi\u00e9, don Jos\u00e9 Ignacio MANTEC\u00d3N Navasal (30 a\u00f1os, 6 meses, <img data-recalc-dims=\"1\" loading=\"lazy\" decoding=\"async\" class=\"alignright size-full wp-image-60783\" src=\"https:\/\/i0.wp.com\/www.manquepierda.com\/historiarealbetis\/files\/2017\/08\/Jos%C3%A9-Ignacio-MANTEC%C3%93N-NAVASAL-1-3.jpg?resize=161%2C202&#038;ssl=1\" alt=\"\" width=\"161\" height=\"202\" \/><\/strong><\/em><em><strong>menos 21 d\u00edas)-Natural de Zaragoza, viernes 26 Septiembre 1902.-En Septiembre de 1926 es destinado \u00e1 Sevilla: Archivo General de Indias, siendo Oficial 3\u00ba del Cuerpo Facultativo de Archiveros, Bibliotecarios y Arque\u00f3logos de Espa\u00f1a.<\/strong><\/em><\/p>\n<p><em><strong>Obituario en M\u00e9xico&#8211;Distrito Federal&#8211;domingo 20 Junio 1982 (79 A\u00f1os, 9 meses, menos 6 d\u00edas) D. E. P.<\/strong><\/em><\/p>\n<p style=\"text-align: left\"><strong><img data-recalc-dims=\"1\" loading=\"lazy\" decoding=\"async\" class=\"alignleft size-thumbnail wp-image-60784\" src=\"https:\/\/i0.wp.com\/www.manquepierda.com\/historiarealbetis\/files\/2017\/08\/Patrick-Joseph-OCONNELL-1.jpg?resize=138%2C220&#038;ssl=1\" alt=\"\" width=\"138\" height=\"220\" srcset=\"https:\/\/i0.wp.com\/www.manquepierda.com\/historiarealbetis\/files\/2017\/08\/Patrick-Joseph-OCONNELL-1.jpg?resize=138%2C220&amp;ssl=1 138w, https:\/\/i0.wp.com\/www.manquepierda.com\/historiarealbetis\/files\/2017\/08\/Patrick-Joseph-OCONNELL-1.jpg?w=165&amp;ssl=1 165w\" sizes=\"auto, (max-width: 138px) 100vw, 138px\" \/>Entrenador Mr. Patrick Joseph O&#8217;CONNELL (46 a\u00f1os, menos 3 d\u00edas)-Natural de Drucomdra-Dublin (Republic of Ireland), martes 8 Marzo 1887.-Obituario en St Pancras-Condado Cavem-Cementery Distrito Kilburn -London (England), viernes 27 Febrero 1959 (71 A\u00f1os, 11 meses, menos 19 d\u00edas) D. E. P.<br \/>\n<\/strong><\/p>\n<p><em>\u00abLa victoria no tiene mucha importancia, si se tiene en cuenta que est\u00e1 lograda en terreno favorable; ahora bien, si se tiene en cuenta tambi\u00e9n que el primer tiempo termin\u00f3 0-2 \u00e1 favor de los monta\u00f1eses, se apreciar\u00e1 un gran m\u00e9rito en que el Balompi\u00e9 remontasen este resultado adverso para conseguir el 3-2.<\/em><\/p>\n<p><em> El Betis jug\u00f3 un encuentro magn\u00edfico de entusiasmo, y cuando sus jugadores se dieron cuenta del esfuerzo que ten\u00edan que realizar para vencer, todos c\u00f3mo un solo hombre se lanzaron para lograr el triunfo\u00bb.<\/em><\/p>\n<p style=\"text-align: center\">Guardameta:<\/p>\n<p style=\"text-align: center\"><img data-recalc-dims=\"1\" loading=\"lazy\" decoding=\"async\" class=\"aligncenter size-thumbnail wp-image-60785\" src=\"https:\/\/i0.wp.com\/www.manquepierda.com\/historiarealbetis\/files\/2017\/08\/Joaquin-URQUIAGA-Legarburu-02.jpg?resize=129%2C220&#038;ssl=1\" alt=\"\" width=\"129\" height=\"220\" srcset=\"https:\/\/i0.wp.com\/www.manquepierda.com\/historiarealbetis\/files\/2017\/08\/Joaquin-URQUIAGA-Legarburu-02.jpg?resize=129%2C220&amp;ssl=1 129w, https:\/\/i0.wp.com\/www.manquepierda.com\/historiarealbetis\/files\/2017\/08\/Joaquin-URQUIAGA-Legarburu-02.jpg?resize=351%2C600&amp;ssl=1 351w, https:\/\/i0.wp.com\/www.manquepierda.com\/historiarealbetis\/files\/2017\/08\/Joaquin-URQUIAGA-Legarburu-02.jpg?resize=409%2C700&amp;ssl=1 409w, https:\/\/i0.wp.com\/www.manquepierda.com\/historiarealbetis\/files\/2017\/08\/Joaquin-URQUIAGA-Legarburu-02.jpg?w=633&amp;ssl=1 633w\" sizes=\"auto, (max-width: 129px) 100vw, 129px\" \/><\/p>\n<p><strong>1-(dos tantos encajados).-Joaqu\u00edn URQUIAGA Legarburu.<\/strong><\/p>\n<p style=\"text-align: center\">Zaguero:<\/p>\n<p style=\"text-align: center\"><img data-recalc-dims=\"1\" loading=\"lazy\" decoding=\"async\" class=\"aligncenter size-thumbnail wp-image-60786\" src=\"https:\/\/i0.wp.com\/www.manquepierda.com\/historiarealbetis\/files\/2017\/08\/Pedro-Pablo-ARESO-Aramburu-MQP-1.jpg?resize=220%2C202&#038;ssl=1\" alt=\"\" width=\"220\" height=\"202\" srcset=\"https:\/\/i0.wp.com\/www.manquepierda.com\/historiarealbetis\/files\/2017\/08\/Pedro-Pablo-ARESO-Aramburu-MQP-1.jpg?resize=220%2C202&amp;ssl=1 220w, https:\/\/i0.wp.com\/www.manquepierda.com\/historiarealbetis\/files\/2017\/08\/Pedro-Pablo-ARESO-Aramburu-MQP-1.jpg?w=465&amp;ssl=1 465w\" sizes=\"auto, (max-width: 220px) 100vw, 220px\" \/><\/p>\n<p><strong>2-Lateral diestro.-Pedro Pablo ARESO Aramburu.<\/strong><\/p>\n<p style=\"text-align: center\"><img data-recalc-dims=\"1\" loading=\"lazy\" decoding=\"async\" class=\"aligncenter size-thumbnail wp-image-60787\" src=\"https:\/\/i0.wp.com\/www.manquepierda.com\/historiarealbetis\/files\/2017\/08\/ADOLFITO-Adolfo-Sancho-Carrillo-De-Albornoz-02-1.jpg?resize=145%2C220&#038;ssl=1\" alt=\"\" width=\"145\" height=\"220\" srcset=\"https:\/\/i0.wp.com\/www.manquepierda.com\/historiarealbetis\/files\/2017\/08\/ADOLFITO-Adolfo-Sancho-Carrillo-De-Albornoz-02-1.jpg?resize=145%2C220&amp;ssl=1 145w, https:\/\/i0.wp.com\/www.manquepierda.com\/historiarealbetis\/files\/2017\/08\/ADOLFITO-Adolfo-Sancho-Carrillo-De-Albornoz-02-1.jpg?w=236&amp;ssl=1 236w\" sizes=\"auto, (max-width: 145px) 100vw, 145px\" \/><\/p>\n<p><strong>3-Lateral zurdo.-ADOLFO Sancho Carrillo De Albornoz (a) \u00abADOLFITO-ADOLFO II\u00bb.<\/strong><\/p>\n<p style=\"text-align: center\">Medios:<\/p>\n<p style=\"text-align: center\"><img data-recalc-dims=\"1\" loading=\"lazy\" decoding=\"async\" class=\"aligncenter size-thumbnail wp-image-60788\" src=\"https:\/\/i0.wp.com\/www.manquepierda.com\/historiarealbetis\/files\/2017\/08\/PERAL-Jos%C3%A9-Su%C3%A1rez-Gonz%C3%A1lez-HRBBabc1992.jpg?resize=212%2C220&#038;ssl=1\" alt=\"\" width=\"212\" height=\"220\" \/><\/p>\n<p><strong>4-Diestro.-Jos\u00e9 Su\u00e1rez Gonz\u00e1lez (a) \u00abPERAL\u00bb.<\/strong><\/p>\n<p style=\"text-align: center\"><img data-recalc-dims=\"1\" loading=\"lazy\" decoding=\"async\" class=\"aligncenter size-thumbnail wp-image-60790\" src=\"https:\/\/i0.wp.com\/www.manquepierda.com\/historiarealbetis\/files\/2017\/08\/Enrique-SOLADRERO-Arbide-03.jpg?resize=137%2C220&#038;ssl=1\" alt=\"\" width=\"137\" height=\"220\" srcset=\"https:\/\/i0.wp.com\/www.manquepierda.com\/historiarealbetis\/files\/2017\/08\/Enrique-SOLADRERO-Arbide-03.jpg?resize=137%2C220&amp;ssl=1 137w, https:\/\/i0.wp.com\/www.manquepierda.com\/historiarealbetis\/files\/2017\/08\/Enrique-SOLADRERO-Arbide-03.jpg?w=209&amp;ssl=1 209w\" sizes=\"auto, (max-width: 137px) 100vw, 137px\" \/><\/p>\n<p><strong>5-Centro.-Enrique SOLADRERO Arbide: <em>2-2.-77 minutos.-\u00abUn tiro que repeli\u00f3 el travesa\u00f1o, recogi\u00f3 el pelot\u00f3n Enrique, batiendo al arquero Paulino J\u00e1uregui\u00bb.<\/em><br \/>\n<\/strong><\/p>\n<p style=\"text-align: center\"><img data-recalc-dims=\"1\" loading=\"lazy\" decoding=\"async\" class=\"aligncenter size-thumbnail wp-image-60791\" src=\"https:\/\/i0.wp.com\/www.manquepierda.com\/historiarealbetis\/files\/2017\/08\/ROBERTO-Mart%C3%ADn-S%C3%A1ez-2.jpg?resize=95%2C220&#038;ssl=1\" alt=\"\" width=\"95\" height=\"220\" \/><\/p>\n<p><strong>6-Zurdo.-ROBERTO Mart\u00edn S\u00e1ez.<\/strong><\/p>\n<p style=\"text-align: center\">Delanteros:<\/p>\n<p><img data-recalc-dims=\"1\" loading=\"lazy\" decoding=\"async\" class=\"aligncenter size-full wp-image-60792\" src=\"https:\/\/i0.wp.com\/www.manquepierda.com\/historiarealbetis\/files\/2017\/08\/TIMIMI-Pedro-Gonz%C3%A1lez-S%C3%A1nchez-3-3.jpg?resize=155%2C208&#038;ssl=1\" alt=\"\" width=\"155\" height=\"208\" \/><\/p>\n<p><strong>7-Extreno diestro.-Pedro Gonz\u00e1lez S\u00e1nchez (a) \u00abTIMIMI\u00bb: \u00ab<em>Con la pelota decidido para servir el primer gol<\/em><\/strong><em> <strong>b\u00e9<\/strong><\/em><strong><em>tico\u00bb.-<\/em>Dibujo ABC-Sevilla, martes 7-III-1933.<br \/>\n<\/strong><\/p>\n<p style=\"text-align: center\"><img data-recalc-dims=\"1\" loading=\"lazy\" decoding=\"async\" class=\"aligncenter size-thumbnail wp-image-60809\" src=\"https:\/\/i0.wp.com\/www.manquepierda.com\/historiarealbetis\/files\/2017\/08\/ABCse19330307-Dibujo3.jpg?resize=220%2C183&#038;ssl=1\" alt=\"\" width=\"220\" height=\"183\" srcset=\"https:\/\/i0.wp.com\/www.manquepierda.com\/historiarealbetis\/files\/2017\/08\/ABCse19330307-Dibujo3.jpg?resize=220%2C183&amp;ssl=1 220w, https:\/\/i0.wp.com\/www.manquepierda.com\/historiarealbetis\/files\/2017\/08\/ABCse19330307-Dibujo3.jpg?w=675&amp;ssl=1 675w\" sizes=\"auto, (max-width: 220px) 100vw, 220px\" \/><\/p>\n<p style=\"text-align: center\"><img data-recalc-dims=\"1\" loading=\"lazy\" decoding=\"async\" class=\"aligncenter size-thumbnail wp-image-60793\" src=\"https:\/\/i0.wp.com\/www.manquepierda.com\/historiarealbetis\/files\/2017\/08\/ADOLFO-II-Adolfo-Mart%C3%ADn-Gonz%C3%A1lez.jpg?resize=129%2C220&#038;ssl=1\" alt=\"\" width=\"129\" height=\"220\" srcset=\"https:\/\/i0.wp.com\/www.manquepierda.com\/historiarealbetis\/files\/2017\/08\/ADOLFO-II-Adolfo-Mart%C3%ADn-Gonz%C3%A1lez.jpg?resize=129%2C220&amp;ssl=1 129w, https:\/\/i0.wp.com\/www.manquepierda.com\/historiarealbetis\/files\/2017\/08\/ADOLFO-II-Adolfo-Mart%C3%ADn-Gonz%C3%A1lez.jpg?w=234&amp;ssl=1 234w\" sizes=\"auto, (max-width: 129px) 100vw, 129px\" \/><\/p>\n<p><strong>8-Interior diestro.-Adolfo Mart\u00edn Gonz\u00e1lez (a) \u00abADOLFO II\u00bb.<\/strong><\/p>\n<p style=\"text-align: center\"><img data-recalc-dims=\"1\" loading=\"lazy\" decoding=\"async\" class=\"aligncenter size-thumbnail wp-image-60794\" src=\"https:\/\/i0.wp.com\/www.manquepierda.com\/historiarealbetis\/files\/2017\/08\/Leopoldo-Ruiz-CAPILLAS-Del-Castillo-01.jpg?resize=137%2C220&#038;ssl=1\" alt=\"\" width=\"137\" height=\"220\" srcset=\"https:\/\/i0.wp.com\/www.manquepierda.com\/historiarealbetis\/files\/2017\/08\/Leopoldo-Ruiz-CAPILLAS-Del-Castillo-01.jpg?resize=137%2C220&amp;ssl=1 137w, https:\/\/i0.wp.com\/www.manquepierda.com\/historiarealbetis\/files\/2017\/08\/Leopoldo-Ruiz-CAPILLAS-Del-Castillo-01.jpg?w=299&amp;ssl=1 299w\" sizes=\"auto, (max-width: 137px) 100vw, 137px\" \/><\/p>\n<p><strong>9-Centro delantero-Ariete.-Leopoldo Ruiz-CAPILLAS Del Castillo: <em>3-2.-80 minutos.-\u00abToda la l\u00ednea delantera verdiblanca atac\u00f3 en tromba, y Leopoldo logr\u00f3 el marcador final fusilando a Paulino J\u00e1uregui Ugarte\u00bb.<\/em><br \/>\n<\/strong><\/p>\n<p style=\"text-align: center\"><img data-recalc-dims=\"1\" loading=\"lazy\" decoding=\"async\" class=\"aligncenter size-thumbnail wp-image-60795\" src=\"https:\/\/i0.wp.com\/www.manquepierda.com\/historiarealbetis\/files\/2017\/08\/Sim%C3%B3n-LECUE-Andrade-01-1.jpg?resize=150%2C220&#038;ssl=1\" alt=\"\" width=\"150\" height=\"220\" \/><\/p>\n<p><strong>10-Interior zurdo.-Sim\u00f3n LECUE Andrade.<\/strong><\/p>\n<p style=\"text-align: center\"><img data-recalc-dims=\"1\" loading=\"lazy\" decoding=\"async\" class=\"aligncenter size-thumbnail wp-image-60796\" src=\"https:\/\/i0.wp.com\/www.manquepierda.com\/historiarealbetis\/files\/2017\/08\/Manuel-GABELLA-Gallego.jpg?resize=139%2C220&#038;ssl=1\" alt=\"\" width=\"139\" height=\"220\" srcset=\"https:\/\/i0.wp.com\/www.manquepierda.com\/historiarealbetis\/files\/2017\/08\/Manuel-GABELLA-Gallego.jpg?resize=139%2C220&amp;ssl=1 139w, https:\/\/i0.wp.com\/www.manquepierda.com\/historiarealbetis\/files\/2017\/08\/Manuel-GABELLA-Gallego.jpg?w=347&amp;ssl=1 347w\" sizes=\"auto, (max-width: 139px) 100vw, 139px\" \/><\/p>\n<p><strong>11-Extremo zurdo.-Manuel GABELLA Gallego: <em>1-2.-59 minutos.-\u00abFructific\u00f3 el entusiasmo verdiblanco. \u00abTimimi\u00bb lanz\u00f3 un c\u00f3rner, que fue rematado de cabeza el bal\u00f3n por Manuel fusilando al cancerbero J\u00e1uregui\u00bb.<\/em><br \/>\n<\/strong><\/p>\n<p style=\"text-align: center\"><img data-recalc-dims=\"1\" loading=\"lazy\" decoding=\"async\" class=\"aligncenter size-medium wp-image-60807\" src=\"https:\/\/i0.wp.com\/www.manquepierda.com\/historiarealbetis\/files\/2017\/08\/ABCse19330307-Dibujo1.jpg?resize=680%2C510&#038;ssl=1\" alt=\"\" width=\"680\" height=\"510\" srcset=\"https:\/\/i0.wp.com\/www.manquepierda.com\/historiarealbetis\/files\/2017\/08\/ABCse19330307-Dibujo1.jpg?resize=680%2C510&amp;ssl=1 680w, https:\/\/i0.wp.com\/www.manquepierda.com\/historiarealbetis\/files\/2017\/08\/ABCse19330307-Dibujo1.jpg?resize=220%2C165&amp;ssl=1 220w, https:\/\/i0.wp.com\/www.manquepierda.com\/historiarealbetis\/files\/2017\/08\/ABCse19330307-Dibujo1.jpg?resize=768%2C576&amp;ssl=1 768w, https:\/\/i0.wp.com\/www.manquepierda.com\/historiarealbetis\/files\/2017\/08\/ABCse19330307-Dibujo1.jpg?resize=933%2C700&amp;ssl=1 933w, https:\/\/i0.wp.com\/www.manquepierda.com\/historiarealbetis\/files\/2017\/08\/ABCse19330307-Dibujo1.jpg?w=1353&amp;ssl=1 1353w\" sizes=\"auto, (max-width: 680px) 100vw, 680px\" \/><\/p>\n<p>Fuente \u00abABC-Sevilla 1933-03-07 Martes.<\/p>\n<p style=\"text-align: center\">Vs.<\/p>\n<p>1930-1933.-Presidente, don Fernando Pombo Ibarra.<\/p>\n<p>1929-1933.-Entrenador, Francisco PAGAZAURTUND\u00daA Gonz\u00e1lez-Murrieta.<\/p>\n<p style=\"text-align: center\"><img data-recalc-dims=\"1\" loading=\"lazy\" decoding=\"async\" class=\"aligncenter size-thumbnail wp-image-60801\" src=\"https:\/\/i0.wp.com\/www.manquepierda.com\/historiarealbetis\/files\/2017\/08\/RCS1931.jpg?resize=220%2C220&#038;ssl=1\" alt=\"\" width=\"220\" height=\"220\" srcset=\"https:\/\/i0.wp.com\/www.manquepierda.com\/historiarealbetis\/files\/2017\/08\/RCS1931.jpg?resize=220%2C220&amp;ssl=1 220w, https:\/\/i0.wp.com\/www.manquepierda.com\/historiarealbetis\/files\/2017\/08\/RCS1931.jpg?w=486&amp;ssl=1 486w\" sizes=\"auto, (max-width: 220px) 100vw, 220px\" \/><\/p>\n<p style=\"text-align: center\">RACING CLUB SANTANDER-2 Tantos.<\/p>\n<p>OCTAVO CLASIFICADO CON 11 PUNTOS (5ganados+1empatado+9perdidos) 38-44 TANTOS FAVOR-CONTRA.<\/p>\n<p><em>\u00abTras el 0-2, el juego degener\u00f3 primero en \u00abpartido duro\u00bb; despu\u00e9s\u00a0 lo que se dice una \u00abbatalla campal\u00bb y Sol\u00e1, lesionado, tuvo que ser sustituido\u00bb.<\/em><\/p>\n<p>1<strong>.-<\/strong>Crist\u00f3bal SOL\u00c1 Coll (1-37 minutos).<\/p>\n<p style=\"text-align: center\"><img data-recalc-dims=\"1\" loading=\"lazy\" decoding=\"async\" class=\"aligncenter size-thumbnail wp-image-60804\" src=\"https:\/\/i0.wp.com\/www.manquepierda.com\/historiarealbetis\/files\/2017\/08\/19330305-Estampa-Gonsanhi.jpg?resize=162%2C220&#038;ssl=1\" alt=\"\" width=\"162\" height=\"220\" srcset=\"https:\/\/i0.wp.com\/www.manquepierda.com\/historiarealbetis\/files\/2017\/08\/19330305-Estampa-Gonsanhi.jpg?resize=162%2C220&amp;ssl=1 162w, https:\/\/i0.wp.com\/www.manquepierda.com\/historiarealbetis\/files\/2017\/08\/19330305-Estampa-Gonsanhi.jpg?resize=443%2C600&amp;ssl=1 443w, https:\/\/i0.wp.com\/www.manquepierda.com\/historiarealbetis\/files\/2017\/08\/19330305-Estampa-Gonsanhi.jpg?resize=768%2C1041&amp;ssl=1 768w, https:\/\/i0.wp.com\/www.manquepierda.com\/historiarealbetis\/files\/2017\/08\/19330305-Estampa-Gonsanhi.jpg?resize=517%2C700&amp;ssl=1 517w, https:\/\/i0.wp.com\/www.manquepierda.com\/historiarealbetis\/files\/2017\/08\/19330305-Estampa-Gonsanhi.jpg?w=865&amp;ssl=1 865w\" sizes=\"auto, (max-width: 162px) 100vw, 162px\" \/><\/p>\n<p><em>\u00abUna actuaci\u00f3n del portero santanderino durante el dur\u00edsimo partido que ha tenido lugar en \u00abPatronato Obrero\u00bb.-<\/em>Revista gr\u00e1fica \u00abESTAMPA\u00bb N\u00ba 270-Foto Gonsanhi-Madrid, s\u00e1bado 11-III-1933.<\/p>\n<p style=\"text-align: center\"><img data-recalc-dims=\"1\" loading=\"lazy\" decoding=\"async\" class=\"aligncenter size-thumbnail wp-image-60806\" src=\"https:\/\/i0.wp.com\/www.manquepierda.com\/historiarealbetis\/files\/2017\/08\/19330305-ABCmadrid-Serrano.jpg?resize=220%2C139&#038;ssl=1\" alt=\"\" width=\"220\" height=\"139\" srcset=\"https:\/\/i0.wp.com\/www.manquepierda.com\/historiarealbetis\/files\/2017\/08\/19330305-ABCmadrid-Serrano.jpg?resize=220%2C139&amp;ssl=1 220w, https:\/\/i0.wp.com\/www.manquepierda.com\/historiarealbetis\/files\/2017\/08\/19330305-ABCmadrid-Serrano.jpg?resize=680%2C428&amp;ssl=1 680w, https:\/\/i0.wp.com\/www.manquepierda.com\/historiarealbetis\/files\/2017\/08\/19330305-ABCmadrid-Serrano.jpg?resize=768%2C484&amp;ssl=1 768w, https:\/\/i0.wp.com\/www.manquepierda.com\/historiarealbetis\/files\/2017\/08\/19330305-ABCmadrid-Serrano.jpg?resize=960%2C605&amp;ssl=1 960w\" sizes=\"auto, (max-width: 220px) 100vw, 220px\" \/><\/p>\n<p><em>\u00abSEVILLA.-Una parada del portero del Racing en el partido jugado con el Betis\u00bb-<\/em>Foto Serrano-ABC-Madrid 19330307-Martes.<\/p>\n<p>13.-37-90 Minutos.-Paulino J\u00c1UREGUI Ugarte <em><strong>(3\u00a0 goles encajados).<\/strong><\/em><\/p>\n<p>2-Francisco HERN\u00c1NDEZ Gal\u00e1n.-3-Fernando CEBALLOS S\u00e1ez.-<em>\u00abSe retir\u00f3 despu\u00e9s de minuto 77, con una costilla fracturada\u00bb.<\/em><\/p>\n<p style=\"text-align: left\">4-Manuel IBARRA Echano.-5-\u00d3SCAR Rodr\u00edguez L\u00f3pez.-6-<strong>Rufino Fern\u00e1ndez De LARRINOA Magunaurrekoetxea.<\/strong><\/p>\n<p>7-SANTIago Zubieta Redondo.-8-Jos\u00e9 Antonio LOREDO \u00c1lvarez.<\/p>\n<p style=\"text-align: center\"><img data-recalc-dims=\"1\" loading=\"lazy\" decoding=\"async\" class=\"aligncenter size-full wp-image-60803\" src=\"https:\/\/i0.wp.com\/www.manquepierda.com\/historiarealbetis\/files\/2017\/08\/Telete.jpg?resize=81%2C111&#038;ssl=1\" alt=\"\" width=\"81\" height=\"111\" \/><\/p>\n<p>9-Clemente Gonz\u00e1lez San Esteban (a) \u00abTELETE\u00bb: <strong>0-2.-17 minutos: \u00abCisco\u00bbcentr\u00f3 el esf\u00e9rico, Urquiaga hizo una salida en falso, y el ariete bate al arquero b\u00e9tico\u00bb.<\/strong><\/p>\n<p style=\"text-align: center\"><img data-recalc-dims=\"1\" loading=\"lazy\" decoding=\"async\" class=\"aligncenter size-thumbnail wp-image-60802\" src=\"https:\/\/i0.wp.com\/www.manquepierda.com\/historiarealbetis\/files\/2017\/08\/ele.jpg?resize=142%2C220&#038;ssl=1\" alt=\"\" width=\"142\" height=\"220\" srcset=\"https:\/\/i0.wp.com\/www.manquepierda.com\/historiarealbetis\/files\/2017\/08\/ele.jpg?resize=142%2C220&amp;ssl=1 142w, https:\/\/i0.wp.com\/www.manquepierda.com\/historiarealbetis\/files\/2017\/08\/ele.jpg?w=297&amp;ssl=1 297w\" sizes=\"auto, (max-width: 142px) 100vw, 142px\" \/><\/p>\n<p>10-Enrique LARRINAGA Esnal: <strong>0-1.-12 minutos.-\u00ab<em>Roberto Mart\u00edn rechaza flojo un pelot\u00f3n y puso el cuero a los pies de Enrique, que con facilidad bate a Urquiaga\u00bb.<\/em><\/strong><\/p>\n<p>11-Francisco Goenechea Aguirrebengoa (a) \u00abCISCO\u00bb.<\/p>\n<p style=\"text-align: center\"><img data-recalc-dims=\"1\" loading=\"lazy\" decoding=\"async\" class=\"aligncenter size-medium wp-image-60805\" src=\"https:\/\/i0.wp.com\/www.manquepierda.com\/historiarealbetis\/files\/2017\/08\/19330305-NuevoMundo-Serrano.jpg?resize=680%2C395&#038;ssl=1\" alt=\"\" width=\"680\" height=\"395\" srcset=\"https:\/\/i0.wp.com\/www.manquepierda.com\/historiarealbetis\/files\/2017\/08\/19330305-NuevoMundo-Serrano.jpg?resize=680%2C395&amp;ssl=1 680w, https:\/\/i0.wp.com\/www.manquepierda.com\/historiarealbetis\/files\/2017\/08\/19330305-NuevoMundo-Serrano.jpg?resize=220%2C128&amp;ssl=1 220w, https:\/\/i0.wp.com\/www.manquepierda.com\/historiarealbetis\/files\/2017\/08\/19330305-NuevoMundo-Serrano.jpg?resize=768%2C447&amp;ssl=1 768w, https:\/\/i0.wp.com\/www.manquepierda.com\/historiarealbetis\/files\/2017\/08\/19330305-NuevoMundo-Serrano.jpg?resize=960%2C558&amp;ssl=1 960w, https:\/\/i0.wp.com\/www.manquepierda.com\/historiarealbetis\/files\/2017\/08\/19330305-NuevoMundo-Serrano.jpg?w=2026&amp;ssl=1 2026w\" sizes=\"auto, (max-width: 680px) 100vw, 680px\" \/><\/p>\n<p>Foto Serrano-\u00abNuevo Mundo\u00bbMadrid.<\/p>\n<p style=\"text-align: center\"><img data-recalc-dims=\"1\" loading=\"lazy\" decoding=\"async\" class=\"aligncenter size-large wp-image-60856\" src=\"https:\/\/i0.wp.com\/www.manquepierda.com\/historiarealbetis\/files\/2017\/08\/19330313-AS-Gonsanhi-BB3rcs2.jpg?resize=866%2C700&#038;ssl=1\" alt=\"\" width=\"866\" height=\"700\" srcset=\"https:\/\/i0.wp.com\/www.manquepierda.com\/historiarealbetis\/files\/2017\/08\/19330313-AS-Gonsanhi-BB3rcs2.jpg?resize=866%2C700&amp;ssl=1 866w, https:\/\/i0.wp.com\/www.manquepierda.com\/historiarealbetis\/files\/2017\/08\/19330313-AS-Gonsanhi-BB3rcs2.jpg?resize=220%2C178&amp;ssl=1 220w, https:\/\/i0.wp.com\/www.manquepierda.com\/historiarealbetis\/files\/2017\/08\/19330313-AS-Gonsanhi-BB3rcs2.jpg?resize=680%2C549&amp;ssl=1 680w, https:\/\/i0.wp.com\/www.manquepierda.com\/historiarealbetis\/files\/2017\/08\/19330313-AS-Gonsanhi-BB3rcs2.jpg?resize=768%2C620&amp;ssl=1 768w, https:\/\/i0.wp.com\/www.manquepierda.com\/historiarealbetis\/files\/2017\/08\/19330313-AS-Gonsanhi-BB3rcs2.jpg?w=1416&amp;ssl=1 1416w\" sizes=\"auto, (max-width: 866px) 100vw, 866px\" \/><\/p>\n<p>\u00abAS\u00bb-Revista Semanal Deportiva de Editorial \u00abEstampa\u00bb-Madrid-19330312-Lunes.-Foto Gonsanhi: \u00abEL ACCIDENTADO MATCH BETIS BALOMPI\u00c9-RACING CLUB SANTANDER\u00bb.<\/p>\n<p>&nbsp;<\/p>\n<p>&nbsp;<\/p>\n<p>&nbsp;<\/p>\n","protected":false},"excerpt":{"rendered":"<p>\u00abEn Sevilla fue domingo de pi\u00f1ata y di\u00f3 lugar \u00e1 la p\u00fablica expansi\u00f3n. Cerr\u00f3 el Carnaval con la fiesta del Ateneo en el Casino de la Exposici\u00f3n. Por la tarde la colonia monta\u00f1esa, en el pabell\u00f3n que en la Avenida de Portugal tiene instalado la \u00abCasa de Castilla y Le\u00f3n\u00bb, celebr\u00f3 el chato que en&#8230;<\/p>\n","protected":false},"author":48,"featured_media":60781,"comment_status":"open","ping_status":"open","sticky":false,"template":"","format":"standard","meta":{"_kad_post_transparent":"","_kad_post_title":"","_kad_post_layout":"","_kad_post_sidebar_id":"","_kad_post_content_style":"","_kad_post_vertical_padding":"","_kad_post_feature":"","_kad_post_feature_position":"","_kad_post_header":false,"_kad_post_footer":false,"_kad_post_classname":"","_jetpack_memberships_contains_paid_content":false,"footnotes":"","jetpack_publicize_message":"","jetpack_publicize_feature_enabled":true,"jetpack_social_post_already_shared":true,"jetpack_social_options":{"image_generator_settings":{"template":"highway","default_image_id":0,"font":"","enabled":false},"version":2}},"categories":[899,1],"tags":[2575,1537,17886,11766],"class_list":["post-60780","post","type-post","status-publish","format-standard","has-post-thumbnail","hentry","category-1930-1939","category-portada","tag-1932-33","tag-1537","tag-liga-primera-1932-33","tag-real-racing-club-santander"],"jetpack_publicize_connections":[],"jetpack_featured_media_url":"https:\/\/i0.wp.com\/www.manquepierda.com\/historiarealbetis\/files\/2017\/08\/19330305MG-Serrano.jpg?fit=768%2C1255&ssl=1","jetpack_sharing_enabled":true,"jetpack_shortlink":"https:\/\/wp.me\/p1ij08-fOk","jetpack-related-posts":[],"_links":{"self":[{"href":"https:\/\/www.manquepierda.com\/historiarealbetis\/wp-json\/wp\/v2\/posts\/60780","targetHints":{"allow":["GET"]}}],"collection":[{"href":"https:\/\/www.manquepierda.com\/historiarealbetis\/wp-json\/wp\/v2\/posts"}],"about":[{"href":"https:\/\/www.manquepierda.com\/historiarealbetis\/wp-json\/wp\/v2\/types\/post"}],"author":[{"embeddable":true,"href":"https:\/\/www.manquepierda.com\/historiarealbetis\/wp-json\/wp\/v2\/users\/48"}],"replies":[{"embeddable":true,"href":"https:\/\/www.manquepierda.com\/historiarealbetis\/wp-json\/wp\/v2\/comments?post=60780"}],"version-history":[{"count":1,"href":"https:\/\/www.manquepierda.com\/historiarealbetis\/wp-json\/wp\/v2\/posts\/60780\/revisions"}],"predecessor-version":[{"id":96142,"href":"https:\/\/www.manquepierda.com\/historiarealbetis\/wp-json\/wp\/v2\/posts\/60780\/revisions\/96142"}],"wp:featuredmedia":[{"embeddable":true,"href":"https:\/\/www.manquepierda.com\/historiarealbetis\/wp-json\/wp\/v2\/media\/60781"}],"wp:attachment":[{"href":"https:\/\/www.manquepierda.com\/historiarealbetis\/wp-json\/wp\/v2\/media?parent=60780"}],"wp:term":[{"taxonomy":"category","embeddable":true,"href":"https:\/\/www.manquepierda.com\/historiarealbetis\/wp-json\/wp\/v2\/categories?post=60780"},{"taxonomy":"post_tag","embeddable":true,"href":"https:\/\/www.manquepierda.com\/historiarealbetis\/wp-json\/wp\/v2\/tags?post=60780"}],"curies":[{"name":"wp","href":"https:\/\/api.w.org\/{rel}","templated":true}]}}