{"id":60860,"date":"2017-09-02T15:27:32","date_gmt":"2017-09-02T13:27:32","guid":{"rendered":"http:\/\/www.manquepierda.com\/historiarealbetis\/?p=60860"},"modified":"2024-09-01T12:31:58","modified_gmt":"2024-09-01T10:31:58","slug":"1933-marzo-12-amistoso-racing-club-cordoba-2-betis-balompie-reserva-3-recortes-prensa","status":"publish","type":"post","link":"https:\/\/www.manquepierda.com\/historiarealbetis\/1933-marzo-12-amistoso-racing-club-cordoba-2-betis-balompie-reserva-3-recortes-prensa\/","title":{"rendered":"1933-Marzo 12-Amistoso.-Racing Club C\u00f3rdoba-2 Betis Balompi\u00e9-Reserva-3.-Recortes Prensa."},"content":{"rendered":"<p><strong>1933-MARZO 12-DOMINGO 16&#8217;00 HORAS-STADIUM AMERICA-ENCUENTRO AMISTOSO.-<\/strong><em>\u00abAlfonso Villodres, del Colegio de \u00c1rbitro de la Agrupaci\u00f3n Sur de Clubes No Federados, result\u00f3 un arbitraje muy lucido\u00bb.<\/em><\/p>\n<p style=\"text-align: center\"><img data-recalc-dims=\"1\" loading=\"lazy\" decoding=\"async\" class=\"aligncenter size-full wp-image-60901\" src=\"https:\/\/i0.wp.com\/www.manquepierda.com\/historiarealbetis\/files\/2017\/09\/19330312C%C3%B3rdobaStadiumAm%C3%A9rica.jpg?resize=729%2C455&#038;ssl=1\" alt=\"\" width=\"729\" height=\"455\" srcset=\"https:\/\/i0.wp.com\/www.manquepierda.com\/historiarealbetis\/files\/2017\/09\/19330312C%C3%B3rdobaStadiumAm%C3%A9rica.jpg?w=729&amp;ssl=1 729w, https:\/\/i0.wp.com\/www.manquepierda.com\/historiarealbetis\/files\/2017\/09\/19330312C%C3%B3rdobaStadiumAm%C3%A9rica.jpg?resize=220%2C137&amp;ssl=1 220w, https:\/\/i0.wp.com\/www.manquepierda.com\/historiarealbetis\/files\/2017\/09\/19330312C%C3%B3rdobaStadiumAm%C3%A9rica.jpg?resize=680%2C424&amp;ssl=1 680w, https:\/\/i0.wp.com\/www.manquepierda.com\/historiarealbetis\/files\/2017\/09\/19330312C%C3%B3rdobaStadiumAm%C3%A9rica.jpg?resize=400%2C250&amp;ssl=1 400w\" sizes=\"auto, (max-width: 729px) 100vw, 729px\" \/><\/p>\n<p><em>\u00abEl domingo se celebr\u00f3 en el \u00abStadium Am\u00e9rica\u00bb, <strong>el anunciado partido entre el reserva del Betis Balompi\u00e9, de Sevilla <\/strong>y el primer grupo del C\u00f3rdoba Racing Club.<\/em><\/p>\n<p><em>Tras de un partido poco lucido, \u00e1 consecuencia, principalmente, del mal estado del terreno de juego, <strong>el resultado fue favorable al Betis por tres tantos \u00e1 uno.<\/strong><\/em><\/p>\n<p><em>Los forasteros hicieron bien poco por agradar al p\u00fablico. <strong>Solo su portero Espinosa se esforz\u00f3 algo, <\/strong>y porque \u00e1 ello le obligaron los tiros de nuestra delantera.<\/em><\/p>\n<p><em>\u00abGan\u00f3 el encuentro el que tuvo m\u00e1s suerte y no el que jug\u00f3 m\u00e1s\u00bb.<\/em><\/p>\n<p style=\"text-align: center\"><img data-recalc-dims=\"1\" loading=\"lazy\" decoding=\"async\" class=\"aligncenter size-full wp-image-60862\" src=\"https:\/\/i0.wp.com\/www.manquepierda.com\/historiarealbetis\/files\/2017\/09\/1932-RBB-1.jpg?resize=154%2C154&#038;ssl=1\" alt=\"\" width=\"154\" height=\"154\" \/><\/p>\n<p style=\"text-align: left\"><strong>Reserva BETIS BALOMPI\u00c9-3 Goles: <\/strong><em><strong>Se debieron \u00e1: \u00abRocasolano I\u00bb (2) y \u00abRocasolano II\u00bb (1).<\/strong><\/em><\/p>\n<p style=\"text-align: center\"><img data-recalc-dims=\"1\" loading=\"lazy\" decoding=\"async\" class=\"aligncenter size-thumbnail wp-image-60865\" src=\"https:\/\/i0.wp.com\/www.manquepierda.com\/historiarealbetis\/files\/2017\/09\/Jos%C3%A9-Lu%C3%ADs-ESPINOSA-Pach%C3%B3n.jpg?resize=135%2C220&#038;ssl=1\" alt=\"\" width=\"135\" height=\"220\" srcset=\"https:\/\/i0.wp.com\/www.manquepierda.com\/historiarealbetis\/files\/2017\/09\/Jos%C3%A9-Lu%C3%ADs-ESPINOSA-Pach%C3%B3n.jpg?resize=135%2C220&amp;ssl=1 135w, https:\/\/i0.wp.com\/www.manquepierda.com\/historiarealbetis\/files\/2017\/09\/Jos%C3%A9-Lu%C3%ADs-ESPINOSA-Pach%C3%B3n.jpg?w=356&amp;ssl=1 356w\" sizes=\"auto, (max-width: 135px) 100vw, 135px\" \/><\/p>\n<p><strong>1-(2 tantos encajados).-Jos\u00e9 Lu\u00eds ESPINOSA Pach\u00f3n.<\/strong><\/p>\n<p><strong>2-FERNANDO.<\/strong><\/p>\n<p style=\"text-align: center\"><img data-recalc-dims=\"1\" loading=\"lazy\" decoding=\"async\" class=\"aligncenter size-full wp-image-60897\" src=\"https:\/\/i0.wp.com\/www.manquepierda.com\/historiarealbetis\/files\/2017\/09\/Jos%C3%A9-Lu%C3%ADs-Conde-C%C3%A1rdenas.jpg?resize=102%2C157&#038;ssl=1\" alt=\"\" width=\"102\" height=\"157\" \/><\/p>\n<p><strong>3-Jos\u00e9 Lu\u00eds CONDE C\u00e1rdenas.<\/strong><\/p>\n<p><strong>4-MOR\u00d3N.<\/strong><\/p>\n<p style=\"text-align: center\"><img data-recalc-dims=\"1\" loading=\"lazy\" decoding=\"async\" class=\"aligncenter size-full wp-image-60893\" src=\"https:\/\/i0.wp.com\/www.manquepierda.com\/historiarealbetis\/files\/2017\/09\/Salvador-SOLER-Branchart.jpg?resize=91%2C144&#038;ssl=1\" alt=\"\" width=\"91\" height=\"144\" \/><\/p>\n<p><strong>5-Salvador SOL\u00c9 Branchart.<\/strong><\/p>\n<p style=\"text-align: center\"><img data-recalc-dims=\"1\" loading=\"lazy\" decoding=\"async\" class=\"aligncenter size-thumbnail wp-image-60894\" src=\"https:\/\/i0.wp.com\/www.manquepierda.com\/historiarealbetis\/files\/2017\/09\/Manuel-TORRES-Arag%C3%B3n-1.jpeg?resize=121%2C220&#038;ssl=1\" alt=\"\" width=\"121\" height=\"220\" srcset=\"https:\/\/i0.wp.com\/www.manquepierda.com\/historiarealbetis\/files\/2017\/09\/Manuel-TORRES-Arag%C3%B3n-1.jpeg?resize=121%2C220&amp;ssl=1 121w, https:\/\/i0.wp.com\/www.manquepierda.com\/historiarealbetis\/files\/2017\/09\/Manuel-TORRES-Arag%C3%B3n-1.jpeg?w=166&amp;ssl=1 166w\" sizes=\"auto, (max-width: 121px) 100vw, 121px\" \/><\/p>\n<p><strong>6-Manuel TORRES Arag\u00f3n.<\/strong><\/p>\n<p><strong>7-ALMOD\u00d3VAR.<\/strong><\/p>\n<p style=\"text-align: center\"><img data-recalc-dims=\"1\" loading=\"lazy\" decoding=\"async\" class=\"aligncenter size-thumbnail wp-image-60902\" src=\"https:\/\/i0.wp.com\/www.manquepierda.com\/historiarealbetis\/files\/2017\/09\/Blas-Rocasolano.jpg?resize=220%2C147&#038;ssl=1\" alt=\"\" width=\"220\" height=\"147\" srcset=\"https:\/\/i0.wp.com\/www.manquepierda.com\/historiarealbetis\/files\/2017\/09\/Blas-Rocasolano.jpg?resize=220%2C147&amp;ssl=1 220w, https:\/\/i0.wp.com\/www.manquepierda.com\/historiarealbetis\/files\/2017\/09\/Blas-Rocasolano.jpg?w=520&amp;ssl=1 520w\" sizes=\"auto, (max-width: 220px) 100vw, 220px\" \/><\/p>\n<p style=\"text-align: center\">Imagen cortes\u00eda de Rafael Delgado Medina \u00abBeticista\u00bb.<\/p>\n<p><strong>8-BLAS Rocasolano Camacho (a) \u00abROCASOLANO I\u00bb (<em>2-1.-Antes de finalizar el primer tiempo, en una magn\u00edfica jugada bati\u00f3 \u00e1 Tabales\u00bb*<\/em><br \/>\n<\/strong><\/p>\n<p style=\"text-align: center\"><img data-recalc-dims=\"1\" loading=\"lazy\" decoding=\"async\" class=\"aligncenter size-thumbnail wp-image-60899\" src=\"https:\/\/i0.wp.com\/www.manquepierda.com\/historiarealbetis\/files\/2017\/09\/PAQUIRRI-Francisco-Gonz%C3%A1lez-Rodr%C3%ADguez-01.jpg?resize=120%2C220&#038;ssl=1\" alt=\"\" width=\"120\" height=\"220\" \/><\/p>\n<p><strong>9-Francisco Gonz\u00e1lez Rodr\u00edguez (a) \u00abPAQUIRRI\u00bb.<\/strong><\/p>\n<p style=\"text-align: center\"><img data-recalc-dims=\"1\" loading=\"lazy\" decoding=\"async\" class=\"aligncenter size-full wp-image-60895\" src=\"https:\/\/i0.wp.com\/www.manquepierda.com\/historiarealbetis\/files\/2017\/09\/ROCASOLANO-II-Juan-Rocasolano-Camacho.jpg?resize=82%2C106&#038;ssl=1\" alt=\"\" width=\"82\" height=\"106\" \/><\/p>\n<p><strong>10-JUAN Rocasolano Camacho (a) \u00abROCASOLANO II\u00bb <em>(2-2 y 2-3.-Segundo tiempo<\/em><br \/>\n<\/strong><\/p>\n<p style=\"text-align: center\"><img data-recalc-dims=\"1\" loading=\"lazy\" decoding=\"async\" class=\"aligncenter size-thumbnail wp-image-60896\" src=\"https:\/\/i0.wp.com\/www.manquepierda.com\/historiarealbetis\/files\/2017\/09\/Jos%C3%A9-VALERA-Nocera-01.jpg?resize=140%2C220&#038;ssl=1\" alt=\"\" width=\"140\" height=\"220\" \/><\/p>\n<p><strong>11-Jos\u00e9 VARELA Nocera.<\/strong><\/p>\n<p style=\"text-align: center\">Vs.<\/p>\n<p><em>\u00abEl Racing se limit\u00f3 tambi\u00e9n \u00e1 cumplir. Los debutantes Herrera y Romero, este \u00faltimo del Betis, no hicieron gran cosa. Sin embargo, se le vieron destellos de jugadores de gran clase.<\/em><\/p>\n<p style=\"text-align: center\"><img data-recalc-dims=\"1\" loading=\"lazy\" decoding=\"async\" class=\"aligncenter size-thumbnail wp-image-60863\" src=\"https:\/\/i0.wp.com\/www.manquepierda.com\/historiarealbetis\/files\/2017\/09\/RacingCO.png?resize=164%2C220&#038;ssl=1\" alt=\"\" width=\"164\" height=\"220\" srcset=\"https:\/\/i0.wp.com\/www.manquepierda.com\/historiarealbetis\/files\/2017\/09\/RacingCO.png?resize=164%2C220&amp;ssl=1 164w, https:\/\/i0.wp.com\/www.manquepierda.com\/historiarealbetis\/files\/2017\/09\/RacingCO.png?w=191&amp;ssl=1 191w\" sizes=\"auto, (max-width: 164px) 100vw, 164px\" \/><\/p>\n<p style=\"text-align: left\">C\u00d3RDOBA R\u00c1CING CLUB-2 Tantos: <em>\u00abConseguidos \u00e1 los diez minutos de dar comienzo el juego, fueron ejecutados por P\u00e9rez y Andrade\u00bb.<\/em><\/p>\n<p style=\"text-align: center\"><img data-recalc-dims=\"1\" loading=\"lazy\" decoding=\"async\" class=\"aligncenter size-thumbnail wp-image-60864\" src=\"https:\/\/i0.wp.com\/www.manquepierda.com\/historiarealbetis\/files\/2017\/09\/FTP.jpg?resize=152%2C220&#038;ssl=1\" alt=\"\" width=\"152\" height=\"220\" srcset=\"https:\/\/i0.wp.com\/www.manquepierda.com\/historiarealbetis\/files\/2017\/09\/FTP.jpg?resize=152%2C220&amp;ssl=1 152w, https:\/\/i0.wp.com\/www.manquepierda.com\/historiarealbetis\/files\/2017\/09\/FTP.jpg?w=230&amp;ssl=1 230w\" sizes=\"auto, (max-width: 152px) 100vw, 152px\" \/><\/p>\n<p>1-<strong>(3 goles encajados)-<\/strong>Fernando TABALES Prieto.<\/p>\n<p>2-MONGE.-3-GIM\u00c9NEZ.<\/p>\n<p>4-PRIEGO.-5-ADORNA.-6-ANICETO.<\/p>\n<p style=\"text-align: center\"><img data-recalc-dims=\"1\" loading=\"lazy\" decoding=\"async\" class=\"aligncenter size-thumbnail wp-image-60900\" src=\"https:\/\/i0.wp.com\/www.manquepierda.com\/historiarealbetis\/files\/2017\/09\/ROMERITO-Antonio-Romero-Rodr%C3%ADguez.jpg?resize=126%2C220&#038;ssl=1\" alt=\"\" width=\"126\" height=\"220\" \/><\/p>\n<p>7-<strong>Antonio ROMERO Rodr\u00edguez (a) \u00abROMERITO\u00bb<br \/>\n<\/strong><\/p>\n<p>8-BAENA.-9-P\u00c9REZ (1-0.-De un buen tiro).-10-HERRERA.-11-ANDRADE (2-0.-De penalti).<\/p>\n<p>Fuentes:<\/p>\n<p>\u00abCORDOBA DEPORTIVA\u00bb.-Revista Semanal de Deportes y Espect\u00e1culos.<\/p>\n<p>\u00abDIARIO DE C\u00d3RDOBA\u00bb-De Comercio, Industria, Administraci\u00f3n, Noticias y Avisos.<\/p>\n<p>\u00abEL SUR\u00bb-diario de la tarde.-C\u00f3rdoba, s\u00e1bado 11-III-1933.-Carteler\u00eda.<\/p>\n<p>&nbsp;<\/p>\n","protected":false},"excerpt":{"rendered":"<p>1933-MARZO 12-DOMINGO 16&#8217;00 HORAS-STADIUM AMERICA-ENCUENTRO AMISTOSO.-\u00abAlfonso Villodres, del Colegio de \u00c1rbitro de la Agrupaci\u00f3n Sur de Clubes No Federados, result\u00f3 un arbitraje muy lucido\u00bb. \u00abEl domingo se celebr\u00f3 en el \u00abStadium Am\u00e9rica\u00bb, el anunciado partido entre el reserva del Betis Balompi\u00e9, de Sevilla y el primer grupo del C\u00f3rdoba Racing Club. Tras de un partido&#8230;<\/p>\n","protected":false},"author":48,"featured_media":60901,"comment_status":"open","ping_status":"open","sticky":false,"template":"","format":"standard","meta":{"_kad_post_transparent":"","_kad_post_title":"","_kad_post_layout":"","_kad_post_sidebar_id":"","_kad_post_content_style":"","_kad_post_vertical_padding":"","_kad_post_feature":"","_kad_post_feature_position":"","_kad_post_header":false,"_kad_post_footer":false,"_kad_post_classname":"","_jetpack_memberships_contains_paid_content":false,"footnotes":"","jetpack_publicize_message":"","jetpack_publicize_feature_enabled":true,"jetpack_social_post_already_shared":true,"jetpack_social_options":{"image_generator_settings":{"template":"highway","default_image_id":0,"font":"","enabled":false},"version":2}},"categories":[899,1],"tags":[2575,1537,17733],"class_list":["post-60860","post","type-post","status-publish","format-standard","has-post-thumbnail","hentry","category-1930-1939","category-portada","tag-1932-33","tag-1537","tag-racing-club-cordoba"],"jetpack_publicize_connections":[],"jetpack_featured_media_url":"https:\/\/i0.wp.com\/www.manquepierda.com\/historiarealbetis\/files\/2017\/09\/19330312C%C3%B3rdobaStadiumAm%C3%A9rica.jpg?fit=729%2C455&ssl=1","jetpack_sharing_enabled":true,"jetpack_shortlink":"https:\/\/wp.me\/p1ij08-fPC","jetpack-related-posts":[],"_links":{"self":[{"href":"https:\/\/www.manquepierda.com\/historiarealbetis\/wp-json\/wp\/v2\/posts\/60860","targetHints":{"allow":["GET"]}}],"collection":[{"href":"https:\/\/www.manquepierda.com\/historiarealbetis\/wp-json\/wp\/v2\/posts"}],"about":[{"href":"https:\/\/www.manquepierda.com\/historiarealbetis\/wp-json\/wp\/v2\/types\/post"}],"author":[{"embeddable":true,"href":"https:\/\/www.manquepierda.com\/historiarealbetis\/wp-json\/wp\/v2\/users\/48"}],"replies":[{"embeddable":true,"href":"https:\/\/www.manquepierda.com\/historiarealbetis\/wp-json\/wp\/v2\/comments?post=60860"}],"version-history":[{"count":1,"href":"https:\/\/www.manquepierda.com\/historiarealbetis\/wp-json\/wp\/v2\/posts\/60860\/revisions"}],"predecessor-version":[{"id":98429,"href":"https:\/\/www.manquepierda.com\/historiarealbetis\/wp-json\/wp\/v2\/posts\/60860\/revisions\/98429"}],"wp:featuredmedia":[{"embeddable":true,"href":"https:\/\/www.manquepierda.com\/historiarealbetis\/wp-json\/wp\/v2\/media\/60901"}],"wp:attachment":[{"href":"https:\/\/www.manquepierda.com\/historiarealbetis\/wp-json\/wp\/v2\/media?parent=60860"}],"wp:term":[{"taxonomy":"category","embeddable":true,"href":"https:\/\/www.manquepierda.com\/historiarealbetis\/wp-json\/wp\/v2\/categories?post=60860"},{"taxonomy":"post_tag","embeddable":true,"href":"https:\/\/www.manquepierda.com\/historiarealbetis\/wp-json\/wp\/v2\/tags?post=60860"}],"curies":[{"name":"wp","href":"https:\/\/api.w.org\/{rel}","templated":true}]}}