{"id":60930,"date":"2023-09-10T11:00:00","date_gmt":"2023-09-10T09:00:00","guid":{"rendered":"http:\/\/www.manquepierda.com\/historiarealbetis\/?p=60930"},"modified":"2023-08-23T15:16:27","modified_gmt":"2023-08-23T13:16:27","slug":"hoy-89-anos-5","status":"publish","type":"post","link":"https:\/\/www.manquepierda.com\/historiarealbetis\/hoy-89-anos-5\/","title":{"rendered":"Hoy hace 95 a\u00f1os. Nace Manuel Regatero."},"content":{"rendered":"<p><a href=\"https:\/\/i0.wp.com\/www.manquepierda.com\/historiarealbetis\/files\/2017\/09\/10-1928-Nace-Manuel-Regatero.jpg?ssl=1\"><img data-recalc-dims=\"1\" loading=\"lazy\" decoding=\"async\" class=\"aligncenter size-full wp-image-60931\" src=\"https:\/\/i0.wp.com\/www.manquepierda.com\/historiarealbetis\/files\/2017\/09\/10-1928-Nace-Manuel-Regatero.jpg?resize=292%2C423&#038;ssl=1\" alt=\"\" width=\"292\" height=\"423\" srcset=\"https:\/\/i0.wp.com\/www.manquepierda.com\/historiarealbetis\/files\/2017\/09\/10-1928-Nace-Manuel-Regatero.jpg?w=292&amp;ssl=1 292w, https:\/\/i0.wp.com\/www.manquepierda.com\/historiarealbetis\/files\/2017\/09\/10-1928-Nace-Manuel-Regatero.jpg?resize=152%2C220&amp;ssl=1 152w\" sizes=\"auto, (max-width: 292px) 100vw, 292px\" \/><\/a><\/p>\n<p><span style=\"color: #008000\">El 10 de septiembre de 1928 nace en la localidad sevillana de Gelves Manuel Regatero Sim\u00f3n, quien fuera jugador del Real Betis Balompi\u00e9 entre los a\u00f1os 1949 y 1952, y al que lleg\u00f3 procedente del Cros de San Juan de Aznalfarache.<\/span><\/p>\n<p><span style=\"color: #008000\">En sus 3 temporadas en el Betis Regatero disput\u00f3 24 partidos oficiales, en los que marc\u00f3 16 goles.\u00a0<\/span><\/p>\n","protected":false},"excerpt":{"rendered":"<p>El 10 de septiembre de 1928 nace en la localidad sevillana de Gelves Manuel Regatero Sim\u00f3n, quien fuera jugador del Real Betis Balompi\u00e9 entre los a\u00f1os 1949 y 1952, y al que lleg\u00f3 procedente del Cros de San Juan de Aznalfarache. En sus 3 temporadas en el Betis Regatero disput\u00f3 24 partidos oficiales, en los&#8230;<\/p>\n","protected":false},"author":5,"featured_media":60931,"comment_status":"open","ping_status":"open","sticky":false,"template":"","format":"standard","meta":{"_kad_post_transparent":"","_kad_post_title":"","_kad_post_layout":"","_kad_post_sidebar_id":"","_kad_post_content_style":"","_kad_post_vertical_padding":"","_kad_post_feature":"","_kad_post_feature_position":"","_kad_post_header":false,"_kad_post_footer":false,"_kad_post_classname":"","_jetpack_memberships_contains_paid_content":false,"footnotes":"","jetpack_publicize_message":"","jetpack_publicize_feature_enabled":true,"jetpack_social_post_already_shared":true,"jetpack_social_options":{"image_generator_settings":{"template":"highway","default_image_id":0,"font":"","enabled":false},"version":2}},"categories":[898,14583,1],"tags":[16328],"class_list":["post-60930","post","type-post","status-publish","format-standard","has-post-thumbnail","hentry","category-1920-1929","category-efemerides","category-portada","tag-manuel-regatero"],"jetpack_publicize_connections":[],"jetpack_featured_media_url":"https:\/\/i0.wp.com\/www.manquepierda.com\/historiarealbetis\/files\/2017\/09\/10-1928-Nace-Manuel-Regatero.jpg?fit=292%2C423&ssl=1","jetpack_sharing_enabled":true,"jetpack_shortlink":"https:\/\/wp.me\/p1ij08-fQK","jetpack-related-posts":[],"_links":{"self":[{"href":"https:\/\/www.manquepierda.com\/historiarealbetis\/wp-json\/wp\/v2\/posts\/60930","targetHints":{"allow":["GET"]}}],"collection":[{"href":"https:\/\/www.manquepierda.com\/historiarealbetis\/wp-json\/wp\/v2\/posts"}],"about":[{"href":"https:\/\/www.manquepierda.com\/historiarealbetis\/wp-json\/wp\/v2\/types\/post"}],"author":[{"embeddable":true,"href":"https:\/\/www.manquepierda.com\/historiarealbetis\/wp-json\/wp\/v2\/users\/5"}],"replies":[{"embeddable":true,"href":"https:\/\/www.manquepierda.com\/historiarealbetis\/wp-json\/wp\/v2\/comments?post=60930"}],"version-history":[{"count":2,"href":"https:\/\/www.manquepierda.com\/historiarealbetis\/wp-json\/wp\/v2\/posts\/60930\/revisions"}],"predecessor-version":[{"id":90530,"href":"https:\/\/www.manquepierda.com\/historiarealbetis\/wp-json\/wp\/v2\/posts\/60930\/revisions\/90530"}],"wp:featuredmedia":[{"embeddable":true,"href":"https:\/\/www.manquepierda.com\/historiarealbetis\/wp-json\/wp\/v2\/media\/60931"}],"wp:attachment":[{"href":"https:\/\/www.manquepierda.com\/historiarealbetis\/wp-json\/wp\/v2\/media?parent=60930"}],"wp:term":[{"taxonomy":"category","embeddable":true,"href":"https:\/\/www.manquepierda.com\/historiarealbetis\/wp-json\/wp\/v2\/categories?post=60930"},{"taxonomy":"post_tag","embeddable":true,"href":"https:\/\/www.manquepierda.com\/historiarealbetis\/wp-json\/wp\/v2\/tags?post=60930"}],"curies":[{"name":"wp","href":"https:\/\/api.w.org\/{rel}","templated":true}]}}