{"id":60935,"date":"2017-09-08T07:35:21","date_gmt":"2017-09-08T05:35:21","guid":{"rendered":"http:\/\/www.manquepierda.com\/historiarealbetis\/?p=60935"},"modified":"2024-08-12T11:18:56","modified_gmt":"2024-08-12T09:18:56","slug":"villarreal-betis-liga-1999","status":"publish","type":"post","link":"https:\/\/www.manquepierda.com\/historiarealbetis\/villarreal-betis-liga-1999\/","title":{"rendered":"Villarreal-Betis Liga 1999"},"content":{"rendered":"<p><a href=\"https:\/\/i0.wp.com\/www.manquepierda.com\/historiarealbetis\/files\/2017\/09\/Villarreal-Betis-Liga-1999.jpg?ssl=1\"><img data-recalc-dims=\"1\" loading=\"lazy\" decoding=\"async\" class=\"aligncenter size-medium wp-image-60936\" src=\"https:\/\/i0.wp.com\/www.manquepierda.com\/historiarealbetis\/files\/2017\/09\/Villarreal-Betis-Liga-1999.jpg?resize=680%2C448&#038;ssl=1\" alt=\"\" width=\"680\" height=\"448\" srcset=\"https:\/\/i0.wp.com\/www.manquepierda.com\/historiarealbetis\/files\/2017\/09\/Villarreal-Betis-Liga-1999.jpg?resize=680%2C448&amp;ssl=1 680w, https:\/\/i0.wp.com\/www.manquepierda.com\/historiarealbetis\/files\/2017\/09\/Villarreal-Betis-Liga-1999.jpg?resize=220%2C145&amp;ssl=1 220w, https:\/\/i0.wp.com\/www.manquepierda.com\/historiarealbetis\/files\/2017\/09\/Villarreal-Betis-Liga-1999.jpg?resize=768%2C506&amp;ssl=1 768w, https:\/\/i0.wp.com\/www.manquepierda.com\/historiarealbetis\/files\/2017\/09\/Villarreal-Betis-Liga-1999.jpg?resize=960%2C632&amp;ssl=1 960w, https:\/\/i0.wp.com\/www.manquepierda.com\/historiarealbetis\/files\/2017\/09\/Villarreal-Betis-Liga-1999.jpg?w=1153&amp;ssl=1 1153w\" sizes=\"auto, (max-width: 680px) 100vw, 680px\" \/><\/a><\/p>\n<p>23 de mayo de 1999 en El Madrigal Villarreal 3 Betis 4; jornada 35 del Campeonato de Liga de Primera Divisi\u00f3n.<\/p>\n<p>En la imagen Juan Jos\u00e9 Ca\u00f1as disputa un bal\u00f3n con el jugador del Villarreal Garc\u00eda Sanju\u00e1n.<\/p>\n<p>El Betis se impuso en terreno amarillo con tantos de Juan Jes\u00fas, G\u00e1lvez (2) y Finidi.<\/p>\n<p>Jos\u00e9 Antonio Irulegui entrenaba al Villarreal y Javier Clemente al Betis.<\/p>\n","protected":false},"excerpt":{"rendered":"<p>23 de mayo de 1999 en El Madrigal Villarreal 3 Betis 4; jornada 35 del Campeonato de Liga de Primera Divisi\u00f3n. En la imagen Juan Jos\u00e9 Ca\u00f1as disputa un bal\u00f3n con el jugador del Villarreal Garc\u00eda Sanju\u00e1n. El Betis se impuso en terreno amarillo con tantos de Juan Jes\u00fas, G\u00e1lvez (2) y Finidi. Jos\u00e9 Antonio&#8230;<\/p>\n","protected":false},"author":5,"featured_media":60936,"comment_status":"open","ping_status":"open","sticky":false,"template":"","format":"standard","meta":{"_kad_post_transparent":"","_kad_post_title":"","_kad_post_layout":"","_kad_post_sidebar_id":"","_kad_post_content_style":"","_kad_post_vertical_padding":"","_kad_post_feature":"","_kad_post_feature_position":"","_kad_post_header":false,"_kad_post_footer":false,"_kad_post_classname":"","_jetpack_memberships_contains_paid_content":false,"footnotes":"","jetpack_publicize_message":"","jetpack_publicize_feature_enabled":true,"jetpack_social_post_already_shared":true,"jetpack_social_options":{"image_generator_settings":{"template":"highway","default_image_id":0,"font":"","enabled":false},"version":2}},"categories":[905,1],"tags":[2414,4449,4008,2290,17812,4007],"class_list":["post-60935","post","type-post","status-publish","format-standard","has-post-thumbnail","hentry","category-1990-1999","category-portada","tag-1998-99","tag-4449","tag-el-madrigal","tag-juan-jose-canas","tag-liga-primera-1998-99","tag-villarreal-cf"],"jetpack_publicize_connections":[],"jetpack_featured_media_url":"https:\/\/i0.wp.com\/www.manquepierda.com\/historiarealbetis\/files\/2017\/09\/Villarreal-Betis-Liga-1999.jpg?fit=1153%2C759&ssl=1","jetpack_sharing_enabled":true,"jetpack_shortlink":"https:\/\/wp.me\/p1ij08-fQP","jetpack-related-posts":[],"_links":{"self":[{"href":"https:\/\/www.manquepierda.com\/historiarealbetis\/wp-json\/wp\/v2\/posts\/60935","targetHints":{"allow":["GET"]}}],"collection":[{"href":"https:\/\/www.manquepierda.com\/historiarealbetis\/wp-json\/wp\/v2\/posts"}],"about":[{"href":"https:\/\/www.manquepierda.com\/historiarealbetis\/wp-json\/wp\/v2\/types\/post"}],"author":[{"embeddable":true,"href":"https:\/\/www.manquepierda.com\/historiarealbetis\/wp-json\/wp\/v2\/users\/5"}],"replies":[{"embeddable":true,"href":"https:\/\/www.manquepierda.com\/historiarealbetis\/wp-json\/wp\/v2\/comments?post=60935"}],"version-history":[{"count":1,"href":"https:\/\/www.manquepierda.com\/historiarealbetis\/wp-json\/wp\/v2\/posts\/60935\/revisions"}],"predecessor-version":[{"id":96214,"href":"https:\/\/www.manquepierda.com\/historiarealbetis\/wp-json\/wp\/v2\/posts\/60935\/revisions\/96214"}],"wp:featuredmedia":[{"embeddable":true,"href":"https:\/\/www.manquepierda.com\/historiarealbetis\/wp-json\/wp\/v2\/media\/60936"}],"wp:attachment":[{"href":"https:\/\/www.manquepierda.com\/historiarealbetis\/wp-json\/wp\/v2\/media?parent=60935"}],"wp:term":[{"taxonomy":"category","embeddable":true,"href":"https:\/\/www.manquepierda.com\/historiarealbetis\/wp-json\/wp\/v2\/categories?post=60935"},{"taxonomy":"post_tag","embeddable":true,"href":"https:\/\/www.manquepierda.com\/historiarealbetis\/wp-json\/wp\/v2\/tags?post=60935"}],"curies":[{"name":"wp","href":"https:\/\/api.w.org\/{rel}","templated":true}]}}