{"id":61002,"date":"2017-09-04T16:37:15","date_gmt":"2017-09-04T14:37:15","guid":{"rendered":"http:\/\/www.manquepierda.com\/historiarealbetis\/?p=61002"},"modified":"2024-08-27T22:44:14","modified_gmt":"2024-08-27T20:44:14","slug":"1931-marzo-20-fronton-betis-junta-extraordinaria-recortes-prensa","status":"publish","type":"post","link":"https:\/\/www.manquepierda.com\/historiarealbetis\/1931-marzo-20-fronton-betis-junta-extraordinaria-recortes-prensa\/","title":{"rendered":"1931-Marzo 20-Front\u00f3n Betis.-Junta Extraordinaria.-Recortes Prensa."},"content":{"rendered":"<p style=\"text-align: center\"><img data-recalc-dims=\"1\" loading=\"lazy\" decoding=\"async\" class=\"aligncenter size-full wp-image-61003\" src=\"https:\/\/i0.wp.com\/www.manquepierda.com\/historiarealbetis\/files\/2017\/09\/20110826114109-interior-fronton-betis1.jpg?resize=400%2C291&#038;ssl=1\" alt=\"\" width=\"400\" height=\"291\" srcset=\"https:\/\/i0.wp.com\/www.manquepierda.com\/historiarealbetis\/files\/2017\/09\/20110826114109-interior-fronton-betis1.jpg?w=400&amp;ssl=1 400w, https:\/\/i0.wp.com\/www.manquepierda.com\/historiarealbetis\/files\/2017\/09\/20110826114109-interior-fronton-betis1.jpg?resize=220%2C160&amp;ssl=1 220w\" sizes=\"auto, (max-width: 400px) 100vw, 400px\" \/><\/p>\n<p><em><strong>\u00abSe celebr\u00f3 Asamblea en el \u00abFront\u00f3n Betis\u00bb, siendo elegido Presidente don Enrique Pedr\u00f3s y P\u00e9rez de Lema\u00bb.-<\/strong><\/em>ABC.<\/p>\n<p style=\"text-align: center\"><em><strong>\u00abSe ha celebrado la Junta Extraordinaria del Betis Balomp\u00ec\u00e9, pedida por los socios. <\/strong><\/em><\/p>\n<p style=\"text-align: center\"><img data-recalc-dims=\"1\" loading=\"lazy\" decoding=\"async\" class=\"aligncenter size-medium wp-image-61004\" src=\"https:\/\/i0.wp.com\/www.manquepierda.com\/historiarealbetis\/files\/2017\/09\/fronton-betis-11.jpg?resize=680%2C488&#038;ssl=1\" alt=\"\" width=\"680\" height=\"488\" srcset=\"https:\/\/i0.wp.com\/www.manquepierda.com\/historiarealbetis\/files\/2017\/09\/fronton-betis-11.jpg?resize=680%2C488&amp;ssl=1 680w, https:\/\/i0.wp.com\/www.manquepierda.com\/historiarealbetis\/files\/2017\/09\/fronton-betis-11.jpg?resize=220%2C158&amp;ssl=1 220w, https:\/\/i0.wp.com\/www.manquepierda.com\/historiarealbetis\/files\/2017\/09\/fronton-betis-11.jpg?resize=768%2C551&amp;ssl=1 768w, https:\/\/i0.wp.com\/www.manquepierda.com\/historiarealbetis\/files\/2017\/09\/fronton-betis-11.jpg?resize=960%2C689&amp;ssl=1 960w, https:\/\/i0.wp.com\/www.manquepierda.com\/historiarealbetis\/files\/2017\/09\/fronton-betis-11.jpg?w=1427&amp;ssl=1 1427w\" sizes=\"auto, (max-width: 680px) 100vw, 680px\" \/><\/p>\n<p><em><strong>Han elegido presidente \u00e1 D. Enrique Pedr\u00f3s. Se esperaban grandes discusiones; pero la dimisi\u00f3n voluntaria de la Directiva ha evitado todo choque\u00bb.<\/strong><\/em><\/p>\n<p>\u00abLa Voz\u00bb-Madrid 21-Febus.<\/p>\n<p style=\"text-align: center\"><em><strong>\u00abNueva Directiva del Betis\u00bb:<\/strong><\/em><\/p>\n<p style=\"text-align: center\"><img data-recalc-dims=\"1\" loading=\"lazy\" decoding=\"async\" class=\"aligncenter size-full wp-image-61005\" src=\"https:\/\/i0.wp.com\/www.manquepierda.com\/historiarealbetis\/files\/2017\/09\/Front%C3%B3n-Betis.jpg?resize=400%2C280&#038;ssl=1\" alt=\"\" width=\"400\" height=\"280\" srcset=\"https:\/\/i0.wp.com\/www.manquepierda.com\/historiarealbetis\/files\/2017\/09\/Front%C3%B3n-Betis.jpg?w=400&amp;ssl=1 400w, https:\/\/i0.wp.com\/www.manquepierda.com\/historiarealbetis\/files\/2017\/09\/Front%C3%B3n-Betis.jpg?resize=220%2C154&amp;ssl=1 220w\" sizes=\"auto, (max-width: 400px) 100vw, 400px\" \/><\/p>\n<p><em><strong>\u00abEn junta general extraordinaria, pedida por los socios, ha sido elegida nueva Directiva del Betis Balompi\u00e9, de Sevilla.<\/strong><\/em><\/p>\n<p style=\"text-align: center\"><em><strong>Han elegido:<\/strong><\/em><\/p>\n<p style=\"text-align: center\"><img data-recalc-dims=\"1\" loading=\"lazy\" decoding=\"async\" class=\"aligncenter size-thumbnail wp-image-61007\" src=\"https:\/\/i0.wp.com\/www.manquepierda.com\/historiarealbetis\/files\/2017\/09\/Enrique-PEDR%C3%93S-P%C3%A9rez-De-Lema.jpg?resize=88%2C220&#038;ssl=1\" alt=\"\" width=\"88\" height=\"220\" srcset=\"https:\/\/i0.wp.com\/www.manquepierda.com\/historiarealbetis\/files\/2017\/09\/Enrique-PEDR%C3%93S-P%C3%A9rez-De-Lema.jpg?resize=88%2C220&amp;ssl=1 88w, https:\/\/i0.wp.com\/www.manquepierda.com\/historiarealbetis\/files\/2017\/09\/Enrique-PEDR%C3%93S-P%C3%A9rez-De-Lema.jpg?resize=241%2C600&amp;ssl=1 241w, https:\/\/i0.wp.com\/www.manquepierda.com\/historiarealbetis\/files\/2017\/09\/Enrique-PEDR%C3%93S-P%C3%A9rez-De-Lema.jpg?resize=281%2C700&amp;ssl=1 281w, https:\/\/i0.wp.com\/www.manquepierda.com\/historiarealbetis\/files\/2017\/09\/Enrique-PEDR%C3%93S-P%C3%A9rez-De-Lema.jpg?w=445&amp;ssl=1 445w\" sizes=\"auto, (max-width: 88px) 100vw, 88px\" \/><\/p>\n<p><em><strong>Desde viernes 20 hasta martes 31-III-1931.-Presidente \u00e1 don Enrique PEDR\u00d3S y P\u00e9rez De Lema (42 a\u00f1os, 6 meses, menos 6 d\u00edas)-Natural de Barcelona, mi\u00e9rcoles 26-IX-1888. Agente Comercial.-Obituario en Sevilla, martes 12-XII-1950 (62 A\u00f1os, 3 meses, menos 14 d\u00edas) D. E. P.<\/strong><\/em><\/p>\n<p style=\"text-align: center\"><img data-recalc-dims=\"1\" loading=\"lazy\" decoding=\"async\" class=\"aligncenter size-thumbnail wp-image-61006\" src=\"https:\/\/i0.wp.com\/www.manquepierda.com\/historiarealbetis\/files\/2017\/09\/Antonio-POL-ROMA-2.jpg?resize=168%2C220&#038;ssl=1\" alt=\"\" width=\"168\" height=\"220\" srcset=\"https:\/\/i0.wp.com\/www.manquepierda.com\/historiarealbetis\/files\/2017\/09\/Antonio-POL-ROMA-2.jpg?resize=168%2C220&amp;ssl=1 168w, https:\/\/i0.wp.com\/www.manquepierda.com\/historiarealbetis\/files\/2017\/09\/Antonio-POL-ROMA-2.jpg?resize=460%2C600&amp;ssl=1 460w, https:\/\/i0.wp.com\/www.manquepierda.com\/historiarealbetis\/files\/2017\/09\/Antonio-POL-ROMA-2.jpg?resize=536%2C700&amp;ssl=1 536w, https:\/\/i0.wp.com\/www.manquepierda.com\/historiarealbetis\/files\/2017\/09\/Antonio-POL-ROMA-2.jpg?w=687&amp;ssl=1 687w\" sizes=\"auto, (max-width: 168px) 100vw, 168px\" \/><\/p>\n<p style=\"text-align: left\"><em><strong><img data-recalc-dims=\"1\" loading=\"lazy\" decoding=\"async\" class=\"alignleft size-thumbnail wp-image-61008\" src=\"https:\/\/i0.wp.com\/www.manquepierda.com\/historiarealbetis\/files\/2017\/09\/Antonio-POL-ROMA-Hijos01.jpg?resize=220%2C110&#038;ssl=1\" alt=\"\" width=\"220\" height=\"110\" srcset=\"https:\/\/i0.wp.com\/www.manquepierda.com\/historiarealbetis\/files\/2017\/09\/Antonio-POL-ROMA-Hijos01.jpg?resize=220%2C110&amp;ssl=1 220w, https:\/\/i0.wp.com\/www.manquepierda.com\/historiarealbetis\/files\/2017\/09\/Antonio-POL-ROMA-Hijos01.jpg?resize=680%2C340&amp;ssl=1 680w, https:\/\/i0.wp.com\/www.manquepierda.com\/historiarealbetis\/files\/2017\/09\/Antonio-POL-ROMA-Hijos01.jpg?resize=768%2C384&amp;ssl=1 768w, https:\/\/i0.wp.com\/www.manquepierda.com\/historiarealbetis\/files\/2017\/09\/Antonio-POL-ROMA-Hijos01.jpg?w=945&amp;ssl=1 945w\" sizes=\"auto, (max-width: 220px) 100vw, 220px\" \/>Vicepresidente-1\u00ba, don Antonio POL Roma (57 a\u00f1os)-Natural de Vilanova del Cam\u00ed (Barcelona)-1874.-Obituario en Sevilla, viernes 30-XII-1938 (64 A\u00f1os) D. E. P.<\/strong><\/em><\/p>\n<p><em><strong>Vicepresidente-2\u00ba, don Alfredo ARBOLEYA Hortal.-No localizada imagen, ni ciudades, fechas nacimiento y fallecimiento.<br \/>\n<\/strong><\/em><\/p>\n<p><em><strong>T\u00edtulo de Familia Numerosa-1944.-<\/strong><\/em><em><strong>Almacenista de coloniales-1956.<\/strong><\/em><\/p>\n<p><em> \u00abSustra\u00eddo Autom\u00f3vil Renault 4L, matricula SE-154.312, color blanco, de Alfredo Arboleya Hortal, domiciliado en calle Virgen de la Antigua N\u00ba 8-Sevilla, domingo 30-I-1972\u00bb.<\/em><\/p>\n<p><em><strong>Se esperaba esta junta con inter\u00e9s por suponerse que dar\u00eda lugar \u00e1 discusiones apasionadas; pero la dimisi\u00f3n voluntaria de la Junta anterior \u00abevit\u00f3 todo choque\u00bb.<\/strong><\/em><\/p>\n<p>\u00abLa Libertad\u00bb-Madrid.<\/p>\n<p>&nbsp;<\/p>\n<p>&nbsp;<\/p>\n","protected":false},"excerpt":{"rendered":"<p>\u00abSe celebr\u00f3 Asamblea en el \u00abFront\u00f3n Betis\u00bb, siendo elegido Presidente don Enrique Pedr\u00f3s y P\u00e9rez de Lema\u00bb.-ABC. \u00abSe ha celebrado la Junta Extraordinaria del Betis Balomp\u00ec\u00e9, pedida por los socios. Han elegido presidente \u00e1 D. Enrique Pedr\u00f3s. Se esperaban grandes discusiones; pero la dimisi\u00f3n voluntaria de la Directiva ha evitado todo choque\u00bb. \u00abLa Voz\u00bb-Madrid 21-Febus&#8230;.<\/p>\n","protected":false},"author":48,"featured_media":61003,"comment_status":"open","ping_status":"open","sticky":false,"template":"","format":"standard","meta":{"_kad_post_transparent":"","_kad_post_title":"","_kad_post_layout":"","_kad_post_sidebar_id":"","_kad_post_content_style":"","_kad_post_vertical_padding":"","_kad_post_feature":"","_kad_post_feature_position":"","_kad_post_header":false,"_kad_post_footer":false,"_kad_post_classname":"","_jetpack_memberships_contains_paid_content":false,"footnotes":"","jetpack_publicize_message":"","jetpack_publicize_feature_enabled":true,"jetpack_social_post_already_shared":true,"jetpack_social_options":{"image_generator_settings":{"template":"highway","default_image_id":0,"font":"","enabled":false},"version":2}},"categories":[899,1],"tags":[1029,16436,17286,18178],"class_list":["post-61002","post","type-post","status-publish","format-standard","has-post-thumbnail","hentry","category-1930-1939","category-portada","tag-1029","tag-asamblea-de-socios","tag-asamblea-extraordinaria-1931","tag-enrique-pedros"],"jetpack_publicize_connections":[],"jetpack_featured_media_url":"https:\/\/i0.wp.com\/www.manquepierda.com\/historiarealbetis\/files\/2017\/09\/20110826114109-interior-fronton-betis1.jpg?fit=400%2C291&ssl=1","jetpack_sharing_enabled":true,"jetpack_shortlink":"https:\/\/wp.me\/p1ij08-fRU","jetpack-related-posts":[],"_links":{"self":[{"href":"https:\/\/www.manquepierda.com\/historiarealbetis\/wp-json\/wp\/v2\/posts\/61002","targetHints":{"allow":["GET"]}}],"collection":[{"href":"https:\/\/www.manquepierda.com\/historiarealbetis\/wp-json\/wp\/v2\/posts"}],"about":[{"href":"https:\/\/www.manquepierda.com\/historiarealbetis\/wp-json\/wp\/v2\/types\/post"}],"author":[{"embeddable":true,"href":"https:\/\/www.manquepierda.com\/historiarealbetis\/wp-json\/wp\/v2\/users\/48"}],"replies":[{"embeddable":true,"href":"https:\/\/www.manquepierda.com\/historiarealbetis\/wp-json\/wp\/v2\/comments?post=61002"}],"version-history":[{"count":1,"href":"https:\/\/www.manquepierda.com\/historiarealbetis\/wp-json\/wp\/v2\/posts\/61002\/revisions"}],"predecessor-version":[{"id":97972,"href":"https:\/\/www.manquepierda.com\/historiarealbetis\/wp-json\/wp\/v2\/posts\/61002\/revisions\/97972"}],"wp:featuredmedia":[{"embeddable":true,"href":"https:\/\/www.manquepierda.com\/historiarealbetis\/wp-json\/wp\/v2\/media\/61003"}],"wp:attachment":[{"href":"https:\/\/www.manquepierda.com\/historiarealbetis\/wp-json\/wp\/v2\/media?parent=61002"}],"wp:term":[{"taxonomy":"category","embeddable":true,"href":"https:\/\/www.manquepierda.com\/historiarealbetis\/wp-json\/wp\/v2\/categories?post=61002"},{"taxonomy":"post_tag","embeddable":true,"href":"https:\/\/www.manquepierda.com\/historiarealbetis\/wp-json\/wp\/v2\/tags?post=61002"}],"curies":[{"name":"wp","href":"https:\/\/api.w.org\/{rel}","templated":true}]}}