{"id":61159,"date":"2022-09-13T11:00:00","date_gmt":"2022-09-13T09:00:00","guid":{"rendered":"http:\/\/www.manquepierda.com\/historiarealbetis\/?p=61159"},"modified":"2022-09-15T18:19:15","modified_gmt":"2022-09-15T16:19:15","slug":"hoy-45-anos-4","status":"publish","type":"post","link":"https:\/\/www.manquepierda.com\/historiarealbetis\/hoy-45-anos-4\/","title":{"rendered":"Hoy hace 50 a\u00f1os. Nace Angel Cu\u00e9llar."},"content":{"rendered":"<p><a href=\"https:\/\/i0.wp.com\/www.manquepierda.com\/historiarealbetis\/files\/2017\/09\/13-1972-Nace-Cu%C3%A9llar.jpg?ssl=1\"><img data-recalc-dims=\"1\" loading=\"lazy\" decoding=\"async\" class=\"aligncenter size-medium wp-image-61160\" src=\"https:\/\/i0.wp.com\/www.manquepierda.com\/historiarealbetis\/files\/2017\/09\/13-1972-Nace-Cu%C3%A9llar.jpg?resize=517%2C600&#038;ssl=1\" alt=\"\" width=\"517\" height=\"600\" srcset=\"https:\/\/i0.wp.com\/www.manquepierda.com\/historiarealbetis\/files\/2017\/09\/13-1972-Nace-Cu%C3%A9llar.jpg?resize=517%2C600&amp;ssl=1 517w, https:\/\/i0.wp.com\/www.manquepierda.com\/historiarealbetis\/files\/2017\/09\/13-1972-Nace-Cu%C3%A9llar.jpg?resize=190%2C220&amp;ssl=1 190w, https:\/\/i0.wp.com\/www.manquepierda.com\/historiarealbetis\/files\/2017\/09\/13-1972-Nace-Cu%C3%A9llar.jpg?w=532&amp;ssl=1 532w\" sizes=\"auto, (max-width: 517px) 100vw, 517px\" \/><\/a><\/p>\n<p><span style=\"color: #008000\">El 13 de septiembre de 1972 nace en Villafranca de los Barros (Badajoz) Angel Cu\u00e9llar Llanos, quien fuera jugador del Real Betis Balompi\u00e9 entre los a\u00f1os 1990 y 1995 y entre 1997 y 2001.<\/span><\/p>\n<p><span style=\"color: #008000\">Lleg\u00f3 al primer equipo procedente de la cantera verdiblanca, donde bati\u00f3 r\u00e9cords goleadores, y se convirti\u00f3 en una estupenda revelaci\u00f3n por su f\u00fatbol vertical y su efectividad rematadora. Su segunda \u00e9poca en el club, tras su paso por el FC Barcelona, fue bastante irrelevante. &nbsp;<\/span><\/p>\n","protected":false},"excerpt":{"rendered":"<p>El 13 de septiembre de 1972 nace en Villafranca de los Barros (Badajoz) Angel Cu\u00e9llar Llanos, quien fuera jugador del Real Betis Balompi\u00e9 entre los a\u00f1os 1990 y 1995 y entre 1997 y 2001. Lleg\u00f3 al primer equipo procedente de la cantera verdiblanca, donde bati\u00f3 r\u00e9cords goleadores, y se convirti\u00f3 en una estupenda revelaci\u00f3n por&#8230;<\/p>\n","protected":false},"author":5,"featured_media":61160,"comment_status":"open","ping_status":"open","sticky":false,"template":"","format":"standard","meta":{"_kad_post_transparent":"","_kad_post_title":"","_kad_post_layout":"","_kad_post_sidebar_id":"","_kad_post_content_style":"","_kad_post_vertical_padding":"","_kad_post_feature":"","_kad_post_feature_position":"","_kad_post_header":false,"_kad_post_footer":false,"_kad_post_classname":"","_jetpack_memberships_contains_paid_content":false,"footnotes":"","jetpack_publicize_message":"","jetpack_publicize_feature_enabled":true,"jetpack_social_post_already_shared":true,"jetpack_social_options":{"image_generator_settings":{"template":"highway","default_image_id":0,"font":"","enabled":false},"version":2}},"categories":[903,14583,1],"tags":[1309],"class_list":["post-61159","post","type-post","status-publish","format-standard","has-post-thumbnail","hentry","category-1970-1979","category-efemerides","category-portada","tag-angel-cuellar"],"jetpack_publicize_connections":[],"jetpack_featured_media_url":"https:\/\/i0.wp.com\/www.manquepierda.com\/historiarealbetis\/files\/2017\/09\/13-1972-Nace-Cu%C3%A9llar.jpg?fit=532%2C617&ssl=1","jetpack_sharing_enabled":true,"jetpack_shortlink":"https:\/\/wp.me\/p1ij08-fUr","jetpack-related-posts":[],"_links":{"self":[{"href":"https:\/\/www.manquepierda.com\/historiarealbetis\/wp-json\/wp\/v2\/posts\/61159","targetHints":{"allow":["GET"]}}],"collection":[{"href":"https:\/\/www.manquepierda.com\/historiarealbetis\/wp-json\/wp\/v2\/posts"}],"about":[{"href":"https:\/\/www.manquepierda.com\/historiarealbetis\/wp-json\/wp\/v2\/types\/post"}],"author":[{"embeddable":true,"href":"https:\/\/www.manquepierda.com\/historiarealbetis\/wp-json\/wp\/v2\/users\/5"}],"replies":[{"embeddable":true,"href":"https:\/\/www.manquepierda.com\/historiarealbetis\/wp-json\/wp\/v2\/comments?post=61159"}],"version-history":[{"count":3,"href":"https:\/\/www.manquepierda.com\/historiarealbetis\/wp-json\/wp\/v2\/posts\/61159\/revisions"}],"predecessor-version":[{"id":86069,"href":"https:\/\/www.manquepierda.com\/historiarealbetis\/wp-json\/wp\/v2\/posts\/61159\/revisions\/86069"}],"wp:featuredmedia":[{"embeddable":true,"href":"https:\/\/www.manquepierda.com\/historiarealbetis\/wp-json\/wp\/v2\/media\/61160"}],"wp:attachment":[{"href":"https:\/\/www.manquepierda.com\/historiarealbetis\/wp-json\/wp\/v2\/media?parent=61159"}],"wp:term":[{"taxonomy":"category","embeddable":true,"href":"https:\/\/www.manquepierda.com\/historiarealbetis\/wp-json\/wp\/v2\/categories?post=61159"},{"taxonomy":"post_tag","embeddable":true,"href":"https:\/\/www.manquepierda.com\/historiarealbetis\/wp-json\/wp\/v2\/tags?post=61159"}],"curies":[{"name":"wp","href":"https:\/\/api.w.org\/{rel}","templated":true}]}}