{"id":61405,"date":"2017-09-23T08:54:20","date_gmt":"2017-09-23T06:54:20","guid":{"rendered":"http:\/\/www.manquepierda.com\/historiarealbetis\/?p=61405"},"modified":"2024-09-10T18:27:23","modified_gmt":"2024-09-10T16:27:23","slug":"betis-levante-liga-1957","status":"publish","type":"post","link":"https:\/\/www.manquepierda.com\/historiarealbetis\/betis-levante-liga-1957\/","title":{"rendered":"Betis-Levante Liga 1957"},"content":{"rendered":"<p><a href=\"https:\/\/i0.wp.com\/www.manquepierda.com\/historiarealbetis\/files\/2017\/09\/Betis-Levante-Liga-1957-Sevilla-14-01-1957.jpg?ssl=1\"><img data-recalc-dims=\"1\" loading=\"lazy\" decoding=\"async\" class=\"aligncenter size-medium wp-image-61406\" src=\"https:\/\/i0.wp.com\/www.manquepierda.com\/historiarealbetis\/files\/2017\/09\/Betis-Levante-Liga-1957-Sevilla-14-01-1957.jpg?resize=680%2C543&#038;ssl=1\" alt=\"\" width=\"680\" height=\"543\" srcset=\"https:\/\/i0.wp.com\/www.manquepierda.com\/historiarealbetis\/files\/2017\/09\/Betis-Levante-Liga-1957-Sevilla-14-01-1957.jpg?resize=680%2C543&amp;ssl=1 680w, https:\/\/i0.wp.com\/www.manquepierda.com\/historiarealbetis\/files\/2017\/09\/Betis-Levante-Liga-1957-Sevilla-14-01-1957.jpg?resize=220%2C176&amp;ssl=1 220w, https:\/\/i0.wp.com\/www.manquepierda.com\/historiarealbetis\/files\/2017\/09\/Betis-Levante-Liga-1957-Sevilla-14-01-1957.jpg?resize=768%2C614&amp;ssl=1 768w, https:\/\/i0.wp.com\/www.manquepierda.com\/historiarealbetis\/files\/2017\/09\/Betis-Levante-Liga-1957-Sevilla-14-01-1957.jpg?w=866&amp;ssl=1 866w\" sizes=\"auto, (max-width: 680px) 100vw, 680px\" \/><\/a><\/p>\n<p>13 de enero de 1957 en Heli\u00f3polis \u00a0Betis 2 Levante 2; jornada 18 del Campeonato de Liga de Segunda Divisi\u00f3n.<\/p>\n<p>En la imagen el momento en el que Le\u00f3n Lasa remata en el minuto 29 a la salida de un c\u00f3rner y marca el primer gol b\u00e9tico, acortando distancias tras los dos goles conseguidos por Arag\u00f3 y Agramunt para el equipo levantinista. Posteriormente Lasa en el 44 hizo el empate definitivo.<\/p>\n<p>Carlos Iturraspe entrenaba al Betis y Juan Urquizu al Levante.<\/p>\n","protected":false},"excerpt":{"rendered":"<p>13 de enero de 1957 en Heli\u00f3polis \u00a0Betis 2 Levante 2; jornada 18 del Campeonato de Liga de Segunda Divisi\u00f3n. En la imagen el momento en el que Le\u00f3n Lasa remata en el minuto 29 a la salida de un c\u00f3rner y marca el primer gol b\u00e9tico, acortando distancias tras los dos goles conseguidos por&#8230;<\/p>\n","protected":false},"author":5,"featured_media":61406,"comment_status":"open","ping_status":"open","sticky":false,"template":"","format":"standard","meta":{"_kad_post_transparent":"","_kad_post_title":"","_kad_post_layout":"","_kad_post_sidebar_id":"","_kad_post_content_style":"","_kad_post_vertical_padding":"","_kad_post_feature":"","_kad_post_feature_position":"","_kad_post_header":false,"_kad_post_footer":false,"_kad_post_classname":"","_jetpack_memberships_contains_paid_content":false,"footnotes":"","jetpack_publicize_message":"","jetpack_publicize_feature_enabled":true,"jetpack_social_post_already_shared":true,"jetpack_social_options":{"image_generator_settings":{"template":"highway","default_image_id":0,"font":"","enabled":false},"version":2}},"categories":[901,1],"tags":[4330,4331,1319,9616,17938],"class_list":["post-61405","post","type-post","status-publish","format-standard","has-post-thumbnail","hentry","category-1950-1959","category-portada","tag-1956-57","tag-4331","tag-leon-lasa","tag-levante-ud","tag-liga-segunda-1956-57"],"jetpack_publicize_connections":[],"jetpack_featured_media_url":"https:\/\/i0.wp.com\/www.manquepierda.com\/historiarealbetis\/files\/2017\/09\/Betis-Levante-Liga-1957-Sevilla-14-01-1957.jpg?fit=866%2C692&ssl=1","jetpack_sharing_enabled":true,"jetpack_shortlink":"https:\/\/wp.me\/p1ij08-fYp","jetpack-related-posts":[],"_links":{"self":[{"href":"https:\/\/www.manquepierda.com\/historiarealbetis\/wp-json\/wp\/v2\/posts\/61405","targetHints":{"allow":["GET"]}}],"collection":[{"href":"https:\/\/www.manquepierda.com\/historiarealbetis\/wp-json\/wp\/v2\/posts"}],"about":[{"href":"https:\/\/www.manquepierda.com\/historiarealbetis\/wp-json\/wp\/v2\/types\/post"}],"author":[{"embeddable":true,"href":"https:\/\/www.manquepierda.com\/historiarealbetis\/wp-json\/wp\/v2\/users\/5"}],"replies":[{"embeddable":true,"href":"https:\/\/www.manquepierda.com\/historiarealbetis\/wp-json\/wp\/v2\/comments?post=61405"}],"version-history":[{"count":1,"href":"https:\/\/www.manquepierda.com\/historiarealbetis\/wp-json\/wp\/v2\/posts\/61405\/revisions"}],"predecessor-version":[{"id":99035,"href":"https:\/\/www.manquepierda.com\/historiarealbetis\/wp-json\/wp\/v2\/posts\/61405\/revisions\/99035"}],"wp:featuredmedia":[{"embeddable":true,"href":"https:\/\/www.manquepierda.com\/historiarealbetis\/wp-json\/wp\/v2\/media\/61406"}],"wp:attachment":[{"href":"https:\/\/www.manquepierda.com\/historiarealbetis\/wp-json\/wp\/v2\/media?parent=61405"}],"wp:term":[{"taxonomy":"category","embeddable":true,"href":"https:\/\/www.manquepierda.com\/historiarealbetis\/wp-json\/wp\/v2\/categories?post=61405"},{"taxonomy":"post_tag","embeddable":true,"href":"https:\/\/www.manquepierda.com\/historiarealbetis\/wp-json\/wp\/v2\/tags?post=61405"}],"curies":[{"name":"wp","href":"https:\/\/api.w.org\/{rel}","templated":true}]}}