{"id":61461,"date":"2017-09-29T07:41:36","date_gmt":"2017-09-29T05:41:36","guid":{"rendered":"http:\/\/www.manquepierda.com\/historiarealbetis\/?p=61461"},"modified":"2024-09-06T18:04:21","modified_gmt":"2024-09-06T16:04:21","slug":"alineacion-real-sociedad-betis-liga-1945","status":"publish","type":"post","link":"https:\/\/www.manquepierda.com\/historiarealbetis\/alineacion-real-sociedad-betis-liga-1945\/","title":{"rendered":"Alineaci\u00f3n Real Sociedad-Betis Liga 1945"},"content":{"rendered":"<p><a href=\"https:\/\/i0.wp.com\/www.manquepierda.com\/historiarealbetis\/files\/2017\/09\/Alineaci%C3%B3n-Real-Sociedad-Betis-Liga-1945.jpg?ssl=1\"><img data-recalc-dims=\"1\" loading=\"lazy\" decoding=\"async\" class=\"aligncenter size-medium wp-image-61462\" src=\"https:\/\/i0.wp.com\/www.manquepierda.com\/historiarealbetis\/files\/2017\/09\/Alineaci%C3%B3n-Real-Sociedad-Betis-Liga-1945.jpg?resize=680%2C443&#038;ssl=1\" alt=\"\" width=\"680\" height=\"443\" srcset=\"https:\/\/i0.wp.com\/www.manquepierda.com\/historiarealbetis\/files\/2017\/09\/Alineaci%C3%B3n-Real-Sociedad-Betis-Liga-1945.jpg?resize=680%2C443&amp;ssl=1 680w, https:\/\/i0.wp.com\/www.manquepierda.com\/historiarealbetis\/files\/2017\/09\/Alineaci%C3%B3n-Real-Sociedad-Betis-Liga-1945.jpg?resize=220%2C143&amp;ssl=1 220w, https:\/\/i0.wp.com\/www.manquepierda.com\/historiarealbetis\/files\/2017\/09\/Alineaci%C3%B3n-Real-Sociedad-Betis-Liga-1945.jpg?resize=768%2C501&amp;ssl=1 768w, https:\/\/i0.wp.com\/www.manquepierda.com\/historiarealbetis\/files\/2017\/09\/Alineaci%C3%B3n-Real-Sociedad-Betis-Liga-1945.jpg?w=960&amp;ssl=1 960w\" sizes=\"auto, (max-width: 680px) 100vw, 680px\" \/><\/a><\/p>\n<p>4 de febrero de 1945 en Atocha Real Sociedad 2 Betis 1; jornada 17 del Campeonato de Liga de Primera Divisi\u00f3n.<\/p>\n<p>En la imagen arriba Casafont, Valent\u00edn, Ant\u00fanez, Castillo, Coll y Conde; abajo Isidro, Tomas\u00edn, Pineda, Montalvo y Saro.<\/p>\n<p>Arbiza adelant\u00f3 a la Real en el 33, empatando Pineda en el 49, pero en el 67 V\u00e1zquez hizo el 2-1 definitivo.<\/p>\n<p>Benito D\u00edaz entrenaba a la Real Sociedad y Jos\u00e9 Su\u00e1rez \u00abPeral\u00bb al Betis.<\/p>\n","protected":false},"excerpt":{"rendered":"<p>4 de febrero de 1945 en Atocha Real Sociedad 2 Betis 1; jornada 17 del Campeonato de Liga de Primera Divisi\u00f3n. En la imagen arriba Casafont, Valent\u00edn, Ant\u00fanez, Castillo, Coll y Conde; abajo Isidro, Tomas\u00edn, Pineda, Montalvo y Saro. Arbiza adelant\u00f3 a la Real en el 33, empatando Pineda en el 49, pero en el&#8230;<\/p>\n","protected":false},"author":5,"featured_media":61462,"comment_status":"open","ping_status":"open","sticky":false,"template":"","format":"standard","meta":{"_kad_post_transparent":"","_kad_post_title":"","_kad_post_layout":"","_kad_post_sidebar_id":"","_kad_post_content_style":"","_kad_post_vertical_padding":"","_kad_post_feature":"","_kad_post_feature_position":"","_kad_post_header":false,"_kad_post_footer":false,"_kad_post_classname":"","_jetpack_memberships_contains_paid_content":false,"footnotes":"","jetpack_publicize_message":"","jetpack_publicize_feature_enabled":true,"jetpack_social_post_already_shared":true,"jetpack_social_options":{"image_generator_settings":{"template":"highway","default_image_id":0,"font":"","enabled":false},"version":2}},"categories":[900,1],"tags":[2626,1222,1057,1460,1118,1932,2625,2628,1079,17904,2382,1945,1459,15912,2629],"class_list":["post-61461","post","type-post","status-publish","format-standard","has-post-thumbnail","hentry","category-1940-1949","category-portada","tag-1944-45","tag-1222","tag-angel-martin-saro","tag-antonio-conde","tag-francisco-antunez","tag-guillermo-coll","tag-isidro-reguera","tag-jose-montalvo","tag-jose-pineda","tag-liga-segunda-1944-45","tag-rafael-holguin-tomasin","tag-rafael-martinez-castillo","tag-ramon-casafont","tag-real-sociedad-de-futbol","tag-valentin-garcia"],"jetpack_publicize_connections":[],"jetpack_featured_media_url":"https:\/\/i0.wp.com\/www.manquepierda.com\/historiarealbetis\/files\/2017\/09\/Alineaci%C3%B3n-Real-Sociedad-Betis-Liga-1945.jpg?fit=960%2C626&ssl=1","jetpack_sharing_enabled":true,"jetpack_shortlink":"https:\/\/wp.me\/p1ij08-fZj","jetpack-related-posts":[],"_links":{"self":[{"href":"https:\/\/www.manquepierda.com\/historiarealbetis\/wp-json\/wp\/v2\/posts\/61461","targetHints":{"allow":["GET"]}}],"collection":[{"href":"https:\/\/www.manquepierda.com\/historiarealbetis\/wp-json\/wp\/v2\/posts"}],"about":[{"href":"https:\/\/www.manquepierda.com\/historiarealbetis\/wp-json\/wp\/v2\/types\/post"}],"author":[{"embeddable":true,"href":"https:\/\/www.manquepierda.com\/historiarealbetis\/wp-json\/wp\/v2\/users\/5"}],"replies":[{"embeddable":true,"href":"https:\/\/www.manquepierda.com\/historiarealbetis\/wp-json\/wp\/v2\/comments?post=61461"}],"version-history":[{"count":1,"href":"https:\/\/www.manquepierda.com\/historiarealbetis\/wp-json\/wp\/v2\/posts\/61461\/revisions"}],"predecessor-version":[{"id":98663,"href":"https:\/\/www.manquepierda.com\/historiarealbetis\/wp-json\/wp\/v2\/posts\/61461\/revisions\/98663"}],"wp:featuredmedia":[{"embeddable":true,"href":"https:\/\/www.manquepierda.com\/historiarealbetis\/wp-json\/wp\/v2\/media\/61462"}],"wp:attachment":[{"href":"https:\/\/www.manquepierda.com\/historiarealbetis\/wp-json\/wp\/v2\/media?parent=61461"}],"wp:term":[{"taxonomy":"category","embeddable":true,"href":"https:\/\/www.manquepierda.com\/historiarealbetis\/wp-json\/wp\/v2\/categories?post=61461"},{"taxonomy":"post_tag","embeddable":true,"href":"https:\/\/www.manquepierda.com\/historiarealbetis\/wp-json\/wp\/v2\/tags?post=61461"}],"curies":[{"name":"wp","href":"https:\/\/api.w.org\/{rel}","templated":true}]}}