{"id":61499,"date":"2022-10-03T11:00:00","date_gmt":"2022-10-03T09:00:00","guid":{"rendered":"http:\/\/www.manquepierda.com\/historiarealbetis\/?p=61499"},"modified":"2024-10-10T20:23:37","modified_gmt":"2024-10-10T18:23:37","slug":"hoy-38-anos-11","status":"publish","type":"post","link":"https:\/\/www.manquepierda.com\/historiarealbetis\/hoy-38-anos-11\/","title":{"rendered":"Hoy hace 40 a\u00f1os. Debut de Perico Medina."},"content":{"rendered":"<p><a href=\"https:\/\/i0.wp.com\/www.manquepierda.com\/historiarealbetis\/files\/2017\/09\/3-1982-Debut-de-Perico-Medina.jpg?ssl=1\"><img data-recalc-dims=\"1\" loading=\"lazy\" decoding=\"async\" class=\"aligncenter size-full wp-image-61500\" src=\"https:\/\/i0.wp.com\/www.manquepierda.com\/historiarealbetis\/files\/2017\/09\/3-1982-Debut-de-Perico-Medina.jpg?resize=237%2C347&#038;ssl=1\" alt=\"\" width=\"237\" height=\"347\" srcset=\"https:\/\/i0.wp.com\/www.manquepierda.com\/historiarealbetis\/files\/2017\/09\/3-1982-Debut-de-Perico-Medina.jpg?w=237&amp;ssl=1 237w, https:\/\/i0.wp.com\/www.manquepierda.com\/historiarealbetis\/files\/2017\/09\/3-1982-Debut-de-Perico-Medina.jpg?resize=150%2C220&amp;ssl=1 150w\" sizes=\"auto, (max-width: 237px) 100vw, 237px\" \/><\/a><\/p>\n<p><span style=\"color: #008000\">El 3 de octubre de 1982 debuta oficialmente con el Real Betis Balompi\u00e9 Perico Medina Guerrero. Lo hace en El Molin\u00f3n en el partido que enfrenta al Sporting de Gij\u00f3n y al Betis en la jornada 5 del Campeonato de Liga de Primera Divisi\u00f3n que finaliza con empate a 2.<\/span><\/p>\n<p><span style=\"color: #008000\">Perico Medina salt\u00f3 al campo en el minuto 88 para sustituir a Joaqu\u00edn Parra.<\/span><\/p>\n<p><span style=\"color: #008000\">Cuando Perico Medina debut\u00f3 con el Betis ten\u00eda 19 a\u00f1os y proced\u00eda del filial verdiblanco, el Betis Deportivo.&nbsp;<\/span><\/p>\n","protected":false},"excerpt":{"rendered":"<p>El 3 de octubre de 1982 debuta oficialmente con el Real Betis Balompi\u00e9 Perico Medina Guerrero. Lo hace en El Molin\u00f3n en el partido que enfrenta al Sporting de Gij\u00f3n y al Betis en la jornada 5 del Campeonato de Liga de Primera Divisi\u00f3n que finaliza con empate a 2. Perico Medina salt\u00f3 al campo&#8230;<\/p>\n","protected":false},"author":5,"featured_media":61500,"comment_status":"open","ping_status":"open","sticky":false,"template":"","format":"standard","meta":{"_kad_post_transparent":"","_kad_post_title":"","_kad_post_layout":"","_kad_post_sidebar_id":"","_kad_post_content_style":"","_kad_post_vertical_padding":"","_kad_post_feature":"","_kad_post_feature_position":"","_kad_post_header":false,"_kad_post_footer":false,"_kad_post_classname":"","_jetpack_memberships_contains_paid_content":false,"footnotes":"","jetpack_publicize_message":"","jetpack_publicize_feature_enabled":true,"jetpack_social_post_already_shared":true,"jetpack_social_options":{"image_generator_settings":{"template":"highway","default_image_id":0,"font":"","enabled":false},"version":2}},"categories":[904,14583,1],"tags":[1218,17848,1480],"class_list":["post-61499","post","type-post","status-publish","format-standard","has-post-thumbnail","hentry","category-1980-1989","category-efemerides","category-portada","tag-1218","tag-liga-primera-1982-83","tag-pedro-medina"],"jetpack_publicize_connections":[],"jetpack_featured_media_url":"https:\/\/i0.wp.com\/www.manquepierda.com\/historiarealbetis\/files\/2017\/09\/3-1982-Debut-de-Perico-Medina.jpg?fit=237%2C347&ssl=1","jetpack_sharing_enabled":true,"jetpack_shortlink":"https:\/\/wp.me\/p1ij08-fZV","jetpack-related-posts":[],"_links":{"self":[{"href":"https:\/\/www.manquepierda.com\/historiarealbetis\/wp-json\/wp\/v2\/posts\/61499","targetHints":{"allow":["GET"]}}],"collection":[{"href":"https:\/\/www.manquepierda.com\/historiarealbetis\/wp-json\/wp\/v2\/posts"}],"about":[{"href":"https:\/\/www.manquepierda.com\/historiarealbetis\/wp-json\/wp\/v2\/types\/post"}],"author":[{"embeddable":true,"href":"https:\/\/www.manquepierda.com\/historiarealbetis\/wp-json\/wp\/v2\/users\/5"}],"replies":[{"embeddable":true,"href":"https:\/\/www.manquepierda.com\/historiarealbetis\/wp-json\/wp\/v2\/comments?post=61499"}],"version-history":[{"count":1,"href":"https:\/\/www.manquepierda.com\/historiarealbetis\/wp-json\/wp\/v2\/posts\/61499\/revisions"}],"predecessor-version":[{"id":86120,"href":"https:\/\/www.manquepierda.com\/historiarealbetis\/wp-json\/wp\/v2\/posts\/61499\/revisions\/86120"}],"wp:featuredmedia":[{"embeddable":true,"href":"https:\/\/www.manquepierda.com\/historiarealbetis\/wp-json\/wp\/v2\/media\/61500"}],"wp:attachment":[{"href":"https:\/\/www.manquepierda.com\/historiarealbetis\/wp-json\/wp\/v2\/media?parent=61499"}],"wp:term":[{"taxonomy":"category","embeddable":true,"href":"https:\/\/www.manquepierda.com\/historiarealbetis\/wp-json\/wp\/v2\/categories?post=61499"},{"taxonomy":"post_tag","embeddable":true,"href":"https:\/\/www.manquepierda.com\/historiarealbetis\/wp-json\/wp\/v2\/tags?post=61499"}],"curies":[{"name":"wp","href":"https:\/\/api.w.org\/{rel}","templated":true}]}}