{"id":61556,"date":"2022-10-08T11:00:00","date_gmt":"2022-10-08T09:00:00","guid":{"rendered":"http:\/\/www.manquepierda.com\/historiarealbetis\/?p=61556"},"modified":"2025-07-20T15:22:21","modified_gmt":"2025-07-20T13:22:21","slug":"hoy-75-anos-7","status":"publish","type":"post","link":"https:\/\/www.manquepierda.com\/historiarealbetis\/hoy-75-anos-7\/","title":{"rendered":"Hoy hace 80 a\u00f1os. Fichaje de Honorato L\u00f3pez \u00abCabezo\u00bb."},"content":{"rendered":"<p><a href=\"https:\/\/i0.wp.com\/www.manquepierda.com\/historiarealbetis\/files\/2017\/10\/8-1942-Fichaje-de-Cabezo.jpg?ssl=1\"><img data-recalc-dims=\"1\" loading=\"lazy\" decoding=\"async\" class=\"aligncenter size-medium wp-image-61557\" src=\"https:\/\/i0.wp.com\/www.manquepierda.com\/historiarealbetis\/files\/2017\/10\/8-1942-Fichaje-de-Cabezo.jpg?resize=680%2C442&#038;ssl=1\" alt=\"\" width=\"680\" height=\"442\" srcset=\"https:\/\/i0.wp.com\/www.manquepierda.com\/historiarealbetis\/files\/2017\/10\/8-1942-Fichaje-de-Cabezo.jpg?resize=680%2C442&amp;ssl=1 680w, https:\/\/i0.wp.com\/www.manquepierda.com\/historiarealbetis\/files\/2017\/10\/8-1942-Fichaje-de-Cabezo.jpg?resize=220%2C143&amp;ssl=1 220w, https:\/\/i0.wp.com\/www.manquepierda.com\/historiarealbetis\/files\/2017\/10\/8-1942-Fichaje-de-Cabezo.jpg?resize=768%2C499&amp;ssl=1 768w, https:\/\/i0.wp.com\/www.manquepierda.com\/historiarealbetis\/files\/2017\/10\/8-1942-Fichaje-de-Cabezo.jpg?w=858&amp;ssl=1 858w\" sizes=\"auto, (max-width: 680px) 100vw, 680px\" \/><\/a><\/p>\n<p><span style=\"color: #008000\">El 8 de octubre de 1942 el Betis ficha al portero gallego Honorato L\u00f3pez \u00abCabezo\u00bb, que llega al club procedente del Deportivo de La Coru\u00f1a, tras haber pasado anteriormente por Celta y Zaragoza.<\/span><\/p>\n<p><span style=\"color: #008000\"> La lesi\u00f3n de Paquillo y la mala actuaci\u00f3n de Forner en al partido liguero contra el Sevilla obligaron a buscar contra reloj un portero. <\/span><\/p>\n<p><span style=\"color: #008000\">Ese mismo d\u00eda 8 Cabezo fue probado en el entrenamiento celebrado en Heli\u00f3polis, por la noche firm\u00f3 con el club y debut\u00f3 tan solo 3 d\u00edas en Los C\u00e1rmenes frente al Granada, con una abultada derrota 6-2 en partido de la tercera jornada del Campeonato de Liga de Primera Divisi\u00f3n.&nbsp;<\/span><\/p>\n","protected":false},"excerpt":{"rendered":"<p>El 8 de octubre de 1942 el Betis ficha al portero gallego Honorato L\u00f3pez \u00abCabezo\u00bb, que llega al club procedente del Deportivo de La Coru\u00f1a, tras haber pasado anteriormente por Celta y Zaragoza. La lesi\u00f3n de Paquillo y la mala actuaci\u00f3n de Forner en al partido liguero contra el Sevilla obligaron a buscar contra reloj&#8230;<\/p>\n","protected":false},"author":5,"featured_media":61557,"comment_status":"open","ping_status":"open","sticky":false,"template":"","format":"standard","meta":{"_kad_post_transparent":"","_kad_post_title":"","_kad_post_layout":"","_kad_post_sidebar_id":"","_kad_post_content_style":"","_kad_post_vertical_padding":"","_kad_post_feature":"","_kad_post_feature_position":"","_kad_post_header":false,"_kad_post_footer":false,"_kad_post_classname":"","_jetpack_memberships_contains_paid_content":false,"footnotes":"","jetpack_publicize_message":"","jetpack_publicize_feature_enabled":true,"jetpack_social_post_already_shared":true,"jetpack_social_options":{"image_generator_settings":{"template":"highway","default_image_id":0,"font":"","enabled":false},"version":2}},"categories":[900,14583,1],"tags":[50,1035,16882],"class_list":["post-61556","post","type-post","status-publish","format-standard","has-post-thumbnail","hentry","category-1940-1949","category-efemerides","category-portada","tag-50","tag-honorato-lopez-cabezo","tag-real-club-deportivo-la-coruna"],"jetpack_publicize_connections":[],"jetpack_featured_media_url":"https:\/\/i0.wp.com\/www.manquepierda.com\/historiarealbetis\/files\/2017\/10\/8-1942-Fichaje-de-Cabezo.jpg?fit=858%2C558&ssl=1","jetpack_sharing_enabled":true,"jetpack_shortlink":"https:\/\/wp.me\/p1ij08-g0Q","jetpack-related-posts":[],"_links":{"self":[{"href":"https:\/\/www.manquepierda.com\/historiarealbetis\/wp-json\/wp\/v2\/posts\/61556","targetHints":{"allow":["GET"]}}],"collection":[{"href":"https:\/\/www.manquepierda.com\/historiarealbetis\/wp-json\/wp\/v2\/posts"}],"about":[{"href":"https:\/\/www.manquepierda.com\/historiarealbetis\/wp-json\/wp\/v2\/types\/post"}],"author":[{"embeddable":true,"href":"https:\/\/www.manquepierda.com\/historiarealbetis\/wp-json\/wp\/v2\/users\/5"}],"replies":[{"embeddable":true,"href":"https:\/\/www.manquepierda.com\/historiarealbetis\/wp-json\/wp\/v2\/comments?post=61556"}],"version-history":[{"count":3,"href":"https:\/\/www.manquepierda.com\/historiarealbetis\/wp-json\/wp\/v2\/posts\/61556\/revisions"}],"predecessor-version":[{"id":86128,"href":"https:\/\/www.manquepierda.com\/historiarealbetis\/wp-json\/wp\/v2\/posts\/61556\/revisions\/86128"}],"wp:featuredmedia":[{"embeddable":true,"href":"https:\/\/www.manquepierda.com\/historiarealbetis\/wp-json\/wp\/v2\/media\/61557"}],"wp:attachment":[{"href":"https:\/\/www.manquepierda.com\/historiarealbetis\/wp-json\/wp\/v2\/media?parent=61556"}],"wp:term":[{"taxonomy":"category","embeddable":true,"href":"https:\/\/www.manquepierda.com\/historiarealbetis\/wp-json\/wp\/v2\/categories?post=61556"},{"taxonomy":"post_tag","embeddable":true,"href":"https:\/\/www.manquepierda.com\/historiarealbetis\/wp-json\/wp\/v2\/tags?post=61556"}],"curies":[{"name":"wp","href":"https:\/\/api.w.org\/{rel}","templated":true}]}}