{"id":61581,"date":"2017-10-09T07:36:11","date_gmt":"2017-10-09T05:36:11","guid":{"rendered":"http:\/\/www.manquepierda.com\/historiarealbetis\/?p=61581"},"modified":"2025-08-24T13:26:42","modified_gmt":"2025-08-24T11:26:42","slug":"entrevista-fabao-2000","status":"publish","type":"post","link":"https:\/\/www.manquepierda.com\/historiarealbetis\/entrevista-fabao-2000\/","title":{"rendered":"Entrevista Fabao 2000"},"content":{"rendered":"<p><a href=\"https:\/\/i0.wp.com\/www.manquepierda.com\/historiarealbetis\/files\/2017\/10\/Entrevista-Fabao-2000.jpg?ssl=1\"><img data-recalc-dims=\"1\" loading=\"lazy\" decoding=\"async\" class=\"aligncenter size-full wp-image-61582\" src=\"https:\/\/i0.wp.com\/www.manquepierda.com\/historiarealbetis\/files\/2017\/10\/Entrevista-Fabao-2000.jpg?resize=330%2C441&#038;ssl=1\" alt=\"\" width=\"330\" height=\"441\" srcset=\"https:\/\/i0.wp.com\/www.manquepierda.com\/historiarealbetis\/files\/2017\/10\/Entrevista-Fabao-2000.jpg?w=330&amp;ssl=1 330w, https:\/\/i0.wp.com\/www.manquepierda.com\/historiarealbetis\/files\/2017\/10\/Entrevista-Fabao-2000.jpg?resize=165%2C220&amp;ssl=1 165w\" sizes=\"auto, (max-width: 330px) 100vw, 330px\" \/><\/a><\/p>\n<p>A finales de agosto del 2000 el Betis disput\u00f3 un amistoso contra el Flamengo, el club brasile\u00f1o en que por entonces estaba cedido Denilson.<\/p>\n<p>Entre los jugadores del equipo destac\u00f3 un central con un poderoso juego a\u00e9reo y su contundencia. Jos\u00e9 Fabio Alves era su nombre y a comienzos de septiembre el Betis se hizo con sus servicios a cambio de 425 millones de pesetas, que se descontaron del pago que el equipo carioca ten\u00eda que hacer por la cesi\u00f3n de Denilson.<\/p>\n<p>Su debut en Liga tuvo lugar en el Nuevo Vivero el 24 de septiembre contra el Badajoz, cuando en el minuto 65 supli\u00f3 a Fernando Varela. Estuvo jugando hasta que una lesi\u00f3n en noviembre le dej\u00f3 fuera del equipo hasta marzo del a\u00f1o siguiente.<\/p>\n<p>Precisamente de noviembre de 2000 es esta entrevista que se public\u00f3 en ABC y en la que Fabao relata sus or\u00edgenes familiares y su experiencia futbol\u00edstica.<\/p>\n<p><span style=\"color: #008000\"><em>Exageradamente humilde y con una sana ingenuidad en peligro de extinci\u00f3n. Fabao no ha sufrido demasiado trastorno por \u201catravesar el charco\u201d y adaptarse a otro estilo de vida. Su balc\u00f3n no da a la playa, como en R\u00edo de Janeiro, pero disfruta much\u00edsimo de su nueva aventura acompa\u00f1ado desde hace unas semanas por su mujer y su hija de cuatro meses, en una ciudad a la que se adapt\u00f3 \u201cel primer d\u00eda, porque es muy parecida a R\u00edo\u201d.<\/em><\/span><br \/>\n<span style=\"color: #008000\"><em>&#8211; Quiz\u00e1s all\u00ed hab\u00eda m\u00e1s fiestas con m\u00fasica de la que me gusta, un tipo de samba propia de mi Bah\u00eda natal, pero \u00e9sta es una ciudad muy buena para vivir, con un clima estupendo y una gente muy alegre, por eso me gusta saludar a todo el mundo<\/em><\/span><br \/>\n<span style=\"color: #008000\"><em>&#8211; \u00bfLe ha impresionado algo aqu\u00ed?<\/em><\/span><br \/>\n<span style=\"color: #008000\"><em>&#8211; Los coches, se ven algunos impresionantes. Y su precio. En Brasil son mucho m\u00e1s caros. Tambi\u00e9n las corridas de toros. A\u00fan no he ido a una plaza, pero las he visto por televisi\u00f3n y me gustan mucho<\/em><\/span><br \/>\n<span style=\"color: #008000\"><em>Como tantos en su pa\u00eds, Fabao proviene de un estrato social muy humilde. De ni\u00f1o sobreviv\u00eda so\u00f1ando con ser Garrincha, al que idolatra. No extra\u00f1a, por tanto, que le sorprenda lo poco que se valoran algunas cosas en nuestra sociedad.<\/em><\/span><br \/>\n<span style=\"color: #008000\"><em>&#8211; Mi vida era muy humilde, es cierto. Trabajaba en lo que pod\u00eda para ayudar a mi madre, y casi no iba a clase ni estudiaba. La pobre procuraba que yo fuera al colegio, y cuando volv\u00eda a casa se daba cuenta de que mi ropa estaba manchada de jugar al f\u00fatbol, de robar gallinas, ca\u00f1a de bamb\u00fa o mango. Por suerte, hoy tengo todo eso.<\/em><\/span><br \/>\n<span style=\"color: #008000\"><em>&#8211; \u00bfDe ni\u00f1o tambi\u00e9n era defensa?<\/em><\/span><br \/>\n<span style=\"color: #008000\"><em>&#8211; Antes jugaba de delantero centro, era un \u201cmatador\u201d\u2014risas&#8211;, pero en juveniles decidieron hacerme defensa por mi f\u00edsico. Por eso de vez en cuando busco el gol; alg\u00fan d\u00eda acertar\u00e9 con la porter\u00eda\u2014m\u00e1s risas&#8211;.<\/em><\/span><br \/>\n<span style=\"color: #008000\"><em>&#8211; Tiene usted fama entre la plantilla por su simpat\u00eda y su car\u00e1cter\u2026<\/em><\/span><br \/>\n<span style=\"color: #008000\"><em>&#8211; Debe de ser as\u00ed, no se puede poner buena cara y luego no ser simp\u00e1tico y amable. Hay que ser siempre igual, abierto, humilde, de coraz\u00f3n puro. En el vestuario hay gente muy buena, me han acogido muy bien, bromean mucho conmigo.<\/em><\/span><br \/>\n<span style=\"color: #008000\"><em>&#8211; \u00bfAlguna amistad especial en la plantilla?<\/em><\/span><br \/>\n<span style=\"color: #008000\"><em>&#8211; Todos son maravillosos. Quiz\u00e1s Prats, que es mi compa\u00f1ero de habitaci\u00f3n y tambi\u00e9n vive cerca de m\u00ed. Me llevo muy bien con \u00e9l, salimos\u2026 Parece serio, pero se r\u00ede mucho conmigo. Toda la plantilla est\u00e1 muy unida, por eso salen bien las cosas<\/em><\/span><br \/>\n<span style=\"color: #008000\"><em>&#8211; Con usted de por medio, la celebraci\u00f3n si se consigue el ascenso promete ser hist\u00f3rica\u2026<\/em><\/span><br \/>\n<span style=\"color: #008000\"><em>&#8211; Claro. Har\u00e9 una gran fiesta. Cerraremos una discoteca para nosotros y s\u00f3lo habr\u00e1 m\u00fasica brasile\u00f1a<\/em><\/span><br \/>\n<span style=\"color: #008000\"><em>&#8211; \u00bfY la afici\u00f3n?<\/em><\/span><br \/>\n<span style=\"color: #008000\"><em>&#8211; La mejor del mundo. Aqu\u00ed no te atosigan como en Brasil, siempre te aplauden, te animan incluso en la calle, te dicen \u201cvamos arriba\u201d. Hasta cuando el equipo est\u00e1 mal te apoyan.<\/em><\/span><br \/>\n<span style=\"color: #008000\"><em>Fabao mantiene una amistad muy s\u00f3lida con Denilson, con el que no pierde el contacto y espera jugar dentro de unos meses.<\/em><\/span><br \/>\n<span style=\"color: #008000\"><em>&#8211; Fue compa\u00f1ero de habitaci\u00f3n, y hablamos mucho por tel\u00e9fono. Siempre me da \u00e1nimos y me dice que el a\u00f1o que viene jugaremos juntos en Primera con el Betis. Denilson es como si fuera mi hermano, un 10 como persona. Aqu\u00ed tuvo mucha presi\u00f3n, ten\u00eda siempre a los defensas encima por su habilidad, pero volver\u00e1 con otra mentalidad, m\u00e1s tranquilo, y acabar\u00e1 triunfando aqu\u00ed. <\/em><\/span><br \/>\n<span style=\"color: #008000\"><em>Como su gran amigo, Fabao, que cuenta con 24 a\u00f1os, quiere llegar a vestir la \u201ccanarinha\u201d. <\/em><\/span><br \/>\n<span style=\"color: #008000\"><em>&#8211; Es lo que pretendo, pero no estar\u00eda mal hacerlo con la selecci\u00f3n espa\u00f1ola, si no lo he hecho antes con la de mi pa\u00eds y tengo la doble nacionalidad<\/em><\/span><br \/>\n<span style=\"color: #008000\"><em>El defensa sigue con inter\u00e9s la crisis actual de su anterior equipo, un Flamengo en el que estuvo tres temporadas.<\/em><\/span><br \/>\n<span style=\"color: #008000\"><em>&#8211; Mi madre me informa de todo lo que pasa all\u00ed. Son las cosas del f\u00fatbol, que es imprevisible, porque los jugadores son muy buenos, todos de selecci\u00f3n. En este deporte subes y bajas, pero ellos ir\u00e1n para arriba seguro \u00a0<\/em><\/span><\/p>\n","protected":false},"excerpt":{"rendered":"<p>A finales de agosto del 2000 el Betis disput\u00f3 un amistoso contra el Flamengo, el club brasile\u00f1o en que por entonces estaba cedido Denilson. Entre los jugadores del equipo destac\u00f3 un central con un poderoso juego a\u00e9reo y su contundencia. Jos\u00e9 Fabio Alves era su nombre y a comienzos de septiembre el Betis se hizo&#8230;<\/p>\n","protected":false},"author":5,"featured_media":61582,"comment_status":"open","ping_status":"open","sticky":false,"template":"","format":"standard","meta":{"_kad_post_transparent":"","_kad_post_title":"","_kad_post_layout":"","_kad_post_sidebar_id":"","_kad_post_content_style":"","_kad_post_vertical_padding":"","_kad_post_feature":"","_kad_post_feature_position":"","_kad_post_header":false,"_kad_post_footer":false,"_kad_post_classname":"","_jetpack_memberships_contains_paid_content":false,"footnotes":"","jetpack_publicize_message":"","jetpack_publicize_feature_enabled":true,"jetpack_social_post_already_shared":true,"jetpack_social_options":{"image_generator_settings":{"template":"highway","default_image_id":0,"font":"","enabled":false},"version":2}},"categories":[4823,893,1],"tags":[6730,2230,18740],"class_list":["post-61581","post","type-post","status-publish","format-standard","has-post-thumbnail","hentry","category-2000-2009","category-jugadores-temas","category-portada","tag-6730","tag-2000-01","tag-fabio-alves-fabao"],"jetpack_publicize_connections":[],"jetpack_featured_media_url":"https:\/\/i0.wp.com\/www.manquepierda.com\/historiarealbetis\/files\/2017\/10\/Entrevista-Fabao-2000.jpg?fit=330%2C441&ssl=1","jetpack_sharing_enabled":true,"jetpack_shortlink":"https:\/\/wp.me\/p1ij08-g1f","jetpack-related-posts":[],"_links":{"self":[{"href":"https:\/\/www.manquepierda.com\/historiarealbetis\/wp-json\/wp\/v2\/posts\/61581","targetHints":{"allow":["GET"]}}],"collection":[{"href":"https:\/\/www.manquepierda.com\/historiarealbetis\/wp-json\/wp\/v2\/posts"}],"about":[{"href":"https:\/\/www.manquepierda.com\/historiarealbetis\/wp-json\/wp\/v2\/types\/post"}],"author":[{"embeddable":true,"href":"https:\/\/www.manquepierda.com\/historiarealbetis\/wp-json\/wp\/v2\/users\/5"}],"replies":[{"embeddable":true,"href":"https:\/\/www.manquepierda.com\/historiarealbetis\/wp-json\/wp\/v2\/comments?post=61581"}],"version-history":[{"count":1,"href":"https:\/\/www.manquepierda.com\/historiarealbetis\/wp-json\/wp\/v2\/posts\/61581\/revisions"}],"predecessor-version":[{"id":104611,"href":"https:\/\/www.manquepierda.com\/historiarealbetis\/wp-json\/wp\/v2\/posts\/61581\/revisions\/104611"}],"wp:featuredmedia":[{"embeddable":true,"href":"https:\/\/www.manquepierda.com\/historiarealbetis\/wp-json\/wp\/v2\/media\/61582"}],"wp:attachment":[{"href":"https:\/\/www.manquepierda.com\/historiarealbetis\/wp-json\/wp\/v2\/media?parent=61581"}],"wp:term":[{"taxonomy":"category","embeddable":true,"href":"https:\/\/www.manquepierda.com\/historiarealbetis\/wp-json\/wp\/v2\/categories?post=61581"},{"taxonomy":"post_tag","embeddable":true,"href":"https:\/\/www.manquepierda.com\/historiarealbetis\/wp-json\/wp\/v2\/tags?post=61581"}],"curies":[{"name":"wp","href":"https:\/\/api.w.org\/{rel}","templated":true}]}}