{"id":61591,"date":"2017-10-10T07:43:43","date_gmt":"2017-10-10T05:43:43","guid":{"rendered":"http:\/\/www.manquepierda.com\/historiarealbetis\/?p=61591"},"modified":"2024-10-18T18:40:31","modified_gmt":"2024-10-18T16:40:31","slug":"entrenamientos-1946","status":"publish","type":"post","link":"https:\/\/www.manquepierda.com\/historiarealbetis\/entrenamientos-1946\/","title":{"rendered":"Entrenamientos 1946"},"content":{"rendered":"<p><a href=\"https:\/\/i0.wp.com\/www.manquepierda.com\/historiarealbetis\/files\/2017\/10\/Entrenamientos-Agosto-1946.jpg?ssl=1\"><img data-recalc-dims=\"1\" loading=\"lazy\" decoding=\"async\" class=\"aligncenter size-medium wp-image-61592\" src=\"https:\/\/i0.wp.com\/www.manquepierda.com\/historiarealbetis\/files\/2017\/10\/Entrenamientos-Agosto-1946.jpg?resize=680%2C448&#038;ssl=1\" alt=\"\" width=\"680\" height=\"448\" srcset=\"https:\/\/i0.wp.com\/www.manquepierda.com\/historiarealbetis\/files\/2017\/10\/Entrenamientos-Agosto-1946.jpg?resize=680%2C448&amp;ssl=1 680w, https:\/\/i0.wp.com\/www.manquepierda.com\/historiarealbetis\/files\/2017\/10\/Entrenamientos-Agosto-1946.jpg?resize=220%2C145&amp;ssl=1 220w, https:\/\/i0.wp.com\/www.manquepierda.com\/historiarealbetis\/files\/2017\/10\/Entrenamientos-Agosto-1946.jpg?resize=768%2C506&amp;ssl=1 768w, https:\/\/i0.wp.com\/www.manquepierda.com\/historiarealbetis\/files\/2017\/10\/Entrenamientos-Agosto-1946.jpg?w=959&amp;ssl=1 959w\" sizes=\"auto, (max-width: 680px) 100vw, 680px\" \/><\/a><\/p>\n<p>Imagen de los entrenamientos del Betis en Heli\u00f3polis en agosto de 1946. En ella podemos identificar al entrenador Patrick O\u00b4Connell y a los jugadores Angel Mart\u00edn \u00abSaro\u00bb y Francisco Ant\u00fanez.<\/p>\n<p>Estamos en una \u00e9poca en la que la pretemporada se iniciaba en la segunda mitad de agosto, dado que no se iniciaba la competici\u00f3n oficial hasta bien avanzado el mes de septiembre. Por ejemplo, en este a\u00f1o 1946 los entrenamientos se iniciaron en Heli\u00f3polis el 20 de agosto, mientras que el primer partido oficial se disput\u00f3 en casa contra el Mallorca el 22 de septiembre, en la jornada inicial de la Liga.<\/p>\n<p>Y como podemos ver en la imagen los entrenamientos se basaban en el bal\u00f3n. Ante las altas temperaturas que son propias de la fecha los entrenamientos se realizaban a primera hora de la ma\u00f1ana, y vemos con el entrenador b\u00e9tico se cubre la cabeza con un pa\u00f1uelo.<\/p>\n<p>&nbsp;<\/p>\n","protected":false},"excerpt":{"rendered":"<p>Imagen de los entrenamientos del Betis en Heli\u00f3polis en agosto de 1946. En ella podemos identificar al entrenador Patrick O\u00b4Connell y a los jugadores Angel Mart\u00edn \u00abSaro\u00bb y Francisco Ant\u00fanez. Estamos en una \u00e9poca en la que la pretemporada se iniciaba en la segunda mitad de agosto, dado que no se iniciaba la competici\u00f3n oficial&#8230;<\/p>\n","protected":false},"author":5,"featured_media":61592,"comment_status":"open","ping_status":"open","sticky":false,"template":"","format":"standard","meta":{"_kad_post_transparent":"","_kad_post_title":"","_kad_post_layout":"","_kad_post_sidebar_id":"","_kad_post_content_style":"","_kad_post_vertical_padding":"","_kad_post_feature":"","_kad_post_feature_position":"","_kad_post_header":false,"_kad_post_footer":false,"_kad_post_classname":"","_jetpack_memberships_contains_paid_content":false,"footnotes":"","jetpack_publicize_message":"","jetpack_publicize_feature_enabled":true,"jetpack_social_post_already_shared":true,"jetpack_social_options":{"image_generator_settings":{"template":"highway","default_image_id":0,"font":"","enabled":false},"version":2}},"categories":[900,1],"tags":[1283,2458,1057,340,1118,642],"class_list":["post-61591","post","type-post","status-publish","format-standard","has-post-thumbnail","hentry","category-1940-1949","category-portada","tag-1283","tag-1946-47","tag-angel-martin-saro","tag-entrenamientos","tag-francisco-antunez","tag-patrick-oconnell"],"jetpack_publicize_connections":[],"jetpack_featured_media_url":"https:\/\/i0.wp.com\/www.manquepierda.com\/historiarealbetis\/files\/2017\/10\/Entrenamientos-Agosto-1946.jpg?fit=959%2C632&ssl=1","jetpack_sharing_enabled":true,"jetpack_shortlink":"https:\/\/wp.me\/p1ij08-g1p","jetpack-related-posts":[],"_links":{"self":[{"href":"https:\/\/www.manquepierda.com\/historiarealbetis\/wp-json\/wp\/v2\/posts\/61591","targetHints":{"allow":["GET"]}}],"collection":[{"href":"https:\/\/www.manquepierda.com\/historiarealbetis\/wp-json\/wp\/v2\/posts"}],"about":[{"href":"https:\/\/www.manquepierda.com\/historiarealbetis\/wp-json\/wp\/v2\/types\/post"}],"author":[{"embeddable":true,"href":"https:\/\/www.manquepierda.com\/historiarealbetis\/wp-json\/wp\/v2\/users\/5"}],"replies":[{"embeddable":true,"href":"https:\/\/www.manquepierda.com\/historiarealbetis\/wp-json\/wp\/v2\/comments?post=61591"}],"version-history":[{"count":1,"href":"https:\/\/www.manquepierda.com\/historiarealbetis\/wp-json\/wp\/v2\/posts\/61591\/revisions"}],"predecessor-version":[{"id":100367,"href":"https:\/\/www.manquepierda.com\/historiarealbetis\/wp-json\/wp\/v2\/posts\/61591\/revisions\/100367"}],"wp:featuredmedia":[{"embeddable":true,"href":"https:\/\/www.manquepierda.com\/historiarealbetis\/wp-json\/wp\/v2\/media\/61592"}],"wp:attachment":[{"href":"https:\/\/www.manquepierda.com\/historiarealbetis\/wp-json\/wp\/v2\/media?parent=61591"}],"wp:term":[{"taxonomy":"category","embeddable":true,"href":"https:\/\/www.manquepierda.com\/historiarealbetis\/wp-json\/wp\/v2\/categories?post=61591"},{"taxonomy":"post_tag","embeddable":true,"href":"https:\/\/www.manquepierda.com\/historiarealbetis\/wp-json\/wp\/v2\/tags?post=61591"}],"curies":[{"name":"wp","href":"https:\/\/api.w.org\/{rel}","templated":true}]}}