{"id":61647,"date":"2017-10-15T09:37:33","date_gmt":"2017-10-15T07:37:33","guid":{"rendered":"http:\/\/www.manquepierda.com\/historiarealbetis\/?p=61647"},"modified":"2024-09-04T07:51:55","modified_gmt":"2024-09-04T05:51:55","slug":"quino-la-forja-rebelde-alfredo-relano","status":"publish","type":"post","link":"https:\/\/www.manquepierda.com\/historiarealbetis\/quino-la-forja-rebelde-alfredo-relano\/","title":{"rendered":"Quino, la forja de un rebelde, de Alfredo Rela\u00f1o"},"content":{"rendered":"<p><a href=\"https:\/\/i0.wp.com\/www.manquepierda.com\/historiarealbetis\/files\/2017\/10\/Quino.jpg?ssl=1\"><img data-recalc-dims=\"1\" loading=\"lazy\" decoding=\"async\" class=\"alignleft size-medium wp-image-61650\" src=\"https:\/\/i0.wp.com\/www.manquepierda.com\/historiarealbetis\/files\/2017\/10\/Quino.jpg?resize=287%2C600&#038;ssl=1\" alt=\"\" width=\"287\" height=\"600\" srcset=\"https:\/\/i0.wp.com\/www.manquepierda.com\/historiarealbetis\/files\/2017\/10\/Quino.jpg?resize=287%2C600&amp;ssl=1 287w, https:\/\/i0.wp.com\/www.manquepierda.com\/historiarealbetis\/files\/2017\/10\/Quino.jpg?resize=105%2C220&amp;ssl=1 105w, https:\/\/i0.wp.com\/www.manquepierda.com\/historiarealbetis\/files\/2017\/10\/Quino.jpg?w=300&amp;ssl=1 300w\" sizes=\"auto, (max-width: 287px) 100vw, 287px\" \/><\/a><\/p>\n<p>&nbsp;<\/p>\n<p>Joaqu\u00edn Sierra Vallejo, \u00abQuino\u00bb, fue todo un paradigma en su \u00e9poca. \u00c9l fue el futbolista que se enfrent\u00f3 a la reglamentaci\u00f3n entonces vigente en el f\u00fatbol, que, a trav\u00e9s del derecho de retenci\u00f3n, imped\u00eda al futbolista abandonar el club incluso cuando su contrato finalizaba, ya que la legislaci\u00f3n deportiva permit\u00eda al club retenerlo aun en contra de su voluntad, simplemente incrementado la ficha del futbolista un 10%.<\/p>\n<p>&nbsp;<\/p>\n<p>Una pr\u00e1ctica que estuvo en vigor entre 1966 y 1979 y que fue eliminada merced a la presi\u00f3n ejercida por la Asociaci\u00f3n de Futbolistas Espa\u00f1oles, con Quino al frente de la organizaci\u00f3n, cuando se hab\u00eda retirado del f\u00fatbol profesional un a\u00f1o antes.<\/p>\n<p>&nbsp;<\/p>\n<p>En el a\u00f1o 2015 el periodista Alfredo Rela\u00f1o en las p\u00e1ginas de El Pa\u00eds rememor\u00f3 a Joaqu\u00edn Sierra \u00abQuino\u00bb, un futbolista que emprendi\u00f3 una lucha tit\u00e1nica, individual y solitaria contra un sistema injusto que le derrot\u00f3 en un principio, pero que al final consigui\u00f3 doblegar.<\/p>\n<p>&nbsp;<\/p>\n<p>&nbsp;<\/p>\n<p>&nbsp;<\/p>\n<p>&nbsp;<\/p>\n<p>&nbsp;<\/p>\n<p><span style=\"color: #008000\"><em>\u00a0Joaqu\u00edn Sierra Vallejo, Quino para el mundo del f\u00fatbol, no fue un jugador corriente. Se enfrent\u00f3 a su \u00e9poca y podemos decir que en cierto modo perdi\u00f3. Pero el tiempo le dar\u00eda satisfacci\u00f3n, para suerte de todos sus colegas.<\/em><\/span><\/p>\n<p><span style=\"color: #008000\"><em>Quino era un chico instruido, cosa no habitual entre los futbolistas de la \u00e9poca. Su padre, Juan Sierra, era un conocido poeta de la generaci\u00f3n del 27 cuyos tres hijos, Juan, Ignacio y Joaqu\u00edn, destacaron desde ni\u00f1os en los descampados del barrio Le\u00f3n, al final de Triana. El mayor fue juvenil del Sevilla, el segundo y el tercero, del Betis. De Ignacio dicen todos que era el mejor, pero una fractura de pierna con la Selecci\u00f3n Juvenil Andaluza le parti\u00f3 la carrera. El que m\u00e1s lejos lleg\u00f3 fue Joaqu\u00edn, Quino.<\/em><\/span><\/p>\n<p><span style=\"color: #008000\"><em>Ya era la bomba como juvenil. Y en el Triana, filial del Betis. Estudiaba para aparejador, pero se le ve\u00eda que podr\u00eda ganarse la vida con el f\u00fatbol. En la 63-64, a\u00fan en edad juvenil, Balmanya le echa el ojo y le sube a entrenar con los mayores. Incluso lo alinea en partido oficial de Primera, contra el Pontevedra aquel del hai que roelo.<\/em><\/span><\/p>\n<p><span style=\"color: #008000\"><em>Y all\u00ed viene el primer desenga\u00f1o. Le dicen que tiene que firmar ficha profesional para debutar en Primera. Y \u00e9l, con la ilusi\u00f3n, firma. M\u00e1s tarde se enterar\u00e1 de que no s\u00f3lo no era necesaria esa ficha, sino incluso que no se pod\u00eda inscribir como profesional a un juvenil. Pero le han hecho firmar y est\u00e1 atrapado de por vida por el derecho de retenci\u00f3n, que permit\u00eda a los clubes, aun sin la anuencia del jugador, prorrogar el contrato al fin del mismo con s\u00f3lo subir el 10 %. Aquello entonces parec\u00eda normal. A Quino, instruido, inquieto, de alma izquierdista y rebelde, le pareci\u00f3 indignante.<\/em><\/span><\/p>\n<p><span style=\"color: #008000\"><em>Ya era futbolista, debut\u00f3 haciendo ala con Luis Aragon\u00e9s, pero se sinti\u00f3 ultrajado desde el primer d\u00eda. Luego, su carrera sigui\u00f3 su curso. Se instal\u00f3 como titular, se hizo \u00eddolo local. Tuvo la satisfacci\u00f3n de jugar contra Di St\u00e9fano el \u00faltimo partido oficial de este. Di St\u00e9fano jug\u00f3 de medio, Quino de interior, se marcaron el uno al otro, lo que consider\u00f3 un honor. Esa misma temporada, la 65-66, bajaron a Segunda, pero en la Copa eliminaron al Madrid ye-y\u00e9, a los tres d\u00edas de proclamarse campe\u00f3n de Europa, y llegaron a semifinales. En la ida de esa eliminatoria tambi\u00e9n se despidi\u00f3 del f\u00fatbol en el campo del Betis, Puskas.<\/em><\/span><\/p>\n<p><span style=\"color: #008000\"><em>Toc\u00f3 jugar en Segunda, subir, volver a bajar la 67-68, en uni\u00f3n del Sevilla. Quino iba creciendo y se convirti\u00f3 en el mejor jugador de la categor\u00eda. En la 68-69 marca 33 goles en Segunda, una barbaridad y Kubala le hace debutar en la Selecci\u00f3n, contra Finlandia. Un jugador de Segunda en la Selecci\u00f3n era algo absolutamente excepcional. El Madrid intenta reiteradamente ficharle, pero se niegan a venderle.<\/em><\/span><\/p>\n<p><span style=\"color: #008000\"><em>Al final de la 69-70 termina su primer contrato, y pide que, ya que no le venden al Madrid, que le mejoren bien. Le quieren aplicar el 10% y \u00e9l anuncia que se retira. Al fin le hacen un buen contrato, pero luego llegan represalias: cada poco, una multa, por falta de esp\u00edritu en el entrenamiento, o por lo que sea. Represalias mezquinas, entiende \u00e9l. Teme que as\u00ed no va a poder seguir. A la hora de viajar a un trofeo amistoso, el Montilla-Moriles, se niega a ir, dice que lo deja. El secretario, Mauduit, tiene una larga conversaci\u00f3n y le convence. \u00c9l le dice que s\u00f3lo va si es para jugar, porque teme que le lleven para humillarle con el banquillo. Llega, y \u00a1zas! banquillo. Se va a la grada con un periodista amigo.<\/em><\/span><\/p>\n<p><span style=\"color: #008000\"><em>Vuelven a convencerle, paran las multas, vuelve a ser titular. Pero el 12 de octubre de 1970 se produce una escena definitiva. En el descanso del Betis-Moscard\u00f3, baja Pepe Le\u00f3n, vicepresidente, enfadado, porque a su juicio est\u00e1n jugando mal:<\/em><\/span><br \/>\n<span style=\"color: #008000\"><em>\u2014\u00a1No tienen ustedes verg\u00fcenza!<\/em><\/span><br \/>\n<span style=\"color: #008000\"><em>Quino no se aguanta:<\/em><\/span><br \/>\n<span style=\"color: #008000\"><em>\u2014\u00a1El que no tiene verg\u00fcenza es usted! \u00bfC\u00f3mo puede bajar aqu\u00ed a insultar a unos profesionales? \u00a1Salga ahora mismo!<\/em><\/span><\/p>\n<p><span style=\"color: #008000\"><em>El partido lo gana el Betis, pero Quino no vuelve. Pasar\u00e1 unos meses entren\u00e1ndose en las instalaciones de Piscinas Sevilla, con los toreros: Pepe Luis padre, Carriles, El Vito, Manolo Cort\u00e9s\u2026 Al final de la Liga le busca el Betis. El Valencia est\u00e1 dispuesto a pagar 18 millones por \u00e9l. No es el Madrid, pero ha ganado la Liga y lo entrena Di St\u00e9fano, su \u00eddolo. Quino regresa, se entrena y ficha por el Valencia.<\/em><\/span><\/p>\n<p><span style=\"color: #008000\"><em>Ah\u00ed jugar\u00e1 cinco temporadas. Volvi\u00f3 a la Selecci\u00f3n, donde altern\u00f3 en el puesto de delantero centro con G\u00e1rate, entre otros. Luego terminar\u00e1 en el C\u00e1diz. Deja el f\u00fatbol a los 33, pensando que las cosas podr\u00edan haber sido diferentes con otras normas o con otras personas al frente del Betis. Que podr\u00eda haber hecho una gran carrera en el Madrid y en la Selecci\u00f3n. Pero contento porque ha salvado su dignidad.<\/em><\/span><\/p>\n<p><span style=\"color: #008000\"><em>En la Transici\u00f3n, hay un movimiento para crear un sindicato de futbolistas, la AFE. En la primera reuni\u00f3n de jugadores andaluces en Sevilla le piden que acuda, aunque est\u00e9 retirado, y le env\u00edan como delegado a Madrid. All\u00ed asiste a las sesiones fundacionales. A la hora de elegir presidente, hay empate entre Villar y \u00e9l. \u00c9l sugiere que sea Villar, abogado, pero los andaluces insisten en que se repita la votaci\u00f3n y gana. Es el primer presidente de la AFE.<\/em><\/span><\/p>\n<p><span style=\"color: #008000\"><em>Esa AFE inicial provoc\u00f3 dos huelgas de verdad, lejanas del postureo actual, que entre otras cosas metieron a los jugadores en la Seguridad Social y sirvieron para abolir el derecho de retenci\u00f3n. Los presidentes dejaron de ser se\u00f1ores de horca y cuchillo. Quino, rebelde con causa, consigui\u00f3 dar un sentido positivo a sus malas experiencias.<\/em><\/span><\/p>\n<p><span style=\"color: #008000\"><em>Hoy mira el mar desde un piso alto sobre la playa de C\u00e1diz. Piensa que, despu\u00e9s de todo, mereci\u00f3 la pena.<\/em><\/span><\/p>\n","protected":false},"excerpt":{"rendered":"<p>&nbsp; Joaqu\u00edn Sierra Vallejo, \u00abQuino\u00bb, fue todo un paradigma en su \u00e9poca. \u00c9l fue el futbolista que se enfrent\u00f3 a la reglamentaci\u00f3n entonces vigente en el f\u00fatbol, que, a trav\u00e9s del derecho de retenci\u00f3n, imped\u00eda al futbolista abandonar el club incluso cuando su contrato finalizaba, ya que la legislaci\u00f3n deportiva permit\u00eda al club retenerlo aun&#8230;<\/p>\n","protected":false},"author":5,"featured_media":61650,"comment_status":"open","ping_status":"open","sticky":false,"template":"","format":"standard","meta":{"_kad_post_transparent":"","_kad_post_title":"","_kad_post_layout":"","_kad_post_sidebar_id":"","_kad_post_content_style":"","_kad_post_vertical_padding":"","_kad_post_feature":"","_kad_post_feature_position":"","_kad_post_header":false,"_kad_post_footer":false,"_kad_post_classname":"","_jetpack_memberships_contains_paid_content":false,"footnotes":"","jetpack_publicize_message":"","jetpack_publicize_feature_enabled":true,"jetpack_social_post_already_shared":true,"jetpack_social_options":{"image_generator_settings":{"template":"highway","default_image_id":0,"font":"","enabled":false},"version":2}},"categories":[1,1176],"tags":[6351,1621],"class_list":["post-61647","post","type-post","status-publish","format-standard","has-post-thumbnail","hentry","category-portada","category-relatos-de-futbol","tag-alfredo-relano","tag-joaquin-sierra-quino"],"jetpack_publicize_connections":[],"jetpack_featured_media_url":"https:\/\/i0.wp.com\/www.manquepierda.com\/historiarealbetis\/files\/2017\/10\/Quino.jpg?fit=300%2C628&ssl=1","jetpack_sharing_enabled":true,"jetpack_shortlink":"https:\/\/wp.me\/p1ij08-g2j","jetpack-related-posts":[],"_links":{"self":[{"href":"https:\/\/www.manquepierda.com\/historiarealbetis\/wp-json\/wp\/v2\/posts\/61647","targetHints":{"allow":["GET"]}}],"collection":[{"href":"https:\/\/www.manquepierda.com\/historiarealbetis\/wp-json\/wp\/v2\/posts"}],"about":[{"href":"https:\/\/www.manquepierda.com\/historiarealbetis\/wp-json\/wp\/v2\/types\/post"}],"author":[{"embeddable":true,"href":"https:\/\/www.manquepierda.com\/historiarealbetis\/wp-json\/wp\/v2\/users\/5"}],"replies":[{"embeddable":true,"href":"https:\/\/www.manquepierda.com\/historiarealbetis\/wp-json\/wp\/v2\/comments?post=61647"}],"version-history":[{"count":1,"href":"https:\/\/www.manquepierda.com\/historiarealbetis\/wp-json\/wp\/v2\/posts\/61647\/revisions"}],"predecessor-version":[{"id":98560,"href":"https:\/\/www.manquepierda.com\/historiarealbetis\/wp-json\/wp\/v2\/posts\/61647\/revisions\/98560"}],"wp:featuredmedia":[{"embeddable":true,"href":"https:\/\/www.manquepierda.com\/historiarealbetis\/wp-json\/wp\/v2\/media\/61650"}],"wp:attachment":[{"href":"https:\/\/www.manquepierda.com\/historiarealbetis\/wp-json\/wp\/v2\/media?parent=61647"}],"wp:term":[{"taxonomy":"category","embeddable":true,"href":"https:\/\/www.manquepierda.com\/historiarealbetis\/wp-json\/wp\/v2\/categories?post=61647"},{"taxonomy":"post_tag","embeddable":true,"href":"https:\/\/www.manquepierda.com\/historiarealbetis\/wp-json\/wp\/v2\/tags?post=61647"}],"curies":[{"name":"wp","href":"https:\/\/api.w.org\/{rel}","templated":true}]}}