{"id":61653,"date":"2017-10-09T18:24:21","date_gmt":"2017-10-09T16:24:21","guid":{"rendered":"http:\/\/www.manquepierda.com\/historiarealbetis\/?p=61653"},"modified":"2024-09-02T18:36:30","modified_gmt":"2024-09-02T16:36:30","slug":"valencia-club-futbol-primera-division-1964-1965-villamarin-2017-x-15","status":"publish","type":"post","link":"https:\/\/www.manquepierda.com\/historiarealbetis\/valencia-club-futbol-primera-division-1964-1965-villamarin-2017-x-15\/","title":{"rendered":"Valencia Club F\u00fatbol-Primera Divisi\u00f3n 1964-1965.-Villamar\u00edn 2017-X-15."},"content":{"rendered":"<p style=\"text-align: center\"><img data-recalc-dims=\"1\" loading=\"lazy\" decoding=\"async\" class=\"aligncenter size-full wp-image-61654\" src=\"https:\/\/i0.wp.com\/www.manquepierda.com\/historiarealbetis\/files\/2017\/10\/VCF1964-1965%C3%81lbumCromosLaCasera.jpg?resize=1290%2C1663&#038;ssl=1\" alt=\"\" width=\"1290\" height=\"1663\" srcset=\"https:\/\/i0.wp.com\/www.manquepierda.com\/historiarealbetis\/files\/2017\/10\/VCF1964-1965%C3%81lbumCromosLaCasera.jpg?w=2376&amp;ssl=1 2376w, https:\/\/i0.wp.com\/www.manquepierda.com\/historiarealbetis\/files\/2017\/10\/VCF1964-1965%C3%81lbumCromosLaCasera.jpg?resize=171%2C220&amp;ssl=1 171w, https:\/\/i0.wp.com\/www.manquepierda.com\/historiarealbetis\/files\/2017\/10\/VCF1964-1965%C3%81lbumCromosLaCasera.jpg?resize=465%2C600&amp;ssl=1 465w, https:\/\/i0.wp.com\/www.manquepierda.com\/historiarealbetis\/files\/2017\/10\/VCF1964-1965%C3%81lbumCromosLaCasera.jpg?resize=768%2C990&amp;ssl=1 768w, https:\/\/i0.wp.com\/www.manquepierda.com\/historiarealbetis\/files\/2017\/10\/VCF1964-1965%C3%81lbumCromosLaCasera.jpg?resize=543%2C700&amp;ssl=1 543w\" sizes=\"auto, (max-width: 1290px) 100vw, 1290px\" \/><\/p>\n<p style=\"text-align: center\">PRIMERA DIVISI\u00d3N TEMPORADA 1964-1965 ALBUM CROMOS \u00abLA CASERA\u00bb:<\/p>\n<p style=\"text-align: center\">De izquierda \u00e1 derecha, desde parte superior \u00e1 inferior:<\/p>\n<p>Ricardo Zamora Grassa y Cipriano Antonio Gonz\u00e1lez Rivero (a) \u00ab\u00d1ITO\u00bb.<\/p>\n<p>Vicente Piquer Mora, Alberto Arnal Andr\u00e9s y Jos\u00e9 Antonio Urtiaga Albuzu,<\/p>\n<p>Francisco Garc\u00eda G\u00f3mez (a) \u00abPAQUITO\u00bb y Roberto Gil Esteve.<\/p>\n<p>Manuel Mestre Torres, Jos\u00e9 Mar\u00eda S\u00e1nchez Lage, Waldo Machado Da Silva, Vicente Guillot Fabi\u00e1n y Andr\u00e9s Parada Alvite (a) \u00abSUCO\u00bb.<\/p>\n<p>Entrenador Edmundo Su\u00e1rez Trabanco.<\/p>\n<p>&nbsp;<\/p>\n","protected":false},"excerpt":{"rendered":"<p>PRIMERA DIVISI\u00d3N TEMPORADA 1964-1965 ALBUM CROMOS \u00abLA CASERA\u00bb: De izquierda \u00e1 derecha, desde parte superior \u00e1 inferior: Ricardo Zamora Grassa y Cipriano Antonio Gonz\u00e1lez Rivero (a) \u00ab\u00d1ITO\u00bb. Vicente Piquer Mora, Alberto Arnal Andr\u00e9s y Jos\u00e9 Antonio Urtiaga Albuzu, Francisco Garc\u00eda G\u00f3mez (a) \u00abPAQUITO\u00bb y Roberto Gil Esteve. Manuel Mestre Torres, Jos\u00e9 Mar\u00eda S\u00e1nchez Lage, Waldo&#8230;<\/p>\n","protected":false},"author":48,"featured_media":61654,"comment_status":"open","ping_status":"open","sticky":false,"template":"","format":"standard","meta":{"_kad_post_transparent":"","_kad_post_title":"","_kad_post_layout":"","_kad_post_sidebar_id":"","_kad_post_content_style":"","_kad_post_vertical_padding":"","_kad_post_feature":"","_kad_post_feature_position":"","_kad_post_header":false,"_kad_post_footer":false,"_kad_post_classname":"","_jetpack_memberships_contains_paid_content":false,"footnotes":"","jetpack_publicize_message":"","jetpack_publicize_feature_enabled":true,"jetpack_social_post_already_shared":true,"jetpack_social_options":{"image_generator_settings":{"template":"highway","default_image_id":0,"font":"","enabled":false},"version":2}},"categories":[895,1],"tags":[17903,2285],"class_list":["post-61653","post","type-post","status-publish","format-standard","has-post-thumbnail","hentry","category-los-rivales","category-portada","tag-liga-primera-1964-65","tag-valencia-cf"],"jetpack_publicize_connections":[],"jetpack_featured_media_url":"https:\/\/i0.wp.com\/www.manquepierda.com\/historiarealbetis\/files\/2017\/10\/VCF1964-1965%C3%81lbumCromosLaCasera.jpg?fit=2376%2C3063&ssl=1","jetpack_sharing_enabled":true,"jetpack_shortlink":"https:\/\/wp.me\/p1ij08-g2p","jetpack-related-posts":[],"_links":{"self":[{"href":"https:\/\/www.manquepierda.com\/historiarealbetis\/wp-json\/wp\/v2\/posts\/61653","targetHints":{"allow":["GET"]}}],"collection":[{"href":"https:\/\/www.manquepierda.com\/historiarealbetis\/wp-json\/wp\/v2\/posts"}],"about":[{"href":"https:\/\/www.manquepierda.com\/historiarealbetis\/wp-json\/wp\/v2\/types\/post"}],"author":[{"embeddable":true,"href":"https:\/\/www.manquepierda.com\/historiarealbetis\/wp-json\/wp\/v2\/users\/48"}],"replies":[{"embeddable":true,"href":"https:\/\/www.manquepierda.com\/historiarealbetis\/wp-json\/wp\/v2\/comments?post=61653"}],"version-history":[{"count":1,"href":"https:\/\/www.manquepierda.com\/historiarealbetis\/wp-json\/wp\/v2\/posts\/61653\/revisions"}],"predecessor-version":[{"id":98463,"href":"https:\/\/www.manquepierda.com\/historiarealbetis\/wp-json\/wp\/v2\/posts\/61653\/revisions\/98463"}],"wp:featuredmedia":[{"embeddable":true,"href":"https:\/\/www.manquepierda.com\/historiarealbetis\/wp-json\/wp\/v2\/media\/61654"}],"wp:attachment":[{"href":"https:\/\/www.manquepierda.com\/historiarealbetis\/wp-json\/wp\/v2\/media?parent=61653"}],"wp:term":[{"taxonomy":"category","embeddable":true,"href":"https:\/\/www.manquepierda.com\/historiarealbetis\/wp-json\/wp\/v2\/categories?post=61653"},{"taxonomy":"post_tag","embeddable":true,"href":"https:\/\/www.manquepierda.com\/historiarealbetis\/wp-json\/wp\/v2\/tags?post=61653"}],"curies":[{"name":"wp","href":"https:\/\/api.w.org\/{rel}","templated":true}]}}