{"id":61657,"date":"2017-10-16T07:20:06","date_gmt":"2017-10-16T05:20:06","guid":{"rendered":"http:\/\/www.manquepierda.com\/historiarealbetis\/?p=61657"},"modified":"2024-09-03T17:59:38","modified_gmt":"2024-09-03T15:59:38","slug":"entrevista-antonio-barrios-1967","status":"publish","type":"post","link":"https:\/\/www.manquepierda.com\/historiarealbetis\/entrevista-antonio-barrios-1967\/","title":{"rendered":"Entrevista Antonio Barrios 1967"},"content":{"rendered":"<p><a href=\"https:\/\/i0.wp.com\/www.manquepierda.com\/historiarealbetis\/files\/2017\/10\/antonio-barrios.jpg?ssl=1\"><img data-recalc-dims=\"1\" loading=\"lazy\" decoding=\"async\" class=\"aligncenter size-full wp-image-61658\" src=\"https:\/\/i0.wp.com\/www.manquepierda.com\/historiarealbetis\/files\/2017\/10\/antonio-barrios.jpg?resize=268%2C374&#038;ssl=1\" alt=\"\" width=\"268\" height=\"374\" srcset=\"https:\/\/i0.wp.com\/www.manquepierda.com\/historiarealbetis\/files\/2017\/10\/antonio-barrios.jpg?w=268&amp;ssl=1 268w, https:\/\/i0.wp.com\/www.manquepierda.com\/historiarealbetis\/files\/2017\/10\/antonio-barrios.jpg?resize=158%2C220&amp;ssl=1 158w\" sizes=\"auto, (max-width: 268px) 100vw, 268px\" \/><\/a><\/p>\n<p>Antonio Barrios inici\u00f3 su segunda etapa como entrenador del Real Betis Balompi\u00e9 en la jornada 18 en enero de 1967. Tras su exitosa primera experiencia, con el ascenso a Primera Divisi\u00f3n en la temporada 1957-58 y su magn\u00edfico 6\u00ba puesto en la 1958-59, pas\u00f3 por Espanyol, Elche, Sevilla, Real Sociedad, Athletic y Valladolid.<\/p>\n<p>En las 13 jornadas que quedaban para finalizar el Campeonato de Liga de Segunda Divisi\u00f3n obtuvo 9 victorias, 2 empates y 2 derrotas, que llevaron al equipo a la segunda posici\u00f3n de la tabla clasificatoria, detr\u00e1s del CD M\u00e1laga, lo que supon\u00eda disputar la promoci\u00f3n de ascenso contra el Granada.<\/p>\n<p>Pero la disputa de esta promoci\u00f3n se paraliz\u00f3, dado que el Granada a\u00fan continuaba clasificado para la Copa, mientras que el Betis, despu\u00e9s de un brillante papel, estaba ya eliminado. El equipo nazar\u00ed a\u00fan tuvo que jugar la ronda de cuartos de final contra el Elche, los d\u00edas 3 y 11 de junio, y en la que los ilicitanos se impusieron.<\/p>\n<p>El Betis mientras tanto, para no perder el ritmo competitivo, organiz\u00f3 2 amistosos en el Villamar\u00edn contra el H\u00e9rcules y contra el Flamengo. Todo esto nos lo cuenta Antonio Barrios en esta entrevista que se public\u00f3 en Marca el 3 de junio de 1967 con el corresponsal del diario deportivo en Sevilla Juan Manuel Borbujo. En ella se hace alusi\u00f3n a la otra eliminatoria de promoci\u00f3n que se ten\u00eda que disputar, y en la que el Sevilla defend\u00eda su plaza contra el Spoting de Gij\u00f3n.<\/p>\n<p>No fue hasta el 18 y el 25 de junio cuando el Betis se enfrent\u00f3 al Granada, ganando los 2 partidos y subiendo a Primera Divisi\u00f3n.<\/p>\n<p>&nbsp;<\/p>\n<p><span style=\"color: #008000\"><em>El Betis \u201dvela sus armas\u201d ante el r\u00e1pido y duro batallar que le aguarda: el de la promoci\u00f3n para el retorno a la Divisi\u00f3n de Honor. Ante el Granada. Pero los granadinos se mantienen en la Copa del General\u00edsimo, mientras que los b\u00e9ticos han quedado eliminados. Sin embargo se considera m\u00e1s espectacular el tr\u00e1nsito del Betis por la Copa, que la ejecutoria del Granada, pese a continuar este equipo en el torneo. Porque los adversarios de los blanquiverdes fueron nada menos que el segundo y el tercero de la Liga: elimin\u00f3 a uno y cay\u00f3 ante el otro, mientras que los adversarios del equipo de Los C\u00e1rmenes han sido de menor consistencia, y as\u00ed y todo han precisado un partido de desempate para seguir adelante. Todo ello ha marcado la pauta y acaso sea el momento de hacer recuento y compartir criterios. Y para ello nadie mejor que el entrenador b\u00e9tico, alma y vida del Betis de hoy.<\/em><\/span><\/p>\n<p><span style=\"color: #008000\"><em>Y fuimos a ver a Antonio Barrios, cuya reaparici\u00f3n profesional despu\u00e9s del forzado apartamiento por enfermedad, no ha podido ser m\u00e1s brillante. Y pasamos largo rato con el entrenador b\u00e9tico en el hall del Hotel La R\u00e1bida, donde suele quedarse \u201ccomo en su propia casa\u201d cuando permanece en Sevilla.<\/em><\/span><\/p>\n<p><span style=\"color: #008000\"><em>Y empezamos hablando de si consideraba conveniente este \u201cpar\u00f3n\u201d en la marcha firme del equipo, en v\u00edsperas de las trascendentales jornadas que se avecinan.<\/em><\/span><\/p>\n<ul>\n<li><span style=\"color: #008000\"><em>La verdad es que lo mejor hubiera sido continuar en la Copa del General\u00edsimo, por cuanto tiene de preparaci\u00f3n y puesta a punto real. Tambi\u00e9n es muy necesario no \u201cquemar\u201d al equipo antes las l\u00f3gicas exigencias del p\u00fablico, que al observar la marcha del cuadro, ped\u00eda m\u00e1s y m\u00e1s. Pero, entre lo uno y lo otro, no tenemos por qu\u00e9 lamentarnos de haber quedado en suspenso. Lo deseable hubiese sido que el Granada estuviese ya en disposici\u00f3n de ventilar su situaci\u00f3n en Primera Divisi\u00f3n, y que tanto un equipo como el otro hubiese salido o estuviese en el trance de decidir la cuesti\u00f3n y dar por terminada la temporada. Ahora bien, ante la necesidad de esperar a que termine el Granada la permanencia en la Copa, el Betis ha concertado dos encuentros amistosos con adversarios de categor\u00eda, para galvanizar la puesta a punto, probar y aquilatar las posibilidades de nuestros jugadores y cubrir fechas<\/em><\/span><\/li>\n<li><span style=\"color: #008000\"><em>\u00bfCu\u00e1les son esos adversarios y en qu\u00e9 fechas se disputan los encuentros?<\/em><\/span><\/li>\n<li><span style=\"color: #008000\"><em>Los dos se juegan aqu\u00ed, en Sevilla, en el estadio Villamar\u00edn. Los dos en fines de semana, en s\u00e1bado el primero, el pr\u00f3ximo d\u00eda 3, frente al H\u00e9rcules de Alicante; el segundo en la noche del 10, ante el Flamengo brasile\u00f1o. Adversarios id\u00f3neos para cuanto deseamos constatar la situaci\u00f3n de los jugadores de la plantilla.<\/em><\/span><\/li>\n<li><span style=\"color: #008000\"><em>\u00bfEst\u00e1s contento con tu plantilla?<\/em><\/span><\/li>\n<li><span style=\"color: #008000\"><em>Mucho, por todo. Por lo que valen, por lo que rinden y por su disciplina. Para m\u00ed, la actual plantilla del Betis es una de las mejores de Espa\u00f1a, por lo que acabo de decirte. Y lo est\u00e1 demostrando<\/em><\/span><\/li>\n<li><span style=\"color: #008000\"><em>\u00a1Es obra tuya\u00a1<\/em><\/span><\/li>\n<\/ul>\n<p><span style=\"color: #008000\"><em>Barrios sonr\u00ede modesto y comenta:<\/em><\/span><\/p>\n<ul>\n<li><span style=\"color: #008000\"><em>Ya estaba cuando llegu\u00e9. Hac\u00eda falta que alguien se decidiera y la pusiera en activo. En el f\u00fatbol sobran los nombres y hacen falta hombres. Y para esto hay que decidirse<\/em><\/span><\/li>\n<li><span style=\"color: #008000\"><em>Y ser valiente<\/em><\/span><\/li>\n<li><span style=\"color: #008000\"><em>Mejor que eso, cumplir con honradez las obligaciones profesionales sin escudarse en \u201clo que ya fue\u201d y te\u00f3ricamente parece tener m\u00e1s garant\u00eda.<\/em><\/span><\/li>\n<li><span style=\"color: #008000\"><em>Has permanecido, con \u00e9sta, dos veces en el Betis, \u00bfcu\u00e1l ha sido mejor plantilla? \u00bfAqu\u00e9lla que empleaste en el anterior ascenso a Primera o \u00e9sta?<\/em><\/span><\/li>\n<li><span style=\"color: #008000\"><em>Sin lugar a dudas \u00e9sta. En la otra abundaba la indisciplina, hab\u00eda que tener mano dura y nervios de acero; \u00e9sta es magn\u00edfica en todos los aspectos. Ni un solo lunar. Con ella se pueden hacer muchas cosas, hasta intentar la reincorporaci\u00f3n a Primera Divisi\u00f3n<\/em><\/span><\/li>\n<li><span style=\"color: #008000\"><em>\u00bfLo conseguir\u00e1?<\/em><\/span><\/li>\n<\/ul>\n<p><span style=\"color: #008000\"><em>Nueva sonrisa de nuestro interlocutor y respuesta adecuada:<\/em><\/span><\/p>\n<ul>\n<li><span style=\"color: #008000\"><em>Lo pretenderemos. Conozco al Granada y creemos que si la suerte no nos es adversa podemos conseguirlo. Haremos cuanto humanamente sea posible<\/em><\/span><\/li>\n<\/ul>\n<p><span style=\"color: #008000\"><em>Aprovechamos la ocasi\u00f3n para inquirir curiosos:<\/em><\/span><\/p>\n<ul>\n<li><span style=\"color: #008000\"><em>\u00bfEs cierto que existe discrepancia de criterios en el seno directivo, e incluso que algunos creen m\u00e1s conveniente dejar el ascenso para otra temporada y continuar haciendo el equipo en Segunda, a la par de mantener la econom\u00eda, la pol\u00edtica ultraecon\u00f3mica implantada\u2026?<\/em><\/span><\/li>\n<li><span style=\"color: #008000\"><em>\u00a1Ah\u00a1, no s\u00e9 los criterios de la directiva. \u00danicamente puedo decir esto, que tanto pone las cabezas visibles del club, el presidente y directivos responsables, como ponen los jugadores y para m\u00ed nuestra \u00fanica meta inmediata es volver al equipo a la Primera Divisi\u00f3n. Y lo intentaremos por todos los medios. Si no lo conseguimos es porque la suerte o cualquier otro factor, incluido el Granada claro est\u00e1, lo han impedido. Lo que se piense, como dices, es tema que no entre en nuestro proyectos. \u00a1Las cosas claras\u00a1<\/em><\/span><\/li>\n<li><span style=\"color: #008000\"><em>De no conseguir el ascenso, \u00bfte mantendr\u00edas en el Betis?<\/em><\/span><\/li>\n<li><span style=\"color: #008000\"><em>Mi objetivo inmediato es ascender al Betis. Es mi \u00fanica obsesi\u00f3n hoy. Todo lo dem\u00e1s no tiene importancia, ni me preocupa ahora. Cuando termine con la tarea que me impuse, cuando vuelva a suscribir compromiso, entonces, ya pensar\u00e9 en si debo continuar o marcharme<\/em><\/span><\/li>\n<li><span style=\"color: #008000\"><em>La afici\u00f3n se muestra muy contenta contigo<\/em><\/span><\/li>\n<li><span style=\"color: #008000\"><em>Y yo con ella<\/em><\/span><\/li>\n<li><span style=\"color: #008000\"><em>Sabemos que las pe\u00f1as b\u00e9ticas quieren rendirte un homenaje\u2026<\/em><\/span><\/li>\n<li><span style=\"color: #008000\"><em>Vamos a esperar que el Betis ascienda. Ya s\u00e9 que quieren ofrecerme una comida en estos d\u00edas. Pero, en fin, esto no es lo importante. Lo importante es cubrir adecuadamente el forzado descanso y cuando corresponda dar la \u00faltima zancada y situarnos en Primera<\/em><\/span><\/li>\n<li><span style=\"color: #008000\"><em>\u00bfLos lesionados est\u00e1n repuestos?<\/em><\/span><\/li>\n<li><span style=\"color: #008000\"><em>No tengo m\u00e1s que a dos: Azc\u00e1rate y R\u00edos<\/em><\/span><\/li>\n<li><span style=\"color: #008000\"><em>Dos hombres muy importantes<\/em><\/span><\/li>\n<li><span style=\"color: #008000\"><em>Lo son todos, pero \u00e9stos son muy eficaces. No est\u00e1n del todo restablecidos, pero s\u00ed repuestos. Conf\u00edo que de aqu\u00ed a cuando se juegue la promoci\u00f3n disponga de todos<\/em><\/span><\/li>\n<\/ul>\n<p><span style=\"color: #008000\"><em>Vamos a dar por conclusa la entrevista y como el tema de hoy es el partido del Sevilla en Gij\u00f3n, preguntamos a Barrios qu\u00e9 opina de la situaci\u00f3n en que se debate hoy el eterno rival. Interesaba conocerla\u2026<\/em><\/span><\/p>\n<ul>\n<li><span style=\"color: #008000\"><em>Ver\u00e1s, el Sevilla pudo ganar ampliamente el pasado domino al Gij\u00f3n, pero el nerviosismo imperante por un lado, cosa natural en la situaci\u00f3n presente de este equipo, y por otra la desgracia en los remates, lo impidieron. Ahora la cosa est\u00e1 muy cuesta arriba, porque hemos visto todos que el Gij\u00f3n es un equipo muy homog\u00e9neo y con clase, por eso la visita del Sevilla el pr\u00f3ximo domingo a El Molin\u00f3n es muy comprometida, y obliga a enormes sacrificios y a un eficaz rendimiento. A veces, en una eliminatoria, un gol basta, pero en otras dos no son bastantes. Por eso resulta dif\u00edcil dar un pron\u00f3stico. No obstante, conf\u00edo en que los muchachos del Sevilla se jueguen su prestigio y el de su club a una carta, y salgan adelante. Es mi confianza y la de todos los aficionados sevillanos que se precien de ser deportistas de verdad y aut\u00e9nticos sevillanos. Me gustar\u00eda ventilar encuentros con el Sevilla la pr\u00f3xima campa\u00f1a en la Liga, pero en Primera Divisi\u00f3n. Sevilla ciudad as\u00ed lo desea fervientemente. Y yo\u2026<\/em><\/span><\/li>\n<\/ul>\n<p><span style=\"color: #008000\"><em>\u00a1Y nosotros\u00a1<\/em><\/span><\/p>\n<p>&nbsp;<\/p>\n<p>Fuente: Borbujo en Marca 3 de junio de 1967<\/p>\n","protected":false},"excerpt":{"rendered":"<p>Antonio Barrios inici\u00f3 su segunda etapa como entrenador del Real Betis Balompi\u00e9 en la jornada 18 en enero de 1967. Tras su exitosa primera experiencia, con el ascenso a Primera Divisi\u00f3n en la temporada 1957-58 y su magn\u00edfico 6\u00ba puesto en la 1958-59, pas\u00f3 por Espanyol, Elche, Sevilla, Real Sociedad, Athletic y Valladolid. En las&#8230;<\/p>\n","protected":false},"author":5,"featured_media":61658,"comment_status":"open","ping_status":"open","sticky":false,"template":"","format":"standard","meta":{"_kad_post_transparent":"","_kad_post_title":"","_kad_post_layout":"","_kad_post_sidebar_id":"","_kad_post_content_style":"","_kad_post_vertical_padding":"","_kad_post_feature":"","_kad_post_feature_position":"","_kad_post_header":false,"_kad_post_footer":false,"_kad_post_classname":"","_jetpack_memberships_contains_paid_content":false,"footnotes":"","jetpack_publicize_message":"","jetpack_publicize_feature_enabled":true,"jetpack_social_post_already_shared":true,"jetpack_social_options":{"image_generator_settings":{"template":"highway","default_image_id":0,"font":"","enabled":false},"version":2}},"categories":[902,892,1],"tags":[2224,1247,1249,16937],"class_list":["post-61657","post","type-post","status-publish","format-standard","has-post-thumbnail","hentry","category-1960-1969","category-entrenadores-temas","category-portada","tag-1966-67","tag-1247","tag-antonio-barrios","tag-juan-manuel-borbujo"],"jetpack_publicize_connections":[],"jetpack_featured_media_url":"https:\/\/i0.wp.com\/www.manquepierda.com\/historiarealbetis\/files\/2017\/10\/antonio-barrios.jpg?fit=268%2C374&ssl=1","jetpack_sharing_enabled":true,"jetpack_shortlink":"https:\/\/wp.me\/p1ij08-g2t","jetpack-related-posts":[],"_links":{"self":[{"href":"https:\/\/www.manquepierda.com\/historiarealbetis\/wp-json\/wp\/v2\/posts\/61657","targetHints":{"allow":["GET"]}}],"collection":[{"href":"https:\/\/www.manquepierda.com\/historiarealbetis\/wp-json\/wp\/v2\/posts"}],"about":[{"href":"https:\/\/www.manquepierda.com\/historiarealbetis\/wp-json\/wp\/v2\/types\/post"}],"author":[{"embeddable":true,"href":"https:\/\/www.manquepierda.com\/historiarealbetis\/wp-json\/wp\/v2\/users\/5"}],"replies":[{"embeddable":true,"href":"https:\/\/www.manquepierda.com\/historiarealbetis\/wp-json\/wp\/v2\/comments?post=61657"}],"version-history":[{"count":1,"href":"https:\/\/www.manquepierda.com\/historiarealbetis\/wp-json\/wp\/v2\/posts\/61657\/revisions"}],"predecessor-version":[{"id":98526,"href":"https:\/\/www.manquepierda.com\/historiarealbetis\/wp-json\/wp\/v2\/posts\/61657\/revisions\/98526"}],"wp:featuredmedia":[{"embeddable":true,"href":"https:\/\/www.manquepierda.com\/historiarealbetis\/wp-json\/wp\/v2\/media\/61658"}],"wp:attachment":[{"href":"https:\/\/www.manquepierda.com\/historiarealbetis\/wp-json\/wp\/v2\/media?parent=61657"}],"wp:term":[{"taxonomy":"category","embeddable":true,"href":"https:\/\/www.manquepierda.com\/historiarealbetis\/wp-json\/wp\/v2\/categories?post=61657"},{"taxonomy":"post_tag","embeddable":true,"href":"https:\/\/www.manquepierda.com\/historiarealbetis\/wp-json\/wp\/v2\/tags?post=61657"}],"curies":[{"name":"wp","href":"https:\/\/api.w.org\/{rel}","templated":true}]}}