{"id":61871,"date":"2020-10-29T10:30:03","date_gmt":"2020-10-29T09:30:03","guid":{"rendered":"http:\/\/www.manquepierda.com\/historiarealbetis\/?p=61871"},"modified":"2024-08-17T09:50:18","modified_gmt":"2024-08-17T07:50:18","slug":"hoy-18-anos-5","status":"publish","type":"post","link":"https:\/\/www.manquepierda.com\/historiarealbetis\/hoy-18-anos-5\/","title":{"rendered":"Hoy hace 18 a\u00f1os. Viktoria Zizkov 0 Betis 1 en Copa UEFA."},"content":{"rendered":"<p><a href=\"https:\/\/i0.wp.com\/www.manquepierda.com\/historiarealbetis\/files\/2017\/10\/29-2002-Viktoria-0-Betis-1.jpg?ssl=1\"><img data-recalc-dims=\"1\" loading=\"lazy\" decoding=\"async\" class=\"aligncenter size-full wp-image-61872\" src=\"https:\/\/i0.wp.com\/www.manquepierda.com\/historiarealbetis\/files\/2017\/10\/29-2002-Viktoria-0-Betis-1.jpg?resize=351%2C529&#038;ssl=1\" alt=\"\" width=\"351\" height=\"529\" srcset=\"https:\/\/i0.wp.com\/www.manquepierda.com\/historiarealbetis\/files\/2017\/10\/29-2002-Viktoria-0-Betis-1.jpg?w=351&amp;ssl=1 351w, https:\/\/i0.wp.com\/www.manquepierda.com\/historiarealbetis\/files\/2017\/10\/29-2002-Viktoria-0-Betis-1.jpg?resize=146%2C220&amp;ssl=1 146w\" sizes=\"auto, (max-width: 351px) 100vw, 351px\" \/><\/a><\/p>\n<p><span style=\"color: #008000\">El 29 de octubre de 2002 el Betis vence 0-1 al Viktoria Zizkov checo en el partido de ida de la segunda ronda de la Copa de la Uefa.<\/span><\/p>\n<p><span style=\"color: #008000\">El \u00fanico tanto del partido lo marc\u00f3 Denilson en el minuto 44.<\/span><\/p>\n<p><span style=\"color: #008000\">El Betis, entrenado por V\u00edctor Fern\u00e1ndez, aline\u00f3 a Prats; Varela (70, Fernando), Juanito, Rivas, Filipescu; Joaqu\u00edn (46, Luis Fern\u00e1ndez), Ito, Arzu (76, Calado), Denilson; Capi y Casas.&nbsp;<\/span><\/p>\n","protected":false},"excerpt":{"rendered":"<p>El 29 de octubre de 2002 el Betis vence 0-1 al Viktoria Zizkov checo en el partido de ida de la segunda ronda de la Copa de la Uefa. El \u00fanico tanto del partido lo marc\u00f3 Denilson en el minuto 44. El Betis, entrenado por V\u00edctor Fern\u00e1ndez, aline\u00f3 a Prats; Varela (70, Fernando), Juanito, Rivas,&#8230;<\/p>\n","protected":false},"author":5,"featured_media":61872,"comment_status":"open","ping_status":"open","sticky":false,"template":"","format":"standard","meta":{"_kad_post_transparent":"","_kad_post_title":"","_kad_post_layout":"","_kad_post_sidebar_id":"","_kad_post_content_style":"","_kad_post_vertical_padding":"","_kad_post_feature":"","_kad_post_feature_position":"","_kad_post_header":false,"_kad_post_footer":false,"_kad_post_classname":"","_jetpack_memberships_contains_paid_content":false,"footnotes":"","jetpack_publicize_message":"","jetpack_publicize_feature_enabled":true,"jetpack_social_post_already_shared":true,"jetpack_social_options":{"image_generator_settings":{"template":"highway","default_image_id":0,"font":"","enabled":false},"version":2}},"categories":[4823,14583,1],"tags":[4824,17980,9064],"class_list":["post-61871","post","type-post","status-publish","format-standard","has-post-thumbnail","hentry","category-2000-2009","category-efemerides","category-portada","tag-4824","tag-copa-uefa-2002-03","tag-viktoria-zizkov"],"jetpack_publicize_connections":[],"jetpack_featured_media_url":"https:\/\/i0.wp.com\/www.manquepierda.com\/historiarealbetis\/files\/2017\/10\/29-2002-Viktoria-0-Betis-1.jpg?fit=351%2C529&ssl=1","jetpack_sharing_enabled":true,"jetpack_shortlink":"https:\/\/wp.me\/p1ij08-g5V","jetpack-related-posts":[],"_links":{"self":[{"href":"https:\/\/www.manquepierda.com\/historiarealbetis\/wp-json\/wp\/v2\/posts\/61871","targetHints":{"allow":["GET"]}}],"collection":[{"href":"https:\/\/www.manquepierda.com\/historiarealbetis\/wp-json\/wp\/v2\/posts"}],"about":[{"href":"https:\/\/www.manquepierda.com\/historiarealbetis\/wp-json\/wp\/v2\/types\/post"}],"author":[{"embeddable":true,"href":"https:\/\/www.manquepierda.com\/historiarealbetis\/wp-json\/wp\/v2\/users\/5"}],"replies":[{"embeddable":true,"href":"https:\/\/www.manquepierda.com\/historiarealbetis\/wp-json\/wp\/v2\/comments?post=61871"}],"version-history":[{"count":1,"href":"https:\/\/www.manquepierda.com\/historiarealbetis\/wp-json\/wp\/v2\/posts\/61871\/revisions"}],"predecessor-version":[{"id":96937,"href":"https:\/\/www.manquepierda.com\/historiarealbetis\/wp-json\/wp\/v2\/posts\/61871\/revisions\/96937"}],"wp:featuredmedia":[{"embeddable":true,"href":"https:\/\/www.manquepierda.com\/historiarealbetis\/wp-json\/wp\/v2\/media\/61872"}],"wp:attachment":[{"href":"https:\/\/www.manquepierda.com\/historiarealbetis\/wp-json\/wp\/v2\/media?parent=61871"}],"wp:term":[{"taxonomy":"category","embeddable":true,"href":"https:\/\/www.manquepierda.com\/historiarealbetis\/wp-json\/wp\/v2\/categories?post=61871"},{"taxonomy":"post_tag","embeddable":true,"href":"https:\/\/www.manquepierda.com\/historiarealbetis\/wp-json\/wp\/v2\/tags?post=61871"}],"curies":[{"name":"wp","href":"https:\/\/api.w.org\/{rel}","templated":true}]}}