{"id":61948,"date":"2017-10-24T21:12:14","date_gmt":"2017-10-24T19:12:14","guid":{"rendered":"http:\/\/www.manquepierda.com\/historiarealbetis\/?p=61948"},"modified":"2024-08-10T20:23:55","modified_gmt":"2024-08-10T18:23:55","slug":"1930-noviembre-23-cptoandalucia-real-betis-balompie-3-sevilla-1-recortes-prensa","status":"publish","type":"post","link":"https:\/\/www.manquepierda.com\/historiarealbetis\/1930-noviembre-23-cptoandalucia-real-betis-balompie-3-sevilla-1-recortes-prensa\/","title":{"rendered":"1930-Noviembre 23-CptoAndaluc\u00eda.-Real Betis Balompi\u00e9-3 Sevilla-1.-Recortes Prensa."},"content":{"rendered":"<p><img data-recalc-dims=\"1\" loading=\"lazy\" decoding=\"async\" class=\"aligncenter size-medium wp-image-61949\" src=\"https:\/\/i0.wp.com\/www.manquepierda.com\/historiarealbetis\/files\/2017\/10\/19301123ABCarteler%C3%ADa.jpg?resize=528%2C600&#038;ssl=1\" alt=\"\" width=\"528\" height=\"600\" srcset=\"https:\/\/i0.wp.com\/www.manquepierda.com\/historiarealbetis\/files\/2017\/10\/19301123ABCarteler%C3%ADa.jpg?resize=528%2C600&amp;ssl=1 528w, https:\/\/i0.wp.com\/www.manquepierda.com\/historiarealbetis\/files\/2017\/10\/19301123ABCarteler%C3%ADa.jpg?resize=194%2C220&amp;ssl=1 194w, https:\/\/i0.wp.com\/www.manquepierda.com\/historiarealbetis\/files\/2017\/10\/19301123ABCarteler%C3%ADa.jpg?resize=768%2C873&amp;ssl=1 768w, https:\/\/i0.wp.com\/www.manquepierda.com\/historiarealbetis\/files\/2017\/10\/19301123ABCarteler%C3%ADa.jpg?resize=616%2C700&amp;ssl=1 616w, https:\/\/i0.wp.com\/www.manquepierda.com\/historiarealbetis\/files\/2017\/10\/19301123ABCarteler%C3%ADa.jpg?w=797&amp;ssl=1 797w\" sizes=\"auto, (max-width: 528px) 100vw, 528px\" \/><\/p>\n<p><strong>1930-NOVIEMBRE 23-DOMINGO-BARRIO \u00abEL PORVENIR\u00bb.-15&#8217;15 HORAS CAMPO MUNICIPAL DEPORTES \u00abREAL PATRONATO OBRERO\u00bb: SEXTA JORNADA.<\/strong><\/p>\n<p style=\"text-align: center\"><img data-recalc-dims=\"1\" loading=\"lazy\" decoding=\"async\" class=\"aligncenter size-medium wp-image-61950\" src=\"https:\/\/i0.wp.com\/www.manquepierda.com\/historiarealbetis\/files\/2017\/10\/MG19301125.jpg?resize=680%2C511&#038;ssl=1\" alt=\"\" width=\"680\" height=\"511\" srcset=\"https:\/\/i0.wp.com\/www.manquepierda.com\/historiarealbetis\/files\/2017\/10\/MG19301125.jpg?resize=680%2C511&amp;ssl=1 680w, https:\/\/i0.wp.com\/www.manquepierda.com\/historiarealbetis\/files\/2017\/10\/MG19301125.jpg?resize=220%2C165&amp;ssl=1 220w, https:\/\/i0.wp.com\/www.manquepierda.com\/historiarealbetis\/files\/2017\/10\/MG19301125.jpg?resize=768%2C577&amp;ssl=1 768w, https:\/\/i0.wp.com\/www.manquepierda.com\/historiarealbetis\/files\/2017\/10\/MG19301125.jpg?w=887&amp;ssl=1 887w\" sizes=\"auto, (max-width: 680px) 100vw, 680px\" \/><\/p>\n<p><em>\u00abSEVILLA.-Un ataque de la vanguardia sevillista durante el partido entre los eternos rivales, <strong>que termin\u00f3 con el triunfo del Real Betis Balompi\u00e9 por 3 tantos \u00e1 1&#8243;.-<\/strong><\/em>Foto Carmona.-Revista Popular Ilustrada-Madrid 19301126-mi\u00e9rcoles.<\/p>\n<p><img data-recalc-dims=\"1\" loading=\"lazy\" decoding=\"async\" class=\"aligncenter size-thumbnail wp-image-61951\" src=\"https:\/\/i0.wp.com\/www.manquepierda.com\/historiarealbetis\/files\/2017\/10\/MDLE-ABCse1.jpg?resize=185%2C220&#038;ssl=1\" alt=\"\" width=\"185\" height=\"220\" srcset=\"https:\/\/i0.wp.com\/www.manquepierda.com\/historiarealbetis\/files\/2017\/10\/MDLE-ABCse1.jpg?resize=185%2C220&amp;ssl=1 185w, https:\/\/i0.wp.com\/www.manquepierda.com\/historiarealbetis\/files\/2017\/10\/MDLE-ABCse1.jpg?resize=503%2C600&amp;ssl=1 503w, https:\/\/i0.wp.com\/www.manquepierda.com\/historiarealbetis\/files\/2017\/10\/MDLE-ABCse1.jpg?resize=587%2C700&amp;ssl=1 587w, https:\/\/i0.wp.com\/www.manquepierda.com\/historiarealbetis\/files\/2017\/10\/MDLE-ABCse1.jpg?w=704&amp;ssl=1 704w\" sizes=\"auto, (max-width: 185px) 100vw, 185px\" \/>Arbitr\u00f3 Sr. Fern\u00e1ndez Palom\u00e9: \u00ab<em>Un poco precipitado <strong>al expulsar \u00e1 Romero, del Betis. Por equidad, pudo hacer lo mismo con Rey\u00bb.-<\/strong><\/em>ABC-Sevilla-Dibujo Mart\u00ednez de Le\u00f3n.<\/p>\n<p style=\"text-align: center\"><img data-recalc-dims=\"1\" loading=\"lazy\" decoding=\"async\" class=\"aligncenter size-thumbnail wp-image-61952\" src=\"https:\/\/i0.wp.com\/www.manquepierda.com\/historiarealbetis\/files\/2017\/10\/ESCUDO-1925.jpg?resize=161%2C220&#038;ssl=1\" alt=\"\" width=\"161\" height=\"220\" srcset=\"https:\/\/i0.wp.com\/www.manquepierda.com\/historiarealbetis\/files\/2017\/10\/ESCUDO-1925.jpg?resize=161%2C220&amp;ssl=1 161w, https:\/\/i0.wp.com\/www.manquepierda.com\/historiarealbetis\/files\/2017\/10\/ESCUDO-1925.jpg?w=266&amp;ssl=1 266w\" sizes=\"auto, (max-width: 161px) 100vw, 161px\" \/><\/p>\n<p style=\"text-align: left\"><strong>REAL BETIS BALOMPI\u00c9-3 Goles.-Segundo clasificado con 9 puntos (4-ganados, 1-empatado, 1-perdido) 15-Goles \u00e1 Favor y 5-Tantos en Contra.<\/strong><\/p>\n<p style=\"text-align: center\"><strong>Gan\u00f3 merecidamente.<\/strong><\/p>\n<p style=\"text-align: left\"><em><strong><img data-recalc-dims=\"1\" loading=\"lazy\" decoding=\"async\" class=\"alignright size-thumbnail wp-image-61953\" src=\"https:\/\/i0.wp.com\/www.manquepierda.com\/historiarealbetis\/files\/2017\/10\/Camilo-ROMERO-S%C3%81NCHEZ.jpg?resize=176%2C220&#038;ssl=1\" alt=\"\" width=\"176\" height=\"220\" srcset=\"https:\/\/i0.wp.com\/www.manquepierda.com\/historiarealbetis\/files\/2017\/10\/Camilo-ROMERO-S%C3%81NCHEZ.jpg?resize=176%2C220&amp;ssl=1 176w, https:\/\/i0.wp.com\/www.manquepierda.com\/historiarealbetis\/files\/2017\/10\/Camilo-ROMERO-S%C3%81NCHEZ.jpg?resize=479%2C600&amp;ssl=1 479w, https:\/\/i0.wp.com\/www.manquepierda.com\/historiarealbetis\/files\/2017\/10\/Camilo-ROMERO-S%C3%81NCHEZ.jpg?resize=768%2C961&amp;ssl=1 768w, https:\/\/i0.wp.com\/www.manquepierda.com\/historiarealbetis\/files\/2017\/10\/Camilo-ROMERO-S%C3%81NCHEZ.jpg?resize=559%2C700&amp;ssl=1 559w, https:\/\/i0.wp.com\/www.manquepierda.com\/historiarealbetis\/files\/2017\/10\/Camilo-ROMERO-S%C3%81NCHEZ.jpg?w=906&amp;ssl=1 906w\" sizes=\"auto, (max-width: 176px) 100vw, 176px\" \/><\/strong><\/em><em><strong>Presidente Real Betis Balompi\u00e9-don Camilo ROMERO S\u00e1nchez, desde s\u00e1bado 9 Agosto hasta Diciembre de 1930.-Natural de Valverde de M\u00e9rida (Badajoz), 00-00-1890.-Industrial.-Obituario en Sevilla, mi\u00e9rcoles 8 Julio de 1936 (D. E. P.)<\/strong><\/em><\/p>\n<p style=\"text-align: left\"><strong>Secretar\u00eda: Calle Mu\u00f1oz Oliv\u00e9 n\u00ba 7.-E\/E.<\/strong><\/p>\n<p style=\"text-align: left\"><strong><img data-recalc-dims=\"1\" loading=\"lazy\" decoding=\"async\" class=\"alignleft size-thumbnail wp-image-61954\" src=\"https:\/\/i0.wp.com\/www.manquepierda.com\/historiarealbetis\/files\/2017\/10\/Emilio-SAMPERE-Oliveras-1930-1931.jpg?resize=146%2C220&#038;ssl=1\" alt=\"\" width=\"146\" height=\"220\" srcset=\"https:\/\/i0.wp.com\/www.manquepierda.com\/historiarealbetis\/files\/2017\/10\/Emilio-SAMPERE-Oliveras-1930-1931.jpg?resize=146%2C220&amp;ssl=1 146w, https:\/\/i0.wp.com\/www.manquepierda.com\/historiarealbetis\/files\/2017\/10\/Emilio-SAMPERE-Oliveras-1930-1931.jpg?w=352&amp;ssl=1 352w\" sizes=\"auto, (max-width: 146px) 100vw, 146px\" \/>1930-1932 <\/strong><strong>Entrenador, Emilio SAMPERE Oliveras (45 a\u00f1os, 10 meses, 15 d\u00edas)-Natural de Barcelona, jueves 8 Enero de 1885.-\u00cddem, domingo 4 Diciembre de 1966 (81 A\u00f1os, 11 meses, menos 4 d\u00edas) D. E. P.<\/strong><\/p>\n<p style=\"text-align: left\"><em>\u00abLos jugadores del Betis Balompi\u00e9 saltaron ayer tarde al terreno de juego del \u00abReal Patronato Obrero\u00bb frente al Sevilla, <strong>decididos \u00e1 obtener \u00e1 toda costa la victoria, <\/strong>ya que su caso con el FC Malague\u00f1o, pendiente de fallo con la Federaci\u00f3n Nacional, <strong>pod\u00eda originarles una contrariedad, y correspondiendo al entusiasmo que desplegaron consiguieron el triunfo muy merecidamente, pues casi siempre fueron los due\u00f1os de la situaci\u00f3n y a\u00fan consiguieron m\u00e1s goles que los conseguidos\u00bb.-<\/strong><\/em>\u00abEl Siglo Futuro\u00bb-Madrid 19301124-lunes.<\/p>\n<p style=\"text-align: center\">Guardameta:<\/p>\n<p style=\"text-align: center\"><img data-recalc-dims=\"1\" loading=\"lazy\" decoding=\"async\" class=\"aligncenter size-thumbnail wp-image-61955\" src=\"https:\/\/i0.wp.com\/www.manquepierda.com\/historiarealbetis\/files\/2017\/10\/Juan-Rafael-PEDROSA-Cano-MMG.jpg?resize=138%2C220&#038;ssl=1\" alt=\"\" width=\"138\" height=\"220\" srcset=\"https:\/\/i0.wp.com\/www.manquepierda.com\/historiarealbetis\/files\/2017\/10\/Juan-Rafael-PEDROSA-Cano-MMG.jpg?resize=138%2C220&amp;ssl=1 138w, https:\/\/i0.wp.com\/www.manquepierda.com\/historiarealbetis\/files\/2017\/10\/Juan-Rafael-PEDROSA-Cano-MMG.jpg?resize=375%2C600&amp;ssl=1 375w, https:\/\/i0.wp.com\/www.manquepierda.com\/historiarealbetis\/files\/2017\/10\/Juan-Rafael-PEDROSA-Cano-MMG.jpg?resize=768%2C1228&amp;ssl=1 768w, https:\/\/i0.wp.com\/www.manquepierda.com\/historiarealbetis\/files\/2017\/10\/Juan-Rafael-PEDROSA-Cano-MMG.jpg?resize=438%2C700&amp;ssl=1 438w, https:\/\/i0.wp.com\/www.manquepierda.com\/historiarealbetis\/files\/2017\/10\/Juan-Rafael-PEDROSA-Cano-MMG.jpg?w=1028&amp;ssl=1 1028w\" sizes=\"auto, (max-width: 138px) 100vw, 138px\" \/><\/p>\n<p><strong>1-Un tanto encajado.-Juan Rafael PEDROSA Cano.-<\/strong><em>\u00abA los 87 minutos, el \u00e1rbitro Fern\u00e1ndez Palom\u00e9 castig\u00f3 al Betis con una pena m\u00e1xima injusta<strong>, lanza el penalti y Juan Rafael lo detiene, siendo ovacionado.<\/strong><\/em><\/p>\n<p><em>Al finalizar el derbi el guardameta verdiblanco <strong>es sacado en hombros de sus admiradores por su magistral exhibici\u00f3n\u00bb<\/strong><\/em><\/p>\n<p style=\"text-align: center\">Zagueros:<\/p>\n<p style=\"text-align: center\"><img data-recalc-dims=\"1\" loading=\"lazy\" decoding=\"async\" class=\"aligncenter size-thumbnail wp-image-61956\" src=\"https:\/\/i0.wp.com\/www.manquepierda.com\/historiarealbetis\/files\/2017\/10\/Lorenzo-TONDO-Gil-MMG.jpg?resize=139%2C220&#038;ssl=1\" alt=\"\" width=\"139\" height=\"220\" srcset=\"https:\/\/i0.wp.com\/www.manquepierda.com\/historiarealbetis\/files\/2017\/10\/Lorenzo-TONDO-Gil-MMG.jpg?resize=139%2C220&amp;ssl=1 139w, https:\/\/i0.wp.com\/www.manquepierda.com\/historiarealbetis\/files\/2017\/10\/Lorenzo-TONDO-Gil-MMG.jpg?resize=380%2C600&amp;ssl=1 380w, https:\/\/i0.wp.com\/www.manquepierda.com\/historiarealbetis\/files\/2017\/10\/Lorenzo-TONDO-Gil-MMG.jpg?resize=768%2C1213&amp;ssl=1 768w, https:\/\/i0.wp.com\/www.manquepierda.com\/historiarealbetis\/files\/2017\/10\/Lorenzo-TONDO-Gil-MMG.jpg?resize=443%2C700&amp;ssl=1 443w, https:\/\/i0.wp.com\/www.manquepierda.com\/historiarealbetis\/files\/2017\/10\/Lorenzo-TONDO-Gil-MMG.jpg?w=1047&amp;ssl=1 1047w\" sizes=\"auto, (max-width: 139px) 100vw, 139px\" \/><\/p>\n<p><strong>2-Lateral diestro.-Lorenzo TONDO Gil.<\/strong><\/p>\n<p style=\"text-align: center\"><img data-recalc-dims=\"1\" loading=\"lazy\" decoding=\"async\" class=\"aligncenter size-thumbnail wp-image-61957\" src=\"https:\/\/i0.wp.com\/www.manquepierda.com\/historiarealbetis\/files\/2017\/10\/JESUS%C3%8DN-Jes%C3%BAs-Alberto-Ruiz-Medrano-MMG.jpg?resize=137%2C220&#038;ssl=1\" alt=\"\" width=\"137\" height=\"220\" srcset=\"https:\/\/i0.wp.com\/www.manquepierda.com\/historiarealbetis\/files\/2017\/10\/JESUS%C3%8DN-Jes%C3%BAs-Alberto-Ruiz-Medrano-MMG.jpg?resize=137%2C220&amp;ssl=1 137w, https:\/\/i0.wp.com\/www.manquepierda.com\/historiarealbetis\/files\/2017\/10\/JESUS%C3%8DN-Jes%C3%BAs-Alberto-Ruiz-Medrano-MMG.jpg?resize=373%2C600&amp;ssl=1 373w, https:\/\/i0.wp.com\/www.manquepierda.com\/historiarealbetis\/files\/2017\/10\/JESUS%C3%8DN-Jes%C3%BAs-Alberto-Ruiz-Medrano-MMG.jpg?resize=768%2C1236&amp;ssl=1 768w, https:\/\/i0.wp.com\/www.manquepierda.com\/historiarealbetis\/files\/2017\/10\/JESUS%C3%8DN-Jes%C3%BAs-Alberto-Ruiz-Medrano-MMG.jpg?resize=435%2C700&amp;ssl=1 435w, https:\/\/i0.wp.com\/www.manquepierda.com\/historiarealbetis\/files\/2017\/10\/JESUS%C3%8DN-Jes%C3%BAs-Alberto-Ruiz-Medrano-MMG.jpg?w=1024&amp;ssl=1 1024w\" sizes=\"auto, (max-width: 137px) 100vw, 137px\" \/><\/p>\n<p><strong>3-Lateral zurdo.-Jes\u00fas Alberto Ruiz Medrano (a) \u00abJESUS\u00cdN\u00bb.<\/strong><\/p>\n<p style=\"text-align: center\">Medios:<\/p>\n<p style=\"text-align: center\"><img data-recalc-dims=\"1\" loading=\"lazy\" decoding=\"async\" class=\"aligncenter size-thumbnail wp-image-61958\" src=\"https:\/\/i0.wp.com\/www.manquepierda.com\/historiarealbetis\/files\/2017\/10\/MANOL%C3%8DN-Manuel-Nogueras-Carretero-MMG.jpg?resize=135%2C220&#038;ssl=1\" alt=\"\" width=\"135\" height=\"220\" srcset=\"https:\/\/i0.wp.com\/www.manquepierda.com\/historiarealbetis\/files\/2017\/10\/MANOL%C3%8DN-Manuel-Nogueras-Carretero-MMG.jpg?resize=135%2C220&amp;ssl=1 135w, https:\/\/i0.wp.com\/www.manquepierda.com\/historiarealbetis\/files\/2017\/10\/MANOL%C3%8DN-Manuel-Nogueras-Carretero-MMG.jpg?resize=369%2C600&amp;ssl=1 369w, https:\/\/i0.wp.com\/www.manquepierda.com\/historiarealbetis\/files\/2017\/10\/MANOL%C3%8DN-Manuel-Nogueras-Carretero-MMG.jpg?resize=768%2C1248&amp;ssl=1 768w, https:\/\/i0.wp.com\/www.manquepierda.com\/historiarealbetis\/files\/2017\/10\/MANOL%C3%8DN-Manuel-Nogueras-Carretero-MMG.jpg?resize=431%2C700&amp;ssl=1 431w, https:\/\/i0.wp.com\/www.manquepierda.com\/historiarealbetis\/files\/2017\/10\/MANOL%C3%8DN-Manuel-Nogueras-Carretero-MMG.jpg?w=1012&amp;ssl=1 1012w\" sizes=\"auto, (max-width: 135px) 100vw, 135px\" \/><\/p>\n<p><strong>4-Diestro.-Manuel Nogueras Carretero (a) \u00abMANOL\u00cdN\u00bb.<\/strong><\/p>\n<p style=\"text-align: center\"><img data-recalc-dims=\"1\" loading=\"lazy\" decoding=\"async\" class=\"aligncenter size-thumbnail wp-image-61959\" src=\"https:\/\/i0.wp.com\/www.manquepierda.com\/historiarealbetis\/files\/2017\/10\/Enrique-SOLADRERO-Arbide-01-1.jpg?resize=158%2C220&#038;ssl=1\" alt=\"\" width=\"158\" height=\"220\" srcset=\"https:\/\/i0.wp.com\/www.manquepierda.com\/historiarealbetis\/files\/2017\/10\/Enrique-SOLADRERO-Arbide-01-1.jpg?resize=158%2C220&amp;ssl=1 158w, https:\/\/i0.wp.com\/www.manquepierda.com\/historiarealbetis\/files\/2017\/10\/Enrique-SOLADRERO-Arbide-01-1.jpg?resize=430%2C600&amp;ssl=1 430w, https:\/\/i0.wp.com\/www.manquepierda.com\/historiarealbetis\/files\/2017\/10\/Enrique-SOLADRERO-Arbide-01-1.jpg?w=454&amp;ssl=1 454w\" sizes=\"auto, (max-width: 158px) 100vw, 158px\" \/><\/p>\n<p><strong>5-Centro.-Enrique SOLADRERO Arbide.<\/strong><\/p>\n<p style=\"text-align: center\"><img data-recalc-dims=\"1\" loading=\"lazy\" decoding=\"async\" class=\"aligncenter size-thumbnail wp-image-61960\" src=\"https:\/\/i0.wp.com\/www.manquepierda.com\/historiarealbetis\/files\/2017\/10\/ADOLFITO-Adolfo-Sancho-Carrillo-De-Albornoz-MMG-2.jpg?resize=137%2C220&#038;ssl=1\" alt=\"\" width=\"137\" height=\"220\" srcset=\"https:\/\/i0.wp.com\/www.manquepierda.com\/historiarealbetis\/files\/2017\/10\/ADOLFITO-Adolfo-Sancho-Carrillo-De-Albornoz-MMG-2.jpg?resize=137%2C220&amp;ssl=1 137w, https:\/\/i0.wp.com\/www.manquepierda.com\/historiarealbetis\/files\/2017\/10\/ADOLFITO-Adolfo-Sancho-Carrillo-De-Albornoz-MMG-2.jpg?resize=374%2C600&amp;ssl=1 374w, https:\/\/i0.wp.com\/www.manquepierda.com\/historiarealbetis\/files\/2017\/10\/ADOLFITO-Adolfo-Sancho-Carrillo-De-Albornoz-MMG-2.jpg?resize=768%2C1231&amp;ssl=1 768w, https:\/\/i0.wp.com\/www.manquepierda.com\/historiarealbetis\/files\/2017\/10\/ADOLFITO-Adolfo-Sancho-Carrillo-De-Albornoz-MMG-2.jpg?resize=437%2C700&amp;ssl=1 437w, https:\/\/i0.wp.com\/www.manquepierda.com\/historiarealbetis\/files\/2017\/10\/ADOLFITO-Adolfo-Sancho-Carrillo-De-Albornoz-MMG-2.jpg?w=1026&amp;ssl=1 1026w\" sizes=\"auto, (max-width: 137px) 100vw, 137px\" \/><\/p>\n<p><strong>6-Zurdo.-Adolfo Sancho Carrillo De Albornoz (a) \u00abADOLFITO\u00bb-\u00abADOLFO I\u00bb.<\/strong><\/p>\n<p style=\"text-align: center\">Delanteros:<\/p>\n<p style=\"text-align: center\"><em>\u00ab<\/em><img data-recalc-dims=\"1\" loading=\"lazy\" decoding=\"async\" class=\"aligncenter size-thumbnail wp-image-61961\" src=\"https:\/\/i0.wp.com\/www.manquepierda.com\/historiarealbetis\/files\/2017\/10\/TIMIMI-Pedro-Gonz%C3%A1lez-S%C3%A1nchez1930-1.jpg?resize=164%2C220&#038;ssl=1\" alt=\"\" width=\"164\" height=\"220\" srcset=\"https:\/\/i0.wp.com\/www.manquepierda.com\/historiarealbetis\/files\/2017\/10\/TIMIMI-Pedro-Gonz%C3%A1lez-S%C3%A1nchez1930-1.jpg?resize=164%2C220&amp;ssl=1 164w, https:\/\/i0.wp.com\/www.manquepierda.com\/historiarealbetis\/files\/2017\/10\/TIMIMI-Pedro-Gonz%C3%A1lez-S%C3%A1nchez1930-1.jpg?resize=446%2C600&amp;ssl=1 446w, https:\/\/i0.wp.com\/www.manquepierda.com\/historiarealbetis\/files\/2017\/10\/TIMIMI-Pedro-Gonz%C3%A1lez-S%C3%A1nchez1930-1.jpg?w=470&amp;ssl=1 470w\" sizes=\"auto, (max-width: 164px) 100vw, 164px\" \/><\/p>\n<p><strong>7-Extremo diestro.-Pedro Gonz\u00e1lez S\u00e1nchez (a) \u00abTIMIMI\u00bb.-<\/strong><em>\u00abTras el 2-1 del primer tiempo le fue anulado un tanto por estar presuntamente \u00abfuera de la jugada\u00bb (off-side).<\/em><\/p>\n<p style=\"text-align: center\"><img data-recalc-dims=\"1\" loading=\"lazy\" decoding=\"async\" class=\"aligncenter size-thumbnail wp-image-61962\" src=\"https:\/\/i0.wp.com\/www.manquepierda.com\/historiarealbetis\/files\/2017\/10\/Andr%C3%A9s-ARANDA-Guti%C3%A9rrez-MMG-1.jpg?resize=136%2C220&#038;ssl=1\" alt=\"\" width=\"136\" height=\"220\" srcset=\"https:\/\/i0.wp.com\/www.manquepierda.com\/historiarealbetis\/files\/2017\/10\/Andr%C3%A9s-ARANDA-Guti%C3%A9rrez-MMG-1.jpg?resize=136%2C220&amp;ssl=1 136w, https:\/\/i0.wp.com\/www.manquepierda.com\/historiarealbetis\/files\/2017\/10\/Andr%C3%A9s-ARANDA-Guti%C3%A9rrez-MMG-1.jpg?resize=372%2C600&amp;ssl=1 372w, https:\/\/i0.wp.com\/www.manquepierda.com\/historiarealbetis\/files\/2017\/10\/Andr%C3%A9s-ARANDA-Guti%C3%A9rrez-MMG-1.jpg?resize=768%2C1240&amp;ssl=1 768w, https:\/\/i0.wp.com\/www.manquepierda.com\/historiarealbetis\/files\/2017\/10\/Andr%C3%A9s-ARANDA-Guti%C3%A9rrez-MMG-1.jpg?resize=434%2C700&amp;ssl=1 434w, https:\/\/i0.wp.com\/www.manquepierda.com\/historiarealbetis\/files\/2017\/10\/Andr%C3%A9s-ARANDA-Guti%C3%A9rrez-MMG-1.jpg?w=1021&amp;ssl=1 1021w\" sizes=\"auto, (max-width: 136px) 100vw, 136px\" \/><\/p>\n<p><strong>8-Interior diestro.-Andr\u00e9s ARANDA Guti\u00e9rrez.<\/strong><\/p>\n<p style=\"text-align: center\"><img data-recalc-dims=\"1\" loading=\"lazy\" decoding=\"async\" class=\"aligncenter size-thumbnail wp-image-61963\" src=\"https:\/\/i0.wp.com\/www.manquepierda.com\/historiarealbetis\/files\/2017\/10\/Rosendo-ROMERO-Garc%C3%ADa1930.jpg?resize=164%2C220&#038;ssl=1\" alt=\"\" width=\"164\" height=\"220\" srcset=\"https:\/\/i0.wp.com\/www.manquepierda.com\/historiarealbetis\/files\/2017\/10\/Rosendo-ROMERO-Garc%C3%ADa1930.jpg?resize=164%2C220&amp;ssl=1 164w, https:\/\/i0.wp.com\/www.manquepierda.com\/historiarealbetis\/files\/2017\/10\/Rosendo-ROMERO-Garc%C3%ADa1930.jpg?w=220&amp;ssl=1 220w\" sizes=\"auto, (max-width: 164px) 100vw, 164px\" \/><\/p>\n<p><strong>9-Centro delantero-Ariete.-3 Goles-Rosendo ROMERO Garc\u00eda \u00abEl chato\u00bb.<br \/>\n<\/strong><\/p>\n<p><strong>*1-1.-25 minutos.-<\/strong>\u00ab<em>El ariete verdiblanco, chut\u00f3 el pelot\u00f3n, a la media vuelta, procedente de un c\u00f3rner, batiendo al cancerbero sevillista Jos\u00e9 Machuca\u00bb.<\/em><\/p>\n<p><strong>*2-1.-35 minutos.-<\/strong><em>\u00abEl golpe franco lanzado por Sanz, recepcionando el esf\u00e9rico Rosendo fusila de cabeza al arquero Machuca\u00bb.<\/em><\/p>\n<p><strong>*3-1.-50 minutos.-<\/strong><em>\u00abLa segunda mitad comienza tambi\u00e9n con gran dominio del Real Betis Balompi\u00e9, que en una gran combinaci\u00f3n entre \u00abTimimi\u00bb y Aranda; Andr\u00e9s cede el bal\u00f3n \u00e1\u00a0 Romero Garc\u00eda, logrando el marcador final, tras chutar el cuero cruzad\u00edsimo fusilando \u00e1 Jos\u00e9 Machuca Olmos. <\/em><\/p>\n<p><em><strong>La ovaci\u00f3n al excelente jugador es magna, pero Fern\u00e1ndez Palom\u00e9, que est\u00e1 arbitrando parcial\u00edsimo \u00e1 favor del Sevilla FbC, lo expulsa \u00e1 pocos minutos despu\u00e9s del terreno de juego en una falta imaginaria\u00bb.<\/strong><\/em><\/p>\n<p style=\"text-align: center\"><img data-recalc-dims=\"1\" loading=\"lazy\" decoding=\"async\" class=\"aligncenter size-thumbnail wp-image-61964\" src=\"https:\/\/i0.wp.com\/www.manquepierda.com\/historiarealbetis\/files\/2017\/10\/ENRIQUE-Garrido-Reguera-MMG.jpg?resize=137%2C220&#038;ssl=1\" alt=\"\" width=\"137\" height=\"220\" srcset=\"https:\/\/i0.wp.com\/www.manquepierda.com\/historiarealbetis\/files\/2017\/10\/ENRIQUE-Garrido-Reguera-MMG.jpg?resize=137%2C220&amp;ssl=1 137w, https:\/\/i0.wp.com\/www.manquepierda.com\/historiarealbetis\/files\/2017\/10\/ENRIQUE-Garrido-Reguera-MMG.jpg?resize=375%2C600&amp;ssl=1 375w, https:\/\/i0.wp.com\/www.manquepierda.com\/historiarealbetis\/files\/2017\/10\/ENRIQUE-Garrido-Reguera-MMG.jpg?resize=768%2C1229&amp;ssl=1 768w, https:\/\/i0.wp.com\/www.manquepierda.com\/historiarealbetis\/files\/2017\/10\/ENRIQUE-Garrido-Reguera-MMG.jpg?resize=437%2C700&amp;ssl=1 437w, https:\/\/i0.wp.com\/www.manquepierda.com\/historiarealbetis\/files\/2017\/10\/ENRIQUE-Garrido-Reguera-MMG.jpg?w=1038&amp;ssl=1 1038w\" sizes=\"auto, (max-width: 137px) 100vw, 137px\" \/><\/p>\n<p><strong>10-Interior zurdo.-ENRIQUE Garrido Reguera.<\/strong><\/p>\n<p style=\"text-align: center\"><img data-recalc-dims=\"1\" loading=\"lazy\" decoding=\"async\" class=\"aligncenter size-thumbnail wp-image-61965\" src=\"https:\/\/i0.wp.com\/www.manquepierda.com\/historiarealbetis\/files\/2017\/10\/Rafael-SANZ1930.jpg?resize=165%2C220&#038;ssl=1\" alt=\"\" width=\"165\" height=\"220\" srcset=\"https:\/\/i0.wp.com\/www.manquepierda.com\/historiarealbetis\/files\/2017\/10\/Rafael-SANZ1930.jpg?resize=165%2C220&amp;ssl=1 165w, https:\/\/i0.wp.com\/www.manquepierda.com\/historiarealbetis\/files\/2017\/10\/Rafael-SANZ1930.jpg?resize=450%2C600&amp;ssl=1 450w, https:\/\/i0.wp.com\/www.manquepierda.com\/historiarealbetis\/files\/2017\/10\/Rafael-SANZ1930.jpg?w=480&amp;ssl=1 480w\" sizes=\"auto, (max-width: 165px) 100vw, 165px\" \/><\/p>\n<p><strong>11-Extremo zurdo.-Rafael SANZ.<\/strong><\/p>\n<p style=\"text-align: center\">VS.<\/p>\n<p style=\"text-align: center\"><img data-recalc-dims=\"1\" loading=\"lazy\" decoding=\"async\" class=\"aligncenter size-thumbnail wp-image-61968\" src=\"https:\/\/i0.wp.com\/www.manquepierda.com\/historiarealbetis\/files\/2017\/10\/MDLE-ABCse3.jpg?resize=220%2C213&#038;ssl=1\" alt=\"\" width=\"220\" height=\"213\" srcset=\"https:\/\/i0.wp.com\/www.manquepierda.com\/historiarealbetis\/files\/2017\/10\/MDLE-ABCse3.jpg?resize=220%2C213&amp;ssl=1 220w, https:\/\/i0.wp.com\/www.manquepierda.com\/historiarealbetis\/files\/2017\/10\/MDLE-ABCse3.jpg?resize=618%2C600&amp;ssl=1 618w, https:\/\/i0.wp.com\/www.manquepierda.com\/historiarealbetis\/files\/2017\/10\/MDLE-ABCse3.jpg?w=669&amp;ssl=1 669w\" sizes=\"auto, (max-width: 220px) 100vw, 220px\" \/><\/p>\n<p style=\"text-align: left\"><strong>Dibujos Manuel Mart\u00ednez De Le\u00f3n.-ABC-Sevilla 19301125-Martes.<\/strong><\/p>\n<p style=\"text-align: center\"><img data-recalc-dims=\"1\" loading=\"lazy\" decoding=\"async\" class=\"aligncenter size-thumbnail wp-image-61966\" src=\"https:\/\/i0.wp.com\/www.manquepierda.com\/historiarealbetis\/files\/2017\/10\/SFBC1926.jpg?resize=204%2C220&#038;ssl=1\" alt=\"\" width=\"204\" height=\"220\" srcset=\"https:\/\/i0.wp.com\/www.manquepierda.com\/historiarealbetis\/files\/2017\/10\/SFBC1926.jpg?resize=204%2C220&amp;ssl=1 204w, https:\/\/i0.wp.com\/www.manquepierda.com\/historiarealbetis\/files\/2017\/10\/SFBC1926.jpg?w=452&amp;ssl=1 452w\" sizes=\"auto, (max-width: 204px) 100vw, 204px\" \/><\/p>\n<p>SEVILLA FbC-1 Tanto.-Primer clasificado con 10 puntos (5-ganados, 0-empatados, <strong>1-perdido<\/strong>) 19 Tantos \u00e1 favor y <strong>4 Goles en contra.<\/strong><\/p>\n<p><strong>Presidente don Juan Nepomuceno Dom\u00ednguez Osborne.<\/strong><\/p>\n<p style=\"text-align: left\"><strong>Secretar\u00eda en calle de las Sierpes n\u00ba 89.<\/strong><\/p>\n<p>Entrenador Lippo Hertzka.<\/p>\n<p style=\"text-align: center\"><img data-recalc-dims=\"1\" loading=\"lazy\" decoding=\"async\" class=\"aligncenter size-thumbnail wp-image-61967\" src=\"https:\/\/i0.wp.com\/www.manquepierda.com\/historiarealbetis\/files\/2017\/10\/MDLE-ABCse2.jpg?resize=220%2C148&#038;ssl=1\" alt=\"\" width=\"220\" height=\"148\" srcset=\"https:\/\/i0.wp.com\/www.manquepierda.com\/historiarealbetis\/files\/2017\/10\/MDLE-ABCse2.jpg?resize=220%2C148&amp;ssl=1 220w, https:\/\/i0.wp.com\/www.manquepierda.com\/historiarealbetis\/files\/2017\/10\/MDLE-ABCse2.jpg?resize=680%2C457&amp;ssl=1 680w, https:\/\/i0.wp.com\/www.manquepierda.com\/historiarealbetis\/files\/2017\/10\/MDLE-ABCse2.jpg?w=684&amp;ssl=1 684w\" sizes=\"auto, (max-width: 220px) 100vw, 220px\" \/><\/p>\n<p>1-<strong>3 goles encajados.-<\/strong>Jos\u00e9 MACHUCA Olmos.-<em>Manuel Mart\u00ednez de Le\u00f3n.-ABCsevilla-19301125-martes.<\/em><\/p>\n<p>2-Francisco Rodr\u00edguez SEDE\u00d1O II.-3-Jos\u00e9 MONGE Iglesias.<\/p>\n<p>4-Antonio REY Alem\u00e1n.-5-MANGAS.-6-Antonio CABALLERO Mart\u00edn.<\/p>\n<p>7-ROMERO.-8-Antonio BEN\u00cdTEZ Moreno.<\/p>\n<p>9-HERN\u00c1NDEZ: <strong>0-1.-11 minutos.-\u00ab<\/strong><em>Rold\u00e1n que hab\u00eda corrido perfectamente la l\u00ednea, dio un centro fuerte, pero muy cerrado, que aprovech\u00f3 el ariete para meter la cabeza al bal\u00f3n y enviarlo al fondo de las mallas defendida por Pedrosa\u00bb.<\/em><\/p>\n<p>10-PEPILLO.-11-Manuel ROLD\u00c1N N\u00fa\u00f1ez.<\/p>\n<p style=\"text-align: center\"><img data-recalc-dims=\"1\" loading=\"lazy\" decoding=\"async\" class=\"aligncenter size-thumbnail wp-image-61970\" src=\"https:\/\/i0.wp.com\/www.manquepierda.com\/historiarealbetis\/files\/2017\/10\/SFbC1930-1931.jpg?resize=220%2C147&#038;ssl=1\" alt=\"\" width=\"220\" height=\"147\" srcset=\"https:\/\/i0.wp.com\/www.manquepierda.com\/historiarealbetis\/files\/2017\/10\/SFbC1930-1931.jpg?resize=220%2C147&amp;ssl=1 220w, https:\/\/i0.wp.com\/www.manquepierda.com\/historiarealbetis\/files\/2017\/10\/SFbC1930-1931.jpg?w=672&amp;ssl=1 672w\" sizes=\"auto, (max-width: 220px) 100vw, 220px\" \/><\/p>\n<p>\u00abAbad-Adelantado-Arroyo-Brand-CABALLERO (6)-\u00abCampanal I\u00bb-Eizaguirre-Espino-Gual-Iglesias-L\u00f3pez-MACHUCA (1)-MONGE (3)-Padr\u00f3n-Ramos-REY (4)-ROLD\u00c1N (11)-SEDE\u00d1O (2)-Ventolr\u00e1.<\/p>\n<p><strong>Dibujo Manuel Mart\u00ednez De Le\u00f3n-\u00abOSELITO\u00bb.-ABC-Sevilla 1930-11-25 Martes:<br \/>\n<\/strong><\/p>\n<p style=\"text-align: center\"><img data-recalc-dims=\"1\" loading=\"lazy\" decoding=\"async\" class=\"aligncenter size-large wp-image-61969\" src=\"https:\/\/i0.wp.com\/www.manquepierda.com\/historiarealbetis\/files\/2017\/10\/MDLE-ABCse4.jpg?resize=613%2C700&#038;ssl=1\" alt=\"\" width=\"613\" height=\"700\" srcset=\"https:\/\/i0.wp.com\/www.manquepierda.com\/historiarealbetis\/files\/2017\/10\/MDLE-ABCse4.jpg?resize=613%2C700&amp;ssl=1 613w, https:\/\/i0.wp.com\/www.manquepierda.com\/historiarealbetis\/files\/2017\/10\/MDLE-ABCse4.jpg?resize=193%2C220&amp;ssl=1 193w, https:\/\/i0.wp.com\/www.manquepierda.com\/historiarealbetis\/files\/2017\/10\/MDLE-ABCse4.jpg?resize=526%2C600&amp;ssl=1 526w, https:\/\/i0.wp.com\/www.manquepierda.com\/historiarealbetis\/files\/2017\/10\/MDLE-ABCse4.jpg?w=687&amp;ssl=1 687w\" sizes=\"auto, (max-width: 613px) 100vw, 613px\" \/><\/p>\n<p>&nbsp;<\/p>\n<p>&nbsp;<\/p>\n","protected":false},"excerpt":{"rendered":"<p>1930-NOVIEMBRE 23-DOMINGO-BARRIO \u00abEL PORVENIR\u00bb.-15&#8217;15 HORAS CAMPO MUNICIPAL DEPORTES \u00abREAL PATRONATO OBRERO\u00bb: SEXTA JORNADA. \u00abSEVILLA.-Un ataque de la vanguardia sevillista durante el partido entre los eternos rivales, que termin\u00f3 con el triunfo del Real Betis Balompi\u00e9 por 3 tantos \u00e1 1&#8243;.-Foto Carmona.-Revista Popular Ilustrada-Madrid 19301126-mi\u00e9rcoles. Arbitr\u00f3 Sr. Fern\u00e1ndez Palom\u00e9: \u00abUn poco precipitado al expulsar \u00e1 Romero,&#8230;<\/p>\n","protected":false},"author":48,"featured_media":61950,"comment_status":"open","ping_status":"open","sticky":false,"template":"","format":"standard","meta":{"_kad_post_transparent":"","_kad_post_title":"","_kad_post_layout":"","_kad_post_sidebar_id":"","_kad_post_content_style":"","_kad_post_vertical_padding":"","_kad_post_feature":"","_kad_post_feature_position":"","_kad_post_header":false,"_kad_post_footer":false,"_kad_post_classname":"","_jetpack_memberships_contains_paid_content":false,"footnotes":"","jetpack_publicize_message":"","jetpack_publicize_feature_enabled":true,"jetpack_social_post_already_shared":true,"jetpack_social_options":{"image_generator_settings":{"template":"highway","default_image_id":0,"font":"","enabled":false},"version":2}},"categories":[899,1],"tags":[17767,2925,17933,916],"class_list":["post-61948","post","type-post","status-publish","format-standard","has-post-thumbnail","hentry","category-1930-1939","category-portada","tag-17767","tag-1930-31","tag-campeonato-de-andalucia-1930-31","tag-sevilla-fc"],"jetpack_publicize_connections":[],"jetpack_featured_media_url":"https:\/\/i0.wp.com\/www.manquepierda.com\/historiarealbetis\/files\/2017\/10\/MG19301125.jpg?fit=887%2C666&ssl=1","jetpack_sharing_enabled":true,"jetpack_shortlink":"https:\/\/wp.me\/p1ij08-g7a","jetpack-related-posts":[],"_links":{"self":[{"href":"https:\/\/www.manquepierda.com\/historiarealbetis\/wp-json\/wp\/v2\/posts\/61948","targetHints":{"allow":["GET"]}}],"collection":[{"href":"https:\/\/www.manquepierda.com\/historiarealbetis\/wp-json\/wp\/v2\/posts"}],"about":[{"href":"https:\/\/www.manquepierda.com\/historiarealbetis\/wp-json\/wp\/v2\/types\/post"}],"author":[{"embeddable":true,"href":"https:\/\/www.manquepierda.com\/historiarealbetis\/wp-json\/wp\/v2\/users\/48"}],"replies":[{"embeddable":true,"href":"https:\/\/www.manquepierda.com\/historiarealbetis\/wp-json\/wp\/v2\/comments?post=61948"}],"version-history":[{"count":1,"href":"https:\/\/www.manquepierda.com\/historiarealbetis\/wp-json\/wp\/v2\/posts\/61948\/revisions"}],"predecessor-version":[{"id":95914,"href":"https:\/\/www.manquepierda.com\/historiarealbetis\/wp-json\/wp\/v2\/posts\/61948\/revisions\/95914"}],"wp:featuredmedia":[{"embeddable":true,"href":"https:\/\/www.manquepierda.com\/historiarealbetis\/wp-json\/wp\/v2\/media\/61950"}],"wp:attachment":[{"href":"https:\/\/www.manquepierda.com\/historiarealbetis\/wp-json\/wp\/v2\/media?parent=61948"}],"wp:term":[{"taxonomy":"category","embeddable":true,"href":"https:\/\/www.manquepierda.com\/historiarealbetis\/wp-json\/wp\/v2\/categories?post=61948"},{"taxonomy":"post_tag","embeddable":true,"href":"https:\/\/www.manquepierda.com\/historiarealbetis\/wp-json\/wp\/v2\/tags?post=61948"}],"curies":[{"name":"wp","href":"https:\/\/api.w.org\/{rel}","templated":true}]}}