{"id":62108,"date":"2022-11-06T11:00:00","date_gmt":"2022-11-06T10:00:00","guid":{"rendered":"http:\/\/www.manquepierda.com\/historiarealbetis\/?p=62108"},"modified":"2025-08-19T11:58:41","modified_gmt":"2025-08-19T09:58:41","slug":"hoy-90-anos-12","status":"publish","type":"post","link":"https:\/\/www.manquepierda.com\/historiarealbetis\/hoy-90-anos-12\/","title":{"rendered":"Hoy hace 95 a\u00f1os. Espa\u00f1ol FC 0 Betis 2."},"content":{"rendered":"<p><a href=\"https:\/\/i0.wp.com\/www.manquepierda.com\/historiarealbetis\/files\/2017\/11\/6-1927-Espa%C3%B1ol-FC-0-Betis-2.jpg?ssl=1\"><img data-recalc-dims=\"1\" loading=\"lazy\" decoding=\"async\" class=\"aligncenter size-medium wp-image-62109\" src=\"https:\/\/i0.wp.com\/www.manquepierda.com\/historiarealbetis\/files\/2017\/11\/6-1927-Espa%C3%B1ol-FC-0-Betis-2.jpg?resize=680%2C186&#038;ssl=1\" alt=\"\" width=\"680\" height=\"186\" srcset=\"https:\/\/i0.wp.com\/www.manquepierda.com\/historiarealbetis\/files\/2017\/11\/6-1927-Espa%C3%B1ol-FC-0-Betis-2.jpg?resize=680%2C186&amp;ssl=1 680w, https:\/\/i0.wp.com\/www.manquepierda.com\/historiarealbetis\/files\/2017\/11\/6-1927-Espa%C3%B1ol-FC-0-Betis-2.jpg?resize=220%2C60&amp;ssl=1 220w, https:\/\/i0.wp.com\/www.manquepierda.com\/historiarealbetis\/files\/2017\/11\/6-1927-Espa%C3%B1ol-FC-0-Betis-2.jpg?resize=768%2C210&amp;ssl=1 768w, https:\/\/i0.wp.com\/www.manquepierda.com\/historiarealbetis\/files\/2017\/11\/6-1927-Espa%C3%B1ol-FC-0-Betis-2.jpg?w=839&amp;ssl=1 839w\" sizes=\"auto, (max-width: 680px) 100vw, 680px\" \/><\/a><\/p>\n<p><span style=\"color: #008000\">El 6 de noviembre de 1927 el Betis se impone 0-2 en C\u00e1diz contra el Espa\u00f1ol FC en partido de la jornada 4 del Campeonato de Andaluc\u00eda.<\/span><\/p>\n<p><span style=\"color: #008000\">Paco Le\u00f3n y Germ\u00e1n son los autores de los tantos verdiblancos en el terreno gaditano de Ana de Viya.<\/span><\/p>\n<p><span style=\"color: #008000\">El Espa\u00f1ol FC jug\u00f3 con Clar\u00e9s; Gonz\u00e1lez, Le\u00f3n; Ferreira, M. Ben\u00edtez, Lucas; Rafael\u00edn, R, Ben\u00edtez, Velasco, M. Gonz\u00e1lez y Segura.\u00a0\u00a0<\/span><\/p>\n<p><span style=\"color: #008000\">El Betis, entrenado por C\u00e9sar Miguel De los Reyes, aline\u00f3 a Jes\u00fas; Jim\u00e9nez, Tenorio; Salda\u00f1a, Est\u00e9vez, Adolfito; Ag\u00fcita, Aranda, Le\u00f3n, Germ\u00e1n y Romero.\u00a0<\/span><\/p>\n<p><span style=\"color: #008000\">En este partido debut\u00f3 en competici\u00f3n oficial con el Betis Jos\u00e9 D\u00edaz \u00abAg\u00fcita\u00bb.<\/span><\/p>\n","protected":false},"excerpt":{"rendered":"<p>El 6 de noviembre de 1927 el Betis se impone 0-2 en C\u00e1diz contra el Espa\u00f1ol FC en partido de la jornada 4 del Campeonato de Andaluc\u00eda. Paco Le\u00f3n y Germ\u00e1n son los autores de los tantos verdiblancos en el terreno gaditano de Ana de Viya. El Espa\u00f1ol FC jug\u00f3 con Clar\u00e9s; Gonz\u00e1lez, Le\u00f3n; Ferreira,&#8230;<\/p>\n","protected":false},"author":5,"featured_media":62109,"comment_status":"open","ping_status":"open","sticky":false,"template":"","format":"standard","meta":{"_kad_post_transparent":"","_kad_post_title":"","_kad_post_layout":"","_kad_post_sidebar_id":"","_kad_post_content_style":"","_kad_post_vertical_padding":"","_kad_post_feature":"","_kad_post_feature_position":"","_kad_post_header":false,"_kad_post_footer":false,"_kad_post_classname":"","_jetpack_memberships_contains_paid_content":false,"footnotes":"","jetpack_publicize_message":"","jetpack_publicize_feature_enabled":true,"jetpack_social_post_already_shared":true,"jetpack_social_options":{"image_generator_settings":{"template":"highway","default_image_id":0,"font":"","enabled":false},"version":2}},"categories":[898,14583,1],"tags":[1326,17770,1195,5234],"class_list":["post-62108","post","type-post","status-publish","format-standard","has-post-thumbnail","hentry","category-1920-1929","category-efemerides","category-portada","tag-1326","tag-campeonato-de-andalucia-1927-28","tag-espanol-fc-cadiz","tag-jose-diaz-aguita"],"jetpack_publicize_connections":[],"jetpack_featured_media_url":"https:\/\/i0.wp.com\/www.manquepierda.com\/historiarealbetis\/files\/2017\/11\/6-1927-Espa%C3%B1ol-FC-0-Betis-2.jpg?fit=839%2C229&ssl=1","jetpack_sharing_enabled":true,"jetpack_shortlink":"https:\/\/wp.me\/p1ij08-g9K","jetpack-related-posts":[],"_links":{"self":[{"href":"https:\/\/www.manquepierda.com\/historiarealbetis\/wp-json\/wp\/v2\/posts\/62108","targetHints":{"allow":["GET"]}}],"collection":[{"href":"https:\/\/www.manquepierda.com\/historiarealbetis\/wp-json\/wp\/v2\/posts"}],"about":[{"href":"https:\/\/www.manquepierda.com\/historiarealbetis\/wp-json\/wp\/v2\/types\/post"}],"author":[{"embeddable":true,"href":"https:\/\/www.manquepierda.com\/historiarealbetis\/wp-json\/wp\/v2\/users\/5"}],"replies":[{"embeddable":true,"href":"https:\/\/www.manquepierda.com\/historiarealbetis\/wp-json\/wp\/v2\/comments?post=62108"}],"version-history":[{"count":3,"href":"https:\/\/www.manquepierda.com\/historiarealbetis\/wp-json\/wp\/v2\/posts\/62108\/revisions"}],"predecessor-version":[{"id":104345,"href":"https:\/\/www.manquepierda.com\/historiarealbetis\/wp-json\/wp\/v2\/posts\/62108\/revisions\/104345"}],"wp:featuredmedia":[{"embeddable":true,"href":"https:\/\/www.manquepierda.com\/historiarealbetis\/wp-json\/wp\/v2\/media\/62109"}],"wp:attachment":[{"href":"https:\/\/www.manquepierda.com\/historiarealbetis\/wp-json\/wp\/v2\/media?parent=62108"}],"wp:term":[{"taxonomy":"category","embeddable":true,"href":"https:\/\/www.manquepierda.com\/historiarealbetis\/wp-json\/wp\/v2\/categories?post=62108"},{"taxonomy":"post_tag","embeddable":true,"href":"https:\/\/www.manquepierda.com\/historiarealbetis\/wp-json\/wp\/v2\/tags?post=62108"}],"curies":[{"name":"wp","href":"https:\/\/api.w.org\/{rel}","templated":true}]}}