{"id":62194,"date":"2017-11-09T07:32:31","date_gmt":"2017-11-09T06:32:31","guid":{"rendered":"http:\/\/www.manquepierda.com\/historiarealbetis\/?p=62194"},"modified":"2024-08-27T22:39:29","modified_gmt":"2024-08-27T20:39:29","slug":"adrian-jimenez-futbolista-betico-amateur-la-1931-32","status":"publish","type":"post","link":"https:\/\/www.manquepierda.com\/historiarealbetis\/adrian-jimenez-futbolista-betico-amateur-la-1931-32\/","title":{"rendered":"Adri\u00e1n Jim\u00e9nez. Un futbolista b\u00e9tico amateur en la 1931-32"},"content":{"rendered":"<p><a href=\"https:\/\/i0.wp.com\/www.manquepierda.com\/historiarealbetis\/files\/2017\/11\/Adri%C3%A1n-Jim%C3%A9nez.jpg?ssl=1\"><img data-recalc-dims=\"1\" loading=\"lazy\" decoding=\"async\" class=\"aligncenter size-medium wp-image-62196\" src=\"https:\/\/i0.wp.com\/www.manquepierda.com\/historiarealbetis\/files\/2017\/11\/Adri%C3%A1n-Jim%C3%A9nez.jpg?resize=498%2C600&#038;ssl=1\" alt=\"\" width=\"498\" height=\"600\" srcset=\"https:\/\/i0.wp.com\/www.manquepierda.com\/historiarealbetis\/files\/2017\/11\/Adri%C3%A1n-Jim%C3%A9nez.jpg?resize=498%2C600&amp;ssl=1 498w, https:\/\/i0.wp.com\/www.manquepierda.com\/historiarealbetis\/files\/2017\/11\/Adri%C3%A1n-Jim%C3%A9nez.jpg?resize=183%2C220&amp;ssl=1 183w, https:\/\/i0.wp.com\/www.manquepierda.com\/historiarealbetis\/files\/2017\/11\/Adri%C3%A1n-Jim%C3%A9nez.jpg?w=519&amp;ssl=1 519w\" sizes=\"auto, (max-width: 498px) 100vw, 498px\" \/><\/a><\/p>\n<p>La noticia con la que hoy encabezamos se public\u00f3 en el Diario de C\u00f3rdoba el jueves 11 de febrero de 1932 y alude a un partido amistoso a celebrar ese d\u00eda entre el Racing Club de C\u00f3rdoba y un equipo del Betis Balompi\u00e9, integrado por futbolistas del primer equipo como Altuna, Vallina o Espinosa y otros que jugaban habitualmente en el equipo amateur de la sociedad.<\/p>\n<p>Tal y como se informa este partido se ten\u00eda que haber disputado el domingo 7 de febrero, pero el mal tiempo impidi\u00f3 su celebraci\u00f3n, aplaz\u00e1ndose para 4 d\u00edas despu\u00e9s. Entre los componentes del equipo b\u00e9tico aparece un futbolista llamado Jim\u00e9nez que hasta ahora siempre hab\u00edamos pensado que se trataba de Jes\u00fas Jim\u00e9nez Santos, apodado el Zurdo, quien desde 1925 y hasta 1930 form\u00f3 parte de la defensa b\u00e9tica, pasando ese a\u00f1o al Deportivo de La Coru\u00f1a y volviendo posteriormente a la disciplina blanquiverde.<\/p>\n<p>Sin embargo hoy podemos afirmar que se trata de otro jugador, llamado Adri\u00e1n Jim\u00e9nez Navarro, un futbolista amateur del equipo b\u00e9tico natural de Mairena del Alcor. Como prueba concluyente de ello aqu\u00ed est\u00e1 la citaci\u00f3n que el club b\u00e9tico le remiti\u00f3 el 5 de febrero de 1932 inform\u00e1ndole que el domingo 7 de febrero deb\u00eda hallarse en Sevilla para coger el tren r\u00e1pido de Madrid a las 8 y media de la ma\u00f1ana,\u00a0 para dirigirse a C\u00f3rdoba a jugar el encuentro amistoso con el R\u00e1cing Club de C\u00f3rdoba.<\/p>\n<p><a href=\"https:\/\/i0.wp.com\/www.manquepierda.com\/historiarealbetis\/files\/2017\/11\/ABUELO-2.jpg?ssl=1\"><img data-recalc-dims=\"1\" loading=\"lazy\" decoding=\"async\" class=\"aligncenter size-medium wp-image-62199\" src=\"https:\/\/i0.wp.com\/www.manquepierda.com\/historiarealbetis\/files\/2017\/11\/ABUELO-2.jpg?resize=465%2C600&#038;ssl=1\" alt=\"\" width=\"465\" height=\"600\" srcset=\"https:\/\/i0.wp.com\/www.manquepierda.com\/historiarealbetis\/files\/2017\/11\/ABUELO-2.jpg?resize=465%2C600&amp;ssl=1 465w, https:\/\/i0.wp.com\/www.manquepierda.com\/historiarealbetis\/files\/2017\/11\/ABUELO-2.jpg?resize=171%2C220&amp;ssl=1 171w, https:\/\/i0.wp.com\/www.manquepierda.com\/historiarealbetis\/files\/2017\/11\/ABUELO-2.jpg?resize=768%2C990&amp;ssl=1 768w, https:\/\/i0.wp.com\/www.manquepierda.com\/historiarealbetis\/files\/2017\/11\/ABUELO-2.jpg?resize=543%2C700&amp;ssl=1 543w, https:\/\/i0.wp.com\/www.manquepierda.com\/historiarealbetis\/files\/2017\/11\/ABUELO-2.jpg?w=1700&amp;ssl=1 1700w\" sizes=\"auto, (max-width: 465px) 100vw, 465px\" \/><\/a><\/p>\n<p>El comunicado, con el membrete oficial del club (Betis Balompi\u00e9), as\u00ed como las 3 asociaciones futbol\u00edsticas en las que estaba integrado (Federaci\u00f3n Regional Sur, Federaci\u00f3n Espa\u00f1ola de F\u00fatbol y Federaci\u00f3n Internacional de Football Association), incluye la direcci\u00f3n de la secretar\u00eda del club, esa temporada en la calle O\u00b4Donnell 7, el tel\u00e9fono del club (22486) y su ubicaci\u00f3n deportiva en el Campo de Deportes del Patronato Obrero, en el barrio del Porvenir. Viene firmado por Carlos Fern\u00e1ndez de Pando, secretario de la directiva que presid\u00eda Jos\u00e9 Ignacio Mantec\u00f3n Navasal.<\/p>\n<p>Hasta 5 son las comunicaciones que los descendientes de Adri\u00e1n Jim\u00e9nez Navarro conservan de la temporada 1931-32, en la que este joven futbolista de Mairena estuvo integrado en la \u00f3rbita del club verdiblanco.<\/p>\n<p>La primera, fechada el 4 de diciembre de 1931, es otra citaci\u00f3n para un partido a disputar en el campo del Patronato el domingo 6 de diciembre de 1931 a las 13 horas. Ese d\u00eda el primer equipo del Betis, por entonces a\u00fan en Segunda Divisi\u00f3n, jug\u00f3 un partido amistoso contra el potente Arenas de Guecho, de Primera Divisi\u00f3n, una especie de revancha de la disputada semifinal de Copa jugada en el mes de junio,\u00a0 y en la que los verdiblancos eliminaron a los areneros pasando a la final de Copa. El partido se inici\u00f3 a las 15 horas, pero como anticipo a las 13 horas el equipo reserva del Betis, integrado b\u00e1sicamente por jugadores amateurs, se enfrent\u00f3 al Sparta, el hist\u00f3rico equipo de la Alameda en el que entonces se alineaba de delantero centro Francisco Gonz\u00e1lez \u00abPaquirri\u00bb, y al que se impuso el equipo b\u00e9tico por 4 goles a 0.<\/p>\n<p><a href=\"https:\/\/i0.wp.com\/www.manquepierda.com\/historiarealbetis\/files\/2017\/11\/ABUELO-3.jpg?ssl=1\"><img data-recalc-dims=\"1\" loading=\"lazy\" decoding=\"async\" class=\"aligncenter size-medium wp-image-62200\" src=\"https:\/\/i0.wp.com\/www.manquepierda.com\/historiarealbetis\/files\/2017\/11\/ABUELO-3.jpg?resize=465%2C600&#038;ssl=1\" alt=\"\" width=\"465\" height=\"600\" srcset=\"https:\/\/i0.wp.com\/www.manquepierda.com\/historiarealbetis\/files\/2017\/11\/ABUELO-3.jpg?resize=465%2C600&amp;ssl=1 465w, https:\/\/i0.wp.com\/www.manquepierda.com\/historiarealbetis\/files\/2017\/11\/ABUELO-3.jpg?resize=171%2C220&amp;ssl=1 171w, https:\/\/i0.wp.com\/www.manquepierda.com\/historiarealbetis\/files\/2017\/11\/ABUELO-3.jpg?resize=768%2C990&amp;ssl=1 768w, https:\/\/i0.wp.com\/www.manquepierda.com\/historiarealbetis\/files\/2017\/11\/ABUELO-3.jpg?resize=543%2C700&amp;ssl=1 543w, https:\/\/i0.wp.com\/www.manquepierda.com\/historiarealbetis\/files\/2017\/11\/ABUELO-3.jpg?w=1700&amp;ssl=1 1700w\" sizes=\"auto, (max-width: 465px) 100vw, 465px\" \/><\/a><\/p>\n<p>Otra comunicaci\u00f3n de ese mismo mes de diciembre de 1931, fechada el d\u00eda 23, va remitida al presidente del Mairena FC. En ella el vicesecrtario de la directiva b\u00e9tica, Manuel Bermudo, informa al club mairenero la conformidad del club b\u00e9tico para que Jim\u00e9nez pueda jugar con el Mairena en los partidos a celebrar por \u00e9ste con motivo de las fiestas navide\u00f1as. Ello nos hace pensar, junto a las citaciones que hemos visto anteriormente, que Jim\u00e9nez muy posiblemente desarrollase su actividad habitual de entrenamientos a lo largo de la semana con el equipo de Mairena, siendo citado puntualmente, como hemos visto, por el club verdiblanco para los partidos concretos en que hiciera falta su concurso.<\/p>\n<p><a href=\"https:\/\/i0.wp.com\/www.manquepierda.com\/historiarealbetis\/files\/2017\/11\/ABUELO-1.jpg?ssl=1\"><img data-recalc-dims=\"1\" loading=\"lazy\" decoding=\"async\" class=\"aligncenter size-medium wp-image-62201\" src=\"https:\/\/i0.wp.com\/www.manquepierda.com\/historiarealbetis\/files\/2017\/11\/ABUELO-1.jpg?resize=461%2C600&#038;ssl=1\" alt=\"\" width=\"461\" height=\"600\" srcset=\"https:\/\/i0.wp.com\/www.manquepierda.com\/historiarealbetis\/files\/2017\/11\/ABUELO-1.jpg?resize=461%2C600&amp;ssl=1 461w, https:\/\/i0.wp.com\/www.manquepierda.com\/historiarealbetis\/files\/2017\/11\/ABUELO-1.jpg?resize=169%2C220&amp;ssl=1 169w, https:\/\/i0.wp.com\/www.manquepierda.com\/historiarealbetis\/files\/2017\/11\/ABUELO-1.jpg?resize=768%2C1000&amp;ssl=1 768w, https:\/\/i0.wp.com\/www.manquepierda.com\/historiarealbetis\/files\/2017\/11\/ABUELO-1.jpg?resize=538%2C700&amp;ssl=1 538w, https:\/\/i0.wp.com\/www.manquepierda.com\/historiarealbetis\/files\/2017\/11\/ABUELO-1.jpg?w=1696&amp;ssl=1 1696w\" sizes=\"auto, (max-width: 461px) 100vw, 461px\" \/><\/a><\/p>\n<p>Finalmente una nueva notificaci\u00f3n del Betis, fechada el 30 de junio de 1932, el d\u00eda que formalmente finalizan los contratos de cada temporada, le comunica a Adri\u00e1n Jim\u00e9nez que queda en libertad, mediante la renuncia expresa por parte del club de cualquier derecho reglamentario que el club pudiera tener, pudiendo desde ese momento inscribirse en el club que quiera.<\/p>\n<p><a href=\"https:\/\/i0.wp.com\/www.manquepierda.com\/historiarealbetis\/files\/2017\/11\/ABUELO.jpg?ssl=1\"><img data-recalc-dims=\"1\" loading=\"lazy\" decoding=\"async\" class=\"aligncenter size-medium wp-image-62203\" src=\"https:\/\/i0.wp.com\/www.manquepierda.com\/historiarealbetis\/files\/2017\/11\/ABUELO.jpg?resize=461%2C600&#038;ssl=1\" alt=\"\" width=\"461\" height=\"600\" srcset=\"https:\/\/i0.wp.com\/www.manquepierda.com\/historiarealbetis\/files\/2017\/11\/ABUELO.jpg?resize=461%2C600&amp;ssl=1 461w, https:\/\/i0.wp.com\/www.manquepierda.com\/historiarealbetis\/files\/2017\/11\/ABUELO.jpg?resize=169%2C220&amp;ssl=1 169w, https:\/\/i0.wp.com\/www.manquepierda.com\/historiarealbetis\/files\/2017\/11\/ABUELO.jpg?resize=768%2C1000&amp;ssl=1 768w, https:\/\/i0.wp.com\/www.manquepierda.com\/historiarealbetis\/files\/2017\/11\/ABUELO.jpg?resize=538%2C700&amp;ssl=1 538w, https:\/\/i0.wp.com\/www.manquepierda.com\/historiarealbetis\/files\/2017\/11\/ABUELO.jpg?w=1696&amp;ssl=1 1696w\" sizes=\"auto, (max-width: 461px) 100vw, 461px\" \/><\/a><\/p>\n<p>El membrete utilizado en esta comunicaci\u00f3n es de una mayor riqueza crom\u00e1tica, apareciendo ya el nuevo escudo del club dise\u00f1ado por Enrique A\u00f1ino, as\u00ed como una mayor variedad de detalles: la secretar\u00eda instalada ahora en la calle San Pablo 10, aunque se mantiene el mismo n\u00famero telef\u00f3nico (22486), las secciones deportivas del club (Foot-Ball, Tennis, Athletismo, Ciclismo y Pelota Vasca), el a\u00f1o de fundaci\u00f3n en 1907, el subcampeonato de Espa\u00f1a (Copa) de la temporada 1930-31 y el Campeonato de Liga de Segunda Divisi\u00f3n de la temporada 1931-32 conseguido en abril de este mismo a\u00f1o, por lo que el nuevo formato de papel oficial del club tenemos que datarlo en ese breve periodo de tiempo que va desde abril a junio en que se fecha la comunicaci\u00f3n. Por \u00faltimo, aparece el campo de Deportes del Patronato Obrero en el barrio del Porvenir y con su n\u00famero de tel\u00e9fono (31408).<\/p>\n<p>Abajo, a las izquierda, tras la firma de Carlos Fern\u00e1ndez de Pando se ve, aunque mal conservado por el estado del documento, el sello oficial del club.<\/p>\n<p>Agradecer a Jos\u00e9 Manuel Jim\u00e9nez la colaboraci\u00f3n prestada al poner a nuestra disposici\u00f3n toda esta documentaci\u00f3n original de la \u00e9poca y que nos ha servido para poner de relieve la figura de este jugador de Mairena del Alcor\u00a0 que jug\u00f3 en el Betis Balompi\u00e9.<\/p>\n","protected":false},"excerpt":{"rendered":"<p>La noticia con la que hoy encabezamos se public\u00f3 en el Diario de C\u00f3rdoba el jueves 11 de febrero de 1932 y alude a un partido amistoso a celebrar ese d\u00eda entre el Racing Club de C\u00f3rdoba y un equipo del Betis Balompi\u00e9, integrado por futbolistas del primer equipo como Altuna, Vallina o Espinosa y&#8230;<\/p>\n","protected":false},"author":5,"featured_media":62196,"comment_status":"open","ping_status":"open","sticky":false,"template":"","format":"standard","meta":{"_kad_post_transparent":"","_kad_post_title":"","_kad_post_layout":"","_kad_post_sidebar_id":"","_kad_post_content_style":"","_kad_post_vertical_padding":"","_kad_post_feature":"","_kad_post_feature_position":"","_kad_post_header":false,"_kad_post_footer":false,"_kad_post_classname":"","_jetpack_memberships_contains_paid_content":false,"footnotes":"","jetpack_publicize_message":"","jetpack_publicize_feature_enabled":true,"jetpack_social_post_already_shared":true,"jetpack_social_options":{"image_generator_settings":{"template":"highway","default_image_id":0,"font":"","enabled":false},"version":2}},"categories":[899,906,1],"tags":[2221,44,16497,7567],"class_list":["post-62194","post","type-post","status-publish","format-standard","has-post-thumbnail","hentry","category-1930-1939","category-investigacion-temas","category-portada","tag-1931-32","tag-44","tag-adrian-jimenez","tag-betis-amateur"],"jetpack_publicize_connections":[],"jetpack_featured_media_url":"https:\/\/i0.wp.com\/www.manquepierda.com\/historiarealbetis\/files\/2017\/11\/Adri%C3%A1n-Jim%C3%A9nez.jpg?fit=519%2C625&ssl=1","jetpack_sharing_enabled":true,"jetpack_shortlink":"https:\/\/wp.me\/p1ij08-gb8","jetpack-related-posts":[],"_links":{"self":[{"href":"https:\/\/www.manquepierda.com\/historiarealbetis\/wp-json\/wp\/v2\/posts\/62194","targetHints":{"allow":["GET"]}}],"collection":[{"href":"https:\/\/www.manquepierda.com\/historiarealbetis\/wp-json\/wp\/v2\/posts"}],"about":[{"href":"https:\/\/www.manquepierda.com\/historiarealbetis\/wp-json\/wp\/v2\/types\/post"}],"author":[{"embeddable":true,"href":"https:\/\/www.manquepierda.com\/historiarealbetis\/wp-json\/wp\/v2\/users\/5"}],"replies":[{"embeddable":true,"href":"https:\/\/www.manquepierda.com\/historiarealbetis\/wp-json\/wp\/v2\/comments?post=62194"}],"version-history":[{"count":1,"href":"https:\/\/www.manquepierda.com\/historiarealbetis\/wp-json\/wp\/v2\/posts\/62194\/revisions"}],"predecessor-version":[{"id":97970,"href":"https:\/\/www.manquepierda.com\/historiarealbetis\/wp-json\/wp\/v2\/posts\/62194\/revisions\/97970"}],"wp:featuredmedia":[{"embeddable":true,"href":"https:\/\/www.manquepierda.com\/historiarealbetis\/wp-json\/wp\/v2\/media\/62196"}],"wp:attachment":[{"href":"https:\/\/www.manquepierda.com\/historiarealbetis\/wp-json\/wp\/v2\/media?parent=62194"}],"wp:term":[{"taxonomy":"category","embeddable":true,"href":"https:\/\/www.manquepierda.com\/historiarealbetis\/wp-json\/wp\/v2\/categories?post=62194"},{"taxonomy":"post_tag","embeddable":true,"href":"https:\/\/www.manquepierda.com\/historiarealbetis\/wp-json\/wp\/v2\/tags?post=62194"}],"curies":[{"name":"wp","href":"https:\/\/api.w.org\/{rel}","templated":true}]}}