{"id":62235,"date":"2017-11-18T09:01:28","date_gmt":"2017-11-18T08:01:28","guid":{"rendered":"http:\/\/www.manquepierda.com\/historiarealbetis\/?p=62235"},"modified":"2024-10-22T07:19:07","modified_gmt":"2024-10-22T05:19:07","slug":"eibar-betis-liga-2000","status":"publish","type":"post","link":"https:\/\/www.manquepierda.com\/historiarealbetis\/eibar-betis-liga-2000\/","title":{"rendered":"Eibar-Betis Liga 2000"},"content":{"rendered":"<p><a href=\"https:\/\/i0.wp.com\/www.manquepierda.com\/historiarealbetis\/files\/2017\/11\/Eibar-Betis-Liga-2000-Amato-.jpg?ssl=1\"><img data-recalc-dims=\"1\" loading=\"lazy\" decoding=\"async\" class=\"aligncenter size-full wp-image-62236\" src=\"https:\/\/i0.wp.com\/www.manquepierda.com\/historiarealbetis\/files\/2017\/11\/Eibar-Betis-Liga-2000-Amato-.jpg?resize=644%2C361&#038;ssl=1\" alt=\"\" width=\"644\" height=\"361\" srcset=\"https:\/\/i0.wp.com\/www.manquepierda.com\/historiarealbetis\/files\/2017\/11\/Eibar-Betis-Liga-2000-Amato-.jpg?w=644&amp;ssl=1 644w, https:\/\/i0.wp.com\/www.manquepierda.com\/historiarealbetis\/files\/2017\/11\/Eibar-Betis-Liga-2000-Amato-.jpg?resize=220%2C123&amp;ssl=1 220w\" sizes=\"auto, (max-width: 644px) 100vw, 644px\" \/><\/a><\/p>\n<p>1 de noviembre de 2000 en Ipurua\u00a0 Eibar 0\u00a0 Betis 0; jornada 10 del Campeonato de Liga de Segunda Divisi\u00f3n.<\/p>\n<p>En la imagen el delantero argentino Gabriel Amato salta a rematar un bal\u00f3n con el defensor eibarr\u00e9s Matxon y ante la mirada de Artetxe.<\/p>\n<p>Blas Ziarreta entrenaba al Eibar y Fernando V\u00e1zquez al Betis.<\/p>\n","protected":false},"excerpt":{"rendered":"<p>1 de noviembre de 2000 en Ipurua\u00a0 Eibar 0\u00a0 Betis 0; jornada 10 del Campeonato de Liga de Segunda Divisi\u00f3n. En la imagen el delantero argentino Gabriel Amato salta a rematar un bal\u00f3n con el defensor eibarr\u00e9s Matxon y ante la mirada de Artetxe. Blas Ziarreta entrenaba al Eibar y Fernando V\u00e1zquez al Betis.<\/p>\n","protected":false},"author":5,"featured_media":62236,"comment_status":"open","ping_status":"open","sticky":false,"template":"","format":"standard","meta":{"_kad_post_transparent":"","_kad_post_title":"","_kad_post_layout":"","_kad_post_sidebar_id":"","_kad_post_content_style":"","_kad_post_vertical_padding":"","_kad_post_feature":"","_kad_post_feature_position":"","_kad_post_header":false,"_kad_post_footer":false,"_kad_post_classname":"","_jetpack_memberships_contains_paid_content":false,"footnotes":"","jetpack_publicize_message":"","jetpack_publicize_feature_enabled":true,"jetpack_social_post_already_shared":true,"jetpack_social_options":{"image_generator_settings":{"template":"highway","default_image_id":0,"font":"","enabled":false},"version":2}},"categories":[4823,1],"tags":[6730,2230,3275,17895,13258],"class_list":["post-62235","post","type-post","status-publish","format-standard","has-post-thumbnail","hentry","category-2000-2009","category-portada","tag-6730","tag-2000-01","tag-gabriel-amato","tag-liga-segunda-2000-01","tag-sd-eibar"],"jetpack_publicize_connections":[],"jetpack_featured_media_url":"https:\/\/i0.wp.com\/www.manquepierda.com\/historiarealbetis\/files\/2017\/11\/Eibar-Betis-Liga-2000-Amato-.jpg?fit=644%2C361&ssl=1","jetpack_sharing_enabled":true,"jetpack_shortlink":"https:\/\/wp.me\/p1ij08-gbN","jetpack-related-posts":[],"_links":{"self":[{"href":"https:\/\/www.manquepierda.com\/historiarealbetis\/wp-json\/wp\/v2\/posts\/62235","targetHints":{"allow":["GET"]}}],"collection":[{"href":"https:\/\/www.manquepierda.com\/historiarealbetis\/wp-json\/wp\/v2\/posts"}],"about":[{"href":"https:\/\/www.manquepierda.com\/historiarealbetis\/wp-json\/wp\/v2\/types\/post"}],"author":[{"embeddable":true,"href":"https:\/\/www.manquepierda.com\/historiarealbetis\/wp-json\/wp\/v2\/users\/5"}],"replies":[{"embeddable":true,"href":"https:\/\/www.manquepierda.com\/historiarealbetis\/wp-json\/wp\/v2\/comments?post=62235"}],"version-history":[{"count":1,"href":"https:\/\/www.manquepierda.com\/historiarealbetis\/wp-json\/wp\/v2\/posts\/62235\/revisions"}],"predecessor-version":[{"id":100532,"href":"https:\/\/www.manquepierda.com\/historiarealbetis\/wp-json\/wp\/v2\/posts\/62235\/revisions\/100532"}],"wp:featuredmedia":[{"embeddable":true,"href":"https:\/\/www.manquepierda.com\/historiarealbetis\/wp-json\/wp\/v2\/media\/62236"}],"wp:attachment":[{"href":"https:\/\/www.manquepierda.com\/historiarealbetis\/wp-json\/wp\/v2\/media?parent=62235"}],"wp:term":[{"taxonomy":"category","embeddable":true,"href":"https:\/\/www.manquepierda.com\/historiarealbetis\/wp-json\/wp\/v2\/categories?post=62235"},{"taxonomy":"post_tag","embeddable":true,"href":"https:\/\/www.manquepierda.com\/historiarealbetis\/wp-json\/wp\/v2\/tags?post=62235"}],"curies":[{"name":"wp","href":"https:\/\/api.w.org\/{rel}","templated":true}]}}