{"id":62245,"date":"2022-11-15T11:00:00","date_gmt":"2022-11-15T10:00:00","guid":{"rendered":"http:\/\/www.manquepierda.com\/historiarealbetis\/?p=62245"},"modified":"2024-12-15T17:40:26","modified_gmt":"2024-12-15T16:40:26","slug":"hoy-77-anos-8","status":"publish","type":"post","link":"https:\/\/www.manquepierda.com\/historiarealbetis\/hoy-77-anos-8\/","title":{"rendered":"Hoy hace 80 a\u00f1os. Betis 2 Valencia 2."},"content":{"rendered":"<p><a href=\"https:\/\/i0.wp.com\/www.manquepierda.com\/historiarealbetis\/files\/2017\/11\/15-1942-Betis-2-Valencia-2.jpg?ssl=1\"><img data-recalc-dims=\"1\" loading=\"lazy\" decoding=\"async\" class=\"aligncenter size-full wp-image-62246\" src=\"https:\/\/i0.wp.com\/www.manquepierda.com\/historiarealbetis\/files\/2017\/11\/15-1942-Betis-2-Valencia-2.jpg?resize=375%2C264&#038;ssl=1\" alt=\"\" width=\"375\" height=\"264\" srcset=\"https:\/\/i0.wp.com\/www.manquepierda.com\/historiarealbetis\/files\/2017\/11\/15-1942-Betis-2-Valencia-2.jpg?w=375&amp;ssl=1 375w, https:\/\/i0.wp.com\/www.manquepierda.com\/historiarealbetis\/files\/2017\/11\/15-1942-Betis-2-Valencia-2.jpg?resize=220%2C155&amp;ssl=1 220w, https:\/\/i0.wp.com\/www.manquepierda.com\/historiarealbetis\/files\/2017\/11\/15-1942-Betis-2-Valencia-2.jpg?resize=75%2C52&amp;ssl=1 75w\" sizes=\"auto, (max-width: 375px) 100vw, 375px\" \/><\/a><\/p>\n<p><span style=\"color: #008000\">El 15 de noviembre de 1942 Betis y Valencia empatan a 2 en Heli\u00f3polis en partido de la jornada 8 del Campeonato de Liga de Primera Divisi\u00f3n.<\/span><\/p>\n<p><span style=\"color: #008000\">Dos tantos de Tom\u00e1s Muruaga sirvieron al Betis para anular la ventaja valencianista, que se hab\u00eda anticipado con goles de Igoa y Mena.<\/span><\/p>\n<p><span style=\"color: #008000\">El Betis, entrenado por Ces\u00e1reo Baraga\u00f1o, aline\u00f3 a Paquillo; Cabezas, Gonell; Peral, Jap\u00f3n, Coll; Enrique, Besc\u00f3s, Muruaga, D\u00edaz y Saro.&nbsp;&nbsp;<\/span><\/p>\n<p><span style=\"color: #008000\">El Valencia, dirigido por Leopoldo Costa \u00abRino\u00bb, form\u00f3 con Eizaguirre; Alvaro, Juan Ram\u00f3n; Lel\u00e9, Iturraspe, Lecue; Epi, Amadeo, Igoa, Asensi y Mena.&nbsp;<\/span><\/p>\n","protected":false},"excerpt":{"rendered":"<p>El 15 de noviembre de 1942 Betis y Valencia empatan a 2 en Heli\u00f3polis en partido de la jornada 8 del Campeonato de Liga de Primera Divisi\u00f3n. Dos tantos de Tom\u00e1s Muruaga sirvieron al Betis para anular la ventaja valencianista, que se hab\u00eda anticipado con goles de Igoa y Mena. El Betis, entrenado por Ces\u00e1reo&#8230;<\/p>\n","protected":false},"author":5,"featured_media":62246,"comment_status":"open","ping_status":"open","sticky":false,"template":"","format":"standard","meta":{"_kad_post_transparent":"","_kad_post_title":"","_kad_post_layout":"","_kad_post_sidebar_id":"","_kad_post_content_style":"","_kad_post_vertical_padding":"","_kad_post_feature":"","_kad_post_feature_position":"","_kad_post_header":false,"_kad_post_footer":false,"_kad_post_classname":"","_jetpack_memberships_contains_paid_content":false,"footnotes":"","jetpack_publicize_message":"","jetpack_publicize_feature_enabled":true,"jetpack_social_post_already_shared":true,"jetpack_social_options":{"image_generator_settings":{"template":"highway","default_image_id":0,"font":"","enabled":false},"version":2}},"categories":[900,14583,1],"tags":[50,17898,2285],"class_list":["post-62245","post","type-post","status-publish","format-standard","has-post-thumbnail","hentry","category-1940-1949","category-efemerides","category-portada","tag-50","tag-liga-primera-1942-43","tag-valencia-cf"],"jetpack_publicize_connections":[],"jetpack_featured_media_url":"https:\/\/i0.wp.com\/www.manquepierda.com\/historiarealbetis\/files\/2017\/11\/15-1942-Betis-2-Valencia-2.jpg?fit=375%2C264&ssl=1","jetpack_sharing_enabled":true,"jetpack_shortlink":"https:\/\/wp.me\/p1ij08-gbX","jetpack-related-posts":[],"_links":{"self":[{"href":"https:\/\/www.manquepierda.com\/historiarealbetis\/wp-json\/wp\/v2\/posts\/62245","targetHints":{"allow":["GET"]}}],"collection":[{"href":"https:\/\/www.manquepierda.com\/historiarealbetis\/wp-json\/wp\/v2\/posts"}],"about":[{"href":"https:\/\/www.manquepierda.com\/historiarealbetis\/wp-json\/wp\/v2\/types\/post"}],"author":[{"embeddable":true,"href":"https:\/\/www.manquepierda.com\/historiarealbetis\/wp-json\/wp\/v2\/users\/5"}],"replies":[{"embeddable":true,"href":"https:\/\/www.manquepierda.com\/historiarealbetis\/wp-json\/wp\/v2\/comments?post=62245"}],"version-history":[{"count":1,"href":"https:\/\/www.manquepierda.com\/historiarealbetis\/wp-json\/wp\/v2\/posts\/62245\/revisions"}],"predecessor-version":[{"id":86417,"href":"https:\/\/www.manquepierda.com\/historiarealbetis\/wp-json\/wp\/v2\/posts\/62245\/revisions\/86417"}],"wp:featuredmedia":[{"embeddable":true,"href":"https:\/\/www.manquepierda.com\/historiarealbetis\/wp-json\/wp\/v2\/media\/62246"}],"wp:attachment":[{"href":"https:\/\/www.manquepierda.com\/historiarealbetis\/wp-json\/wp\/v2\/media?parent=62245"}],"wp:term":[{"taxonomy":"category","embeddable":true,"href":"https:\/\/www.manquepierda.com\/historiarealbetis\/wp-json\/wp\/v2\/categories?post=62245"},{"taxonomy":"post_tag","embeddable":true,"href":"https:\/\/www.manquepierda.com\/historiarealbetis\/wp-json\/wp\/v2\/tags?post=62245"}],"curies":[{"name":"wp","href":"https:\/\/api.w.org\/{rel}","templated":true}]}}