{"id":62289,"date":"2017-11-15T07:24:37","date_gmt":"2017-11-15T06:24:37","guid":{"rendered":"http:\/\/www.manquepierda.com\/historiarealbetis\/?p=62289"},"modified":"2017-11-13T07:46:50","modified_gmt":"2017-11-13T06:46:50","slug":"sevilla-betis-amistoso-1931","status":"publish","type":"post","link":"https:\/\/www.manquepierda.com\/historiarealbetis\/sevilla-betis-amistoso-1931\/","title":{"rendered":"Sevilla-Betis Amistoso 1931"},"content":{"rendered":"<p><a href=\"https:\/\/i0.wp.com\/www.manquepierda.com\/historiarealbetis\/files\/2017\/11\/4-Partido-pro-parados-anuncio-NMP.jpg?ssl=1\"><img data-recalc-dims=\"1\" loading=\"lazy\" decoding=\"async\" class=\"aligncenter size-medium wp-image-62291\" src=\"https:\/\/i0.wp.com\/www.manquepierda.com\/historiarealbetis\/files\/2017\/11\/4-Partido-pro-parados-anuncio-NMP.jpg?resize=680%2C579&#038;ssl=1\" alt=\"\" width=\"680\" height=\"579\" srcset=\"https:\/\/i0.wp.com\/www.manquepierda.com\/historiarealbetis\/files\/2017\/11\/4-Partido-pro-parados-anuncio-NMP.jpg?resize=680%2C579&amp;ssl=1 680w, https:\/\/i0.wp.com\/www.manquepierda.com\/historiarealbetis\/files\/2017\/11\/4-Partido-pro-parados-anuncio-NMP.jpg?resize=220%2C187&amp;ssl=1 220w, https:\/\/i0.wp.com\/www.manquepierda.com\/historiarealbetis\/files\/2017\/11\/4-Partido-pro-parados-anuncio-NMP.jpg?resize=768%2C654&amp;ssl=1 768w, https:\/\/i0.wp.com\/www.manquepierda.com\/historiarealbetis\/files\/2017\/11\/4-Partido-pro-parados-anuncio-NMP.jpg?resize=822%2C700&amp;ssl=1 822w, https:\/\/i0.wp.com\/www.manquepierda.com\/historiarealbetis\/files\/2017\/11\/4-Partido-pro-parados-anuncio-NMP.jpg?w=862&amp;ssl=1 862w\" sizes=\"auto, (max-width: 680px) 100vw, 680px\" \/><\/a><\/p>\n<p>Anuncio publicado en el diario El Liberal el 4 de septiembre de 1931 en el que se publicita un encuentro amistoso entre el Sevilla FC y el Betis Balompie a disputar el domingo 6 de septiembre en el Stadium de la Exposici\u00f3n\u00a0 a beneficio de los obreros sin trabajo.<\/p>\n<p>Este partido fue organizado por el Ayuntamiento hispalense, presidido desde junio de 1931 por Jos\u00e9 Gonz\u00e1lez Fern\u00e1ndez de la Bandera, quien deleg\u00f3 en el concejal Isacio Contreras la organizaci\u00f3n de este partido ben\u00e9fico.<\/p>\n<p>El escenario para su desarrollo fue el Stadium de la Exposici\u00f3n, que desde la finalizaci\u00f3n del evento iberoamericano se hallaba sin una ocupaci\u00f3n permanente, utiliz\u00e1ndose de forma espor\u00e1dica para actos pol\u00edticos y deportivos como este.<\/p>\n<p>Aunque el anuncio publicitaba la hora del partido para las 17,30 horas un anuncio posterior inform\u00f3 que se jugar\u00eda a las 17 horas con la siguiente explicaci\u00f3n:<\/p>\n<p><a href=\"https:\/\/i0.wp.com\/www.manquepierda.com\/historiarealbetis\/files\/2017\/11\/5-Partido-pro-parados-1.jpg?ssl=1\"><img data-recalc-dims=\"1\" loading=\"lazy\" decoding=\"async\" class=\"aligncenter size-medium wp-image-62293\" src=\"https:\/\/i0.wp.com\/www.manquepierda.com\/historiarealbetis\/files\/2017\/11\/5-Partido-pro-parados-1.jpg?resize=443%2C600&#038;ssl=1\" alt=\"\" width=\"443\" height=\"600\" srcset=\"https:\/\/i0.wp.com\/www.manquepierda.com\/historiarealbetis\/files\/2017\/11\/5-Partido-pro-parados-1.jpg?resize=443%2C600&amp;ssl=1 443w, https:\/\/i0.wp.com\/www.manquepierda.com\/historiarealbetis\/files\/2017\/11\/5-Partido-pro-parados-1.jpg?resize=162%2C220&amp;ssl=1 162w, https:\/\/i0.wp.com\/www.manquepierda.com\/historiarealbetis\/files\/2017\/11\/5-Partido-pro-parados-1.jpg?w=470&amp;ssl=1 470w\" sizes=\"auto, (max-width: 443px) 100vw, 443px\" \/><\/a><\/p>\n<p>El encuentro finaliz\u00f3 con victoria sevillista por 3 goles a 2, y aunque el anuncio dec\u00eda que Sevilla y Betis presentar\u00edan sus primeras figuras, lo cierto es que el Betis aline\u00f3 una mezcla de jugadores suplentes y del equipo amateur, ya que por esas mismas fechas el equipo titular se preparaba para un encuentro amistoso a disputar contra el Barreirense portugu\u00e9s.<\/p>\n<p>S\u00ed parece que el Stadium registr\u00f3 una buena entrada, por la expectaci\u00f3n creada por la disputa de un derbi, los precios populares y el motivo ben\u00e9fico del encuentro en s\u00ed.<\/p>\n<p><a href=\"https:\/\/i0.wp.com\/www.manquepierda.com\/historiarealbetis\/files\/2017\/11\/6-Partido-pro-parados.jpg?ssl=1\"><img data-recalc-dims=\"1\" loading=\"lazy\" decoding=\"async\" class=\"aligncenter size-medium wp-image-62296\" src=\"https:\/\/i0.wp.com\/www.manquepierda.com\/historiarealbetis\/files\/2017\/11\/6-Partido-pro-parados.jpg?resize=394%2C600&#038;ssl=1\" alt=\"\" width=\"394\" height=\"600\" srcset=\"https:\/\/i0.wp.com\/www.manquepierda.com\/historiarealbetis\/files\/2017\/11\/6-Partido-pro-parados.jpg?resize=394%2C600&amp;ssl=1 394w, https:\/\/i0.wp.com\/www.manquepierda.com\/historiarealbetis\/files\/2017\/11\/6-Partido-pro-parados.jpg?resize=144%2C220&amp;ssl=1 144w, https:\/\/i0.wp.com\/www.manquepierda.com\/historiarealbetis\/files\/2017\/11\/6-Partido-pro-parados.jpg?resize=460%2C700&amp;ssl=1 460w, https:\/\/i0.wp.com\/www.manquepierda.com\/historiarealbetis\/files\/2017\/11\/6-Partido-pro-parados.jpg?w=505&amp;ssl=1 505w\" sizes=\"auto, (max-width: 394px) 100vw, 394px\" \/><\/a><\/p>\n","protected":false},"excerpt":{"rendered":"<p>Anuncio publicado en el diario El Liberal el 4 de septiembre de 1931 en el que se publicita un encuentro amistoso entre el Sevilla FC y el Betis Balompie a disputar el domingo 6 de septiembre en el Stadium de la Exposici\u00f3n\u00a0 a beneficio de los obreros sin trabajo. Este partido fue organizado por el&#8230;<\/p>\n","protected":false},"author":5,"featured_media":62291,"comment_status":"open","ping_status":"open","sticky":false,"template":"","format":"standard","meta":{"_kad_post_transparent":"","_kad_post_title":"","_kad_post_layout":"","_kad_post_sidebar_id":"","_kad_post_content_style":"","_kad_post_vertical_padding":"","_kad_post_feature":"","_kad_post_feature_position":"","_kad_post_header":false,"_kad_post_footer":false,"_kad_post_classname":"","_jetpack_memberships_contains_paid_content":false,"footnotes":"","jetpack_publicize_message":"","jetpack_publicize_feature_enabled":true,"jetpack_social_post_already_shared":true,"jetpack_social_options":{"image_generator_settings":{"template":"highway","default_image_id":0,"font":"","enabled":false},"version":2}},"categories":[899,1],"tags":[1029,2221,916,7636],"class_list":["post-62289","post","type-post","status-publish","format-standard","has-post-thumbnail","hentry","category-1930-1939","category-portada","tag-1029","tag-1931-32","tag-sevilla-fc","tag-stadium-de-la-exposicion"],"jetpack_publicize_connections":[],"jetpack_featured_media_url":"https:\/\/i0.wp.com\/www.manquepierda.com\/historiarealbetis\/files\/2017\/11\/4-Partido-pro-parados-anuncio-NMP.jpg?fit=862%2C734&ssl=1","jetpack_sharing_enabled":true,"jetpack_shortlink":"https:\/\/wp.me\/p1ij08-gcF","jetpack-related-posts":[],"_links":{"self":[{"href":"https:\/\/www.manquepierda.com\/historiarealbetis\/wp-json\/wp\/v2\/posts\/62289","targetHints":{"allow":["GET"]}}],"collection":[{"href":"https:\/\/www.manquepierda.com\/historiarealbetis\/wp-json\/wp\/v2\/posts"}],"about":[{"href":"https:\/\/www.manquepierda.com\/historiarealbetis\/wp-json\/wp\/v2\/types\/post"}],"author":[{"embeddable":true,"href":"https:\/\/www.manquepierda.com\/historiarealbetis\/wp-json\/wp\/v2\/users\/5"}],"replies":[{"embeddable":true,"href":"https:\/\/www.manquepierda.com\/historiarealbetis\/wp-json\/wp\/v2\/comments?post=62289"}],"version-history":[{"count":0,"href":"https:\/\/www.manquepierda.com\/historiarealbetis\/wp-json\/wp\/v2\/posts\/62289\/revisions"}],"wp:featuredmedia":[{"embeddable":true,"href":"https:\/\/www.manquepierda.com\/historiarealbetis\/wp-json\/wp\/v2\/media\/62291"}],"wp:attachment":[{"href":"https:\/\/www.manquepierda.com\/historiarealbetis\/wp-json\/wp\/v2\/media?parent=62289"}],"wp:term":[{"taxonomy":"category","embeddable":true,"href":"https:\/\/www.manquepierda.com\/historiarealbetis\/wp-json\/wp\/v2\/categories?post=62289"},{"taxonomy":"post_tag","embeddable":true,"href":"https:\/\/www.manquepierda.com\/historiarealbetis\/wp-json\/wp\/v2\/tags?post=62289"}],"curies":[{"name":"wp","href":"https:\/\/api.w.org\/{rel}","templated":true}]}}