{"id":62326,"date":"2017-11-24T07:37:38","date_gmt":"2017-11-24T06:37:38","guid":{"rendered":"http:\/\/www.manquepierda.com\/historiarealbetis\/?p=62326"},"modified":"2024-08-14T16:32:06","modified_gmt":"2024-08-14T14:32:06","slug":"betis-girona-liga-2010","status":"publish","type":"post","link":"https:\/\/www.manquepierda.com\/historiarealbetis\/betis-girona-liga-2010\/","title":{"rendered":"Betis-Girona Liga 2010"},"content":{"rendered":"<p><a href=\"https:\/\/i0.wp.com\/www.manquepierda.com\/historiarealbetis\/files\/2017\/11\/Betis-Girona-Liga-2010.jpg?ssl=1\"><img data-recalc-dims=\"1\" loading=\"lazy\" decoding=\"async\" class=\"aligncenter size-full wp-image-62327\" src=\"https:\/\/i0.wp.com\/www.manquepierda.com\/historiarealbetis\/files\/2017\/11\/Betis-Girona-Liga-2010.jpg?resize=644%2C362&#038;ssl=1\" alt=\"\" width=\"644\" height=\"362\" srcset=\"https:\/\/i0.wp.com\/www.manquepierda.com\/historiarealbetis\/files\/2017\/11\/Betis-Girona-Liga-2010.jpg?w=644&amp;ssl=1 644w, https:\/\/i0.wp.com\/www.manquepierda.com\/historiarealbetis\/files\/2017\/11\/Betis-Girona-Liga-2010.jpg?resize=220%2C124&amp;ssl=1 220w\" sizes=\"auto, (max-width: 644px) 100vw, 644px\" \/><\/a><\/p>\n<p>16 de octubre de 2010 en el Ruiz de Lopera Betis 2 Girona 1; jornada 8 del Campeonato de Liga de Segunda Divisi\u00f3n.<\/p>\n<p>En la imagen Dorado celebra con Miki Roqu\u00e9 y Rub\u00e9n Castro el gol logrado por el central cordob\u00e9s en el minuto 69 y que supuso la remontada, despu\u00e9s de que Miki Roqu\u00e9 marcase el empate a 1 en el 54, trasl el gol inicial en el minuto 41 de Moha para los gerundenses.<\/p>\n<p>Pepe Mel entrenaba al Betis y Ra\u00fal Agn\u00e9 al Girona.<\/p>\n","protected":false},"excerpt":{"rendered":"<p>16 de octubre de 2010 en el Ruiz de Lopera Betis 2 Girona 1; jornada 8 del Campeonato de Liga de Segunda Divisi\u00f3n. En la imagen Dorado celebra con Miki Roqu\u00e9 y Rub\u00e9n Castro el gol logrado por el central cordob\u00e9s en el minuto 69 y que supuso la remontada, despu\u00e9s de que Miki Roqu\u00e9&#8230;<\/p>\n","protected":false},"author":5,"featured_media":62327,"comment_status":"open","ping_status":"open","sticky":false,"template":"","format":"standard","meta":{"_kad_post_transparent":"","_kad_post_title":"","_kad_post_layout":"","_kad_post_sidebar_id":"","_kad_post_content_style":"","_kad_post_vertical_padding":"","_kad_post_feature":"","_kad_post_feature_position":"","_kad_post_header":false,"_kad_post_footer":false,"_kad_post_classname":"","_jetpack_memberships_contains_paid_content":false,"footnotes":"","jetpack_publicize_message":"","jetpack_publicize_feature_enabled":true,"jetpack_social_post_already_shared":true,"jetpack_social_options":{"image_generator_settings":{"template":"highway","default_image_id":0,"font":"","enabled":false},"version":2}},"categories":[15447,1],"tags":[12046,2236,16551,2245,18085,585,748],"class_list":["post-62326","post","type-post","status-publish","format-standard","has-post-thumbnail","hentry","category-2010-2019","category-portada","tag-12046","tag-2010-11","tag-girona-fc","tag-jose-antonio-dorado","tag-liga-segunda-2010-11","tag-miki-roque","tag-ruben-castro"],"jetpack_publicize_connections":[],"jetpack_featured_media_url":"https:\/\/i0.wp.com\/www.manquepierda.com\/historiarealbetis\/files\/2017\/11\/Betis-Girona-Liga-2010.jpg?fit=644%2C362&ssl=1","jetpack_sharing_enabled":true,"jetpack_shortlink":"https:\/\/wp.me\/p1ij08-gdg","jetpack-related-posts":[],"_links":{"self":[{"href":"https:\/\/www.manquepierda.com\/historiarealbetis\/wp-json\/wp\/v2\/posts\/62326","targetHints":{"allow":["GET"]}}],"collection":[{"href":"https:\/\/www.manquepierda.com\/historiarealbetis\/wp-json\/wp\/v2\/posts"}],"about":[{"href":"https:\/\/www.manquepierda.com\/historiarealbetis\/wp-json\/wp\/v2\/types\/post"}],"author":[{"embeddable":true,"href":"https:\/\/www.manquepierda.com\/historiarealbetis\/wp-json\/wp\/v2\/users\/5"}],"replies":[{"embeddable":true,"href":"https:\/\/www.manquepierda.com\/historiarealbetis\/wp-json\/wp\/v2\/comments?post=62326"}],"version-history":[{"count":1,"href":"https:\/\/www.manquepierda.com\/historiarealbetis\/wp-json\/wp\/v2\/posts\/62326\/revisions"}],"predecessor-version":[{"id":96786,"href":"https:\/\/www.manquepierda.com\/historiarealbetis\/wp-json\/wp\/v2\/posts\/62326\/revisions\/96786"}],"wp:featuredmedia":[{"embeddable":true,"href":"https:\/\/www.manquepierda.com\/historiarealbetis\/wp-json\/wp\/v2\/media\/62327"}],"wp:attachment":[{"href":"https:\/\/www.manquepierda.com\/historiarealbetis\/wp-json\/wp\/v2\/media?parent=62326"}],"wp:term":[{"taxonomy":"category","embeddable":true,"href":"https:\/\/www.manquepierda.com\/historiarealbetis\/wp-json\/wp\/v2\/categories?post=62326"},{"taxonomy":"post_tag","embeddable":true,"href":"https:\/\/www.manquepierda.com\/historiarealbetis\/wp-json\/wp\/v2\/tags?post=62326"}],"curies":[{"name":"wp","href":"https:\/\/api.w.org\/{rel}","templated":true}]}}