{"id":62350,"date":"2017-11-22T07:13:45","date_gmt":"2017-11-22T06:13:45","guid":{"rendered":"http:\/\/www.manquepierda.com\/historiarealbetis\/?p=62350"},"modified":"2021-06-20T18:23:48","modified_gmt":"2021-06-20T16:23:48","slug":"betis-ante-la-divina-pastora-1974","status":"publish","type":"post","link":"https:\/\/www.manquepierda.com\/historiarealbetis\/betis-ante-la-divina-pastora-1974\/","title":{"rendered":"El Betis ante la Divina Pastora 1974"},"content":{"rendered":"<p><a href=\"https:\/\/i0.wp.com\/www.manquepierda.com\/historiarealbetis\/files\/2017\/11\/El-Betis-ante-la-Divina-Pastora-1974-NMP.-Sevilla-31-07-1974.jpg?ssl=1\"><img data-recalc-dims=\"1\" loading=\"lazy\" decoding=\"async\" class=\"aligncenter size-medium wp-image-62351\" src=\"https:\/\/i0.wp.com\/www.manquepierda.com\/historiarealbetis\/files\/2017\/11\/El-Betis-ante-la-Divina-Pastora-1974-NMP.-Sevilla-31-07-1974.jpg?resize=680%2C522&#038;ssl=1\" alt=\"\" width=\"680\" height=\"522\" srcset=\"https:\/\/i0.wp.com\/www.manquepierda.com\/historiarealbetis\/files\/2017\/11\/El-Betis-ante-la-Divina-Pastora-1974-NMP.-Sevilla-31-07-1974.jpg?resize=680%2C522&amp;ssl=1 680w, https:\/\/i0.wp.com\/www.manquepierda.com\/historiarealbetis\/files\/2017\/11\/El-Betis-ante-la-Divina-Pastora-1974-NMP.-Sevilla-31-07-1974.jpg?resize=220%2C169&amp;ssl=1 220w, https:\/\/i0.wp.com\/www.manquepierda.com\/historiarealbetis\/files\/2017\/11\/El-Betis-ante-la-Divina-Pastora-1974-NMP.-Sevilla-31-07-1974.jpg?resize=768%2C590&amp;ssl=1 768w, https:\/\/i0.wp.com\/www.manquepierda.com\/historiarealbetis\/files\/2017\/11\/El-Betis-ante-la-Divina-Pastora-1974-NMP.-Sevilla-31-07-1974.jpg?w=789&amp;ssl=1 789w\" sizes=\"auto, (max-width: 680px) 100vw, 680px\" \/><\/a><\/p>\n<p>El 30 de julio de 1974 la directiva, cuerpo t\u00e9cnico y primera plantilla del Real Betis Balompi\u00e9 acude a la iglesia de Santa Ana en Triana para rendir homenaje a la imagen de la Divina Pastora que all\u00ed se venera, patrona de los deportistas.<\/p>\n<p>As\u00ed se contaba en las p\u00e1ginas de Sevilla el d\u00eda siguiente:<\/p>\n<p>\u00abEn la tarde de ayer, como estaba previsto y viene sucediendo ya de forma tradicional, se reunieron los jugadores, t\u00e9cnico y Junta directiva del Betis en la parroquia de Santa Ana, para asistir a la Salve en honor de la Divina Pastora, Patrona de los deportistas.<\/p>\n<p>Presidieron los titulares de la Federaci\u00f3n Andaluza y del club verdiblanco, se\u00f1ores Luengo Mu\u00f1oz y N\u00fa\u00f1ez Naranjo respectivamente. El padre Naranjo pronunci\u00f3 una breve pl\u00e1tica, en la que puso de relieve la necesidad de estar unidos y exponer el m\u00e1ximo para obtener los mejores galardones deportivos.<\/p>\n<p>Posteriormente, y una vez finalizada la ceremonia religiosa, todos los asistentes se trasladaron a la finca \u00abEl Pilar\u00bb enclavada en el t\u00e9rmino municipal de Mairena del Alcor, propiedad del presidente del Betis, quien ofreci\u00f3 una fiesta a los invitados, actuando diversos grupos, que hicieron muy agradable la jornada, brind\u00e1ndose como es natural por los mayores \u00e9xitos del Real Betis Balompi\u00e9\u00bb.<\/p>\n<p>&nbsp;<\/p>\n","protected":false},"excerpt":{"rendered":"<p>El 30 de julio de 1974 la directiva, cuerpo t\u00e9cnico y primera plantilla del Real Betis Balompi\u00e9 acude a la iglesia de Santa Ana en Triana para rendir homenaje a la imagen de la Divina Pastora que all\u00ed se venera, patrona de los deportistas. As\u00ed se contaba en las p\u00e1ginas de Sevilla el d\u00eda siguiente:&#8230;<\/p>\n","protected":false},"author":5,"featured_media":62351,"comment_status":"open","ping_status":"open","sticky":false,"template":"","format":"standard","meta":{"_kad_post_transparent":"","_kad_post_title":"","_kad_post_layout":"","_kad_post_sidebar_id":"","_kad_post_content_style":"","_kad_post_vertical_padding":"","_kad_post_feature":"","_kad_post_feature_position":"","_kad_post_header":false,"_kad_post_footer":false,"_kad_post_classname":"","_jetpack_memberships_contains_paid_content":false,"footnotes":"","jetpack_publicize_message":"","jetpack_publicize_feature_enabled":true,"jetpack_social_post_already_shared":true,"jetpack_social_options":{"image_generator_settings":{"template":"highway","default_image_id":0,"font":"","enabled":false},"version":2}},"categories":[903,1],"tags":[57,2507,17195,2660],"class_list":["post-62350","post","type-post","status-publish","format-standard","has-post-thumbnail","hentry","category-1970-1979","category-portada","tag-57","tag-1974-75","tag-divina-pastora","tag-santa-ana"],"jetpack_publicize_connections":[],"jetpack_featured_media_url":"https:\/\/i0.wp.com\/www.manquepierda.com\/historiarealbetis\/files\/2017\/11\/El-Betis-ante-la-Divina-Pastora-1974-NMP.-Sevilla-31-07-1974.jpg?fit=789%2C606&ssl=1","jetpack_sharing_enabled":true,"jetpack_shortlink":"https:\/\/wp.me\/p1ij08-gdE","jetpack-related-posts":[],"_links":{"self":[{"href":"https:\/\/www.manquepierda.com\/historiarealbetis\/wp-json\/wp\/v2\/posts\/62350","targetHints":{"allow":["GET"]}}],"collection":[{"href":"https:\/\/www.manquepierda.com\/historiarealbetis\/wp-json\/wp\/v2\/posts"}],"about":[{"href":"https:\/\/www.manquepierda.com\/historiarealbetis\/wp-json\/wp\/v2\/types\/post"}],"author":[{"embeddable":true,"href":"https:\/\/www.manquepierda.com\/historiarealbetis\/wp-json\/wp\/v2\/users\/5"}],"replies":[{"embeddable":true,"href":"https:\/\/www.manquepierda.com\/historiarealbetis\/wp-json\/wp\/v2\/comments?post=62350"}],"version-history":[{"count":0,"href":"https:\/\/www.manquepierda.com\/historiarealbetis\/wp-json\/wp\/v2\/posts\/62350\/revisions"}],"wp:featuredmedia":[{"embeddable":true,"href":"https:\/\/www.manquepierda.com\/historiarealbetis\/wp-json\/wp\/v2\/media\/62351"}],"wp:attachment":[{"href":"https:\/\/www.manquepierda.com\/historiarealbetis\/wp-json\/wp\/v2\/media?parent=62350"}],"wp:term":[{"taxonomy":"category","embeddable":true,"href":"https:\/\/www.manquepierda.com\/historiarealbetis\/wp-json\/wp\/v2\/categories?post=62350"},{"taxonomy":"post_tag","embeddable":true,"href":"https:\/\/www.manquepierda.com\/historiarealbetis\/wp-json\/wp\/v2\/tags?post=62350"}],"curies":[{"name":"wp","href":"https:\/\/api.w.org\/{rel}","templated":true}]}}