{"id":62483,"date":"2017-12-02T11:30:17","date_gmt":"2017-12-02T10:30:17","guid":{"rendered":"http:\/\/www.manquepierda.com\/historiarealbetis\/?p=62483"},"modified":"2024-09-11T19:02:23","modified_gmt":"2024-09-11T17:02:23","slug":"hoy-83-anos-6","status":"publish","type":"post","link":"https:\/\/www.manquepierda.com\/historiarealbetis\/hoy-83-anos-6\/","title":{"rendered":"Hoy hace 83 a\u00f1os. Victoria 0-1 contra el Madrid FC en Chamart\u00edn en el primer partido de Liga."},"content":{"rendered":"<p><a href=\"https:\/\/i0.wp.com\/www.manquepierda.com\/historiarealbetis\/files\/2017\/11\/2-1934-Madrid-0-Betis-1.jpg?ssl=1\"><img data-recalc-dims=\"1\" loading=\"lazy\" decoding=\"async\" class=\"aligncenter size-medium wp-image-62484\" src=\"https:\/\/i0.wp.com\/www.manquepierda.com\/historiarealbetis\/files\/2017\/11\/2-1934-Madrid-0-Betis-1.jpg?resize=680%2C484&#038;ssl=1\" alt=\"\" width=\"680\" height=\"484\" srcset=\"https:\/\/i0.wp.com\/www.manquepierda.com\/historiarealbetis\/files\/2017\/11\/2-1934-Madrid-0-Betis-1.jpg?resize=680%2C484&amp;ssl=1 680w, https:\/\/i0.wp.com\/www.manquepierda.com\/historiarealbetis\/files\/2017\/11\/2-1934-Madrid-0-Betis-1.jpg?resize=220%2C156&amp;ssl=1 220w, https:\/\/i0.wp.com\/www.manquepierda.com\/historiarealbetis\/files\/2017\/11\/2-1934-Madrid-0-Betis-1.jpg?resize=768%2C546&amp;ssl=1 768w, https:\/\/i0.wp.com\/www.manquepierda.com\/historiarealbetis\/files\/2017\/11\/2-1934-Madrid-0-Betis-1.jpg?resize=75%2C52&amp;ssl=1 75w, https:\/\/i0.wp.com\/www.manquepierda.com\/historiarealbetis\/files\/2017\/11\/2-1934-Madrid-0-Betis-1.jpg?w=893&amp;ssl=1 893w\" sizes=\"auto, (max-width: 680px) 100vw, 680px\" \/><\/a><\/p>\n<p><span style=\"color: #008000\">El 2 de diciembre de 1934 el Betis derrota 0-1 al Madrid CF en Chamart\u00edn en el partido de la jornada inaugural del Campeonato de Liga de Primera Divisi\u00f3n.<\/span><\/p>\n<p><span style=\"color: #008000\">Un tanto de Rancel en el minuto 7 le sirvi\u00f3 al Betis para cosechar los 2 primeros puntos en la carrera que le llevar\u00eda a la conquista del t\u00edtulo de Liga 5 meses despu\u00e9s.<\/span><\/p>\n<p><span style=\"color: #008000\">El Madrid, dirigido por Francisco Br\u00fa, jug\u00f3 con Zamora; Quesada, Quincoces; Pedro Regueiro, Valle, Le\u00f3n; Lazcano, Luis Regueiro, Sa\u00f1udo, Hilario y Diz.\u00a0<\/span><\/p>\n<p><span style=\"color: #008000\">El Betis, entrenado por Patrick O\u00b4Connell, form\u00f3 con Urquiaga; Areso, Aedo; Peral, G\u00f3mez, Larrinoa; Timimi, Rancel, Unamuno, Caballero y Saro.\u00a0<\/span><\/p>\n","protected":false},"excerpt":{"rendered":"<p>El 2 de diciembre de 1934 el Betis derrota 0-1 al Madrid CF en Chamart\u00edn en el partido de la jornada inaugural del Campeonato de Liga de Primera Divisi\u00f3n. Un tanto de Rancel en el minuto 7 le sirvi\u00f3 al Betis para cosechar los 2 primeros puntos en la carrera que le llevar\u00eda a la&#8230;<\/p>\n","protected":false},"author":5,"featured_media":62484,"comment_status":"open","ping_status":"open","sticky":false,"template":"","format":"standard","meta":{"_kad_post_transparent":"","_kad_post_title":"","_kad_post_layout":"","_kad_post_sidebar_id":"","_kad_post_content_style":"","_kad_post_vertical_padding":"","_kad_post_feature":"","_kad_post_feature_position":"","_kad_post_header":false,"_kad_post_footer":false,"_kad_post_classname":"","_jetpack_memberships_contains_paid_content":false,"footnotes":"","jetpack_publicize_message":"","jetpack_publicize_feature_enabled":true,"jetpack_social_post_already_shared":true,"jetpack_social_options":{"image_generator_settings":{"template":"highway","default_image_id":0,"font":"","enabled":false},"version":2}},"categories":[899,14583,1],"tags":[1536,17928,13362],"class_list":["post-62483","post","type-post","status-publish","format-standard","has-post-thumbnail","hentry","category-1930-1939","category-efemerides","category-portada","tag-1536","tag-liga-primera-1934-35","tag-real-madrid-cf"],"jetpack_publicize_connections":[],"jetpack_featured_media_url":"https:\/\/i0.wp.com\/www.manquepierda.com\/historiarealbetis\/files\/2017\/11\/2-1934-Madrid-0-Betis-1.jpg?fit=893%2C635&ssl=1","jetpack_sharing_enabled":true,"jetpack_shortlink":"https:\/\/wp.me\/p1ij08-gfN","jetpack-related-posts":[],"_links":{"self":[{"href":"https:\/\/www.manquepierda.com\/historiarealbetis\/wp-json\/wp\/v2\/posts\/62483","targetHints":{"allow":["GET"]}}],"collection":[{"href":"https:\/\/www.manquepierda.com\/historiarealbetis\/wp-json\/wp\/v2\/posts"}],"about":[{"href":"https:\/\/www.manquepierda.com\/historiarealbetis\/wp-json\/wp\/v2\/types\/post"}],"author":[{"embeddable":true,"href":"https:\/\/www.manquepierda.com\/historiarealbetis\/wp-json\/wp\/v2\/users\/5"}],"replies":[{"embeddable":true,"href":"https:\/\/www.manquepierda.com\/historiarealbetis\/wp-json\/wp\/v2\/comments?post=62483"}],"version-history":[{"count":1,"href":"https:\/\/www.manquepierda.com\/historiarealbetis\/wp-json\/wp\/v2\/posts\/62483\/revisions"}],"predecessor-version":[{"id":99099,"href":"https:\/\/www.manquepierda.com\/historiarealbetis\/wp-json\/wp\/v2\/posts\/62483\/revisions\/99099"}],"wp:featuredmedia":[{"embeddable":true,"href":"https:\/\/www.manquepierda.com\/historiarealbetis\/wp-json\/wp\/v2\/media\/62484"}],"wp:attachment":[{"href":"https:\/\/www.manquepierda.com\/historiarealbetis\/wp-json\/wp\/v2\/media?parent=62483"}],"wp:term":[{"taxonomy":"category","embeddable":true,"href":"https:\/\/www.manquepierda.com\/historiarealbetis\/wp-json\/wp\/v2\/categories?post=62483"},{"taxonomy":"post_tag","embeddable":true,"href":"https:\/\/www.manquepierda.com\/historiarealbetis\/wp-json\/wp\/v2\/tags?post=62483"}],"curies":[{"name":"wp","href":"https:\/\/api.w.org\/{rel}","templated":true}]}}