{"id":62586,"date":"2017-12-04T07:23:58","date_gmt":"2017-12-04T06:23:58","guid":{"rendered":"http:\/\/www.manquepierda.com\/historiarealbetis\/?p=62586"},"modified":"2024-10-22T07:23:59","modified_gmt":"2024-10-22T05:23:59","slug":"entrevista-michel-pavon-2001","status":"publish","type":"post","link":"https:\/\/www.manquepierda.com\/historiarealbetis\/entrevista-michel-pavon-2001\/","title":{"rendered":"Entrevista Michel Pavon 2001"},"content":{"rendered":"<p><a href=\"https:\/\/i0.wp.com\/www.manquepierda.com\/historiarealbetis\/files\/2017\/12\/Entrevista-Michel-Pavon-2001-NMP-ABC-30-03-2001.jpg?ssl=1\"><img data-recalc-dims=\"1\" loading=\"lazy\" decoding=\"async\" class=\"alignleft wp-image-62587\" src=\"https:\/\/i0.wp.com\/www.manquepierda.com\/historiarealbetis\/files\/2017\/12\/Entrevista-Michel-Pavon-2001-NMP-ABC-30-03-2001.jpg?resize=287%2C447&#038;ssl=1\" alt=\"\" width=\"287\" height=\"447\" srcset=\"https:\/\/i0.wp.com\/www.manquepierda.com\/historiarealbetis\/files\/2017\/12\/Entrevista-Michel-Pavon-2001-NMP-ABC-30-03-2001.jpg?w=337&amp;ssl=1 337w, https:\/\/i0.wp.com\/www.manquepierda.com\/historiarealbetis\/files\/2017\/12\/Entrevista-Michel-Pavon-2001-NMP-ABC-30-03-2001.jpg?resize=141%2C220&amp;ssl=1 141w\" sizes=\"auto, (max-width: 287px) 100vw, 287px\" \/><\/a><\/p>\n<p>Michel Pavon fue un futbolista franc\u00e9s, de origen espa\u00f1ol,\u00a0 que lleg\u00f3 al Betis en el verano del a\u00f1o 2000 procedente del Girondins de Burdeos. Se trataba de un jugador veterano, con experiencia, mediocampista de car\u00e1cter defensivo.<\/p>\n<p>&nbsp;<\/p>\n<p>Sin embargo, con el Betis en esa temporada s\u00f3lo puedo intervenir en 10 partidos, ya que una sucesi\u00f3n de importantes lesiones impidieron su participaci\u00f3n asidua. En diciembre del 2000 fue operado del menisco externo de la pierna derecha, y al final se complic\u00f3 con una nueva intervenci\u00f3n quir\u00fargica en marzo de 2001, ya con un largo periodo de convalecencia y recuperaci\u00f3n estimado en sis meses.<\/p>\n<p>&nbsp;<\/p>\n<p>Esta entrevista es una semana despu\u00e9s de esa segunda operaci\u00f3n, y en ella el jugador manifiesta su desesperaci\u00f3n por el largo periodo de inactividad, sin poder participar en el juego del equipo, que en esos momentos pasaba por una seria crisis, que condujo al cese de Fernando V\u00e1zquez y su sustituci\u00f3n por Luis Del Sol.<\/p>\n<p>&nbsp;<\/p>\n<p><span style=\"color: #008000\"><em>No debe ser sencillo para un futbolista acostumbrado a no faltar nunca a un partido ver sufrir a sus compa\u00f1eros por televisi\u00f3n. De campe\u00f3n de Liga con el Girondins en el 99, Pavon ha pasado a presenciar desde su sof\u00e1 la encarnizada lucha por eludir la Segunda. Su rodilla derecha, de la que fue intervenido haca unos d\u00edas, le va a tener unos seis meses parado.<\/em><\/span><\/p>\n<p><span style=\"color: #008000\"><em>&#8211; Se hace un poco dif\u00edcil, no solo para m\u00ed sino tambi\u00e9n para mi familia, que no est\u00e1 acostumbrada a tenerme todo el d\u00eda en casa sin hacer nada. Es el destino, qu\u00e9 le voy a hacer. He estado varias veces a punto de reaparecer y luego nunca pod\u00eda, es un poco desesperante\u2026<\/em><\/span><\/p>\n<p><span style=\"color: #008000\"><em>&#8211; Habr\u00e1n sido tres meses para volverse loco\u2026<\/em><\/span><\/p>\n<p><span style=\"color: #008000\"><em>&#8211; Por lo visto ten\u00eda una inflamaci\u00f3n, derrames, la verdad es que no lo s\u00e9 exactamente. Me \u201climpiaron\u201d y ahora tengo que estar un par de meses con muletas. Lo peor es la falta de costumbre, nunca tuve una lesi\u00f3n tan problem\u00e1tica ni con tanto tiempo de inactividad. La otra vez que me operaron fue en vacaciones. En cuatro a\u00f1os jugu\u00e9 casi todos los partidos y ahora estoy descolocado<\/em><\/span><\/p>\n<p><span style=\"color: #008000\"><em>&#8211; \u00a0Con 32 a\u00f1os, \u00bfquedarse ahora casi un a\u00f1o sin jugar puede ser decisivo, le da que pensar?<\/em><\/span><\/p>\n<p><span style=\"color: #008000\"><em>&#8211; La edad no es un problema, tengo buen f\u00edsico, pasi\u00f3n por el f\u00fatbol y ganas suficientes para volver a jugar pronto. No hay que mirar el carnet de identidad sino la mentalidad, y yo estoy siempre deseando jugar. Mi cabeza est\u00e1 fresca y ese tema no me preocupa nada. Estoy seguro de que este partido contra mi rodilla tambi\u00e9n lo voy a ganar, soy un luchador y voy a vencer en esta guerra<\/em><\/span><\/p>\n<p><span style=\"color: #008000\"><em>&#8211; Cambiando de tema, \u00bfqu\u00e9 le est\u00e1 pasando al equipo?<\/em><\/span><\/p>\n<p><span style=\"color: #008000\"><em>&#8211; Es normal que haya un mes o mes y medio con malos resultados, a todos los equipos le sucede alguna vez. Lo importante es tener \u00e1nimo para superar la mala racha. En cuanto se vuelva a ganar se olvidar\u00e1n los problemas y el equipo volver\u00e1 a estar fuerte. Lo que pasa es que no est\u00e1bamos acostumbrados a momentos tan dif\u00edciles y en cuanto ha llegado est\u00e1 costando mucho reaccionar<\/em><\/span><\/p>\n<p><span style=\"color: #008000\"><em>&#8211; \u00bfSe trata de una crisis m\u00e1s psicol\u00f3gica que de juego?<\/em><\/span><\/p>\n<p><span style=\"color: #008000\"><em>&#8211; Sin duda. Creo que la plantilla est\u00e1 algo cansada, pero moralmente,\u00a0 es algo de cabeza m\u00e1s que de juego, lo que pasa es que todo se mezcla. Cuando est\u00e1s bien de mente juegas mejor y est\u00e1s mejor f\u00edsicamente<\/em><\/span><\/p>\n<p><span style=\"color: #008000\"><em>&#8211; Se sigue echando en falta, precisamente, un hombre que sea la referencia en el centro del campo, con car\u00e1cter y dotes de mando\u2026<\/em><\/span><\/p>\n<p><span style=\"color: #008000\"><em>&#8211; Ser\u00eda muy f\u00e1cil para m\u00ed decir que \u00e9se es el problema porque se trata de mi posici\u00f3n y ahora no juego. Lo que s\u00ed es verdad es que cada uno debe tener su responsabilidad. Los m\u00e1s veteranos\u00a0 deber\u00edan reaccionar y tomar el mando, hablar y animar a sus compa\u00f1eros en el campo, gritar si es necesario. Hay jugadores que pueden y deben hacerlo, motivar al resto<\/em><\/span><\/p>\n<p><span style=\"color: #008000\"><em>&#8211; \u00bfEs una soluci\u00f3n haber echado a Fernando V\u00e1zquez?<\/em><\/span><\/p>\n<p><span style=\"color: #008000\"><em>&#8211; Esto est\u00e1 montado as\u00ed, cuando no hay resultados se va el entrenador y no los jugadores. Y el f\u00fatbol contin\u00faa, da igual estar o no de acuerdo. La gente del f\u00fatbol pasa, pero el f\u00fatbol queda, y lo verdaderamente importante es que el club suba a Primera, no el entrenador ni ning\u00fan jugador<\/em><\/span><\/p>\n<p><span style=\"color: #008000\"><em>&#8211; \u00bfInquieta que haya cada vez m\u00e1s rivales en la lucha por subir?<\/em><\/span><\/p>\n<p><span style=\"color: #008000\"><em>&#8211; No deben preocuparnos los dem\u00e1s, lo que interesa es que el Betis gane, saber que hay que sumar 22 o 23 puntos m\u00e1s y ya est\u00e1. Mirar tanto la clasificaci\u00f3n poner nervioso<\/em><\/span><\/p>\n<p><span style=\"color: #008000\"><em>&#8211; Pero la gente ve al Sevilla por encima, con autoridad\u2026<\/em><\/span><\/p>\n<p><span style=\"color: #008000\"><em>&#8211; Lo entiendo en parte por la rivalidad que hay, pero si el Sevilla acaba primero y nosotros segundos estar\u00e1 muy bien. No creo que nadie se contente con quedar sextos si el Sevilla queda octavo, por ejemplo\u00a0<\/em><\/span><\/p>\n<p>Fuente: Eduardo Barba en ABC 30 de marzo de 2001<\/p>\n<p>&nbsp;<\/p>\n","protected":false},"excerpt":{"rendered":"<p>Michel Pavon fue un futbolista franc\u00e9s, de origen espa\u00f1ol,\u00a0 que lleg\u00f3 al Betis en el verano del a\u00f1o 2000 procedente del Girondins de Burdeos. Se trataba de un jugador veterano, con experiencia, mediocampista de car\u00e1cter defensivo. &nbsp; Sin embargo, con el Betis en esa temporada s\u00f3lo puedo intervenir en 10 partidos, ya que una sucesi\u00f3n&#8230;<\/p>\n","protected":false},"author":5,"featured_media":62587,"comment_status":"open","ping_status":"open","sticky":false,"template":"","format":"standard","meta":{"_kad_post_transparent":"","_kad_post_title":"","_kad_post_layout":"","_kad_post_sidebar_id":"","_kad_post_content_style":"","_kad_post_vertical_padding":"","_kad_post_feature":"","_kad_post_feature_position":"","_kad_post_header":false,"_kad_post_footer":false,"_kad_post_classname":"","_jetpack_memberships_contains_paid_content":false,"footnotes":"","jetpack_publicize_message":"","jetpack_publicize_feature_enabled":true,"jetpack_social_post_already_shared":true,"jetpack_social_options":{"image_generator_settings":{"template":"highway","default_image_id":0,"font":"","enabled":false},"version":2}},"categories":[4823,893,1],"tags":[2230,4976,16773,16571],"class_list":["post-62586","post","type-post","status-publish","format-standard","has-post-thumbnail","hentry","category-2000-2009","category-jugadores-temas","category-portada","tag-2000-01","tag-4976","tag-eduardo-barba","tag-michel-pavon"],"jetpack_publicize_connections":[],"jetpack_featured_media_url":"https:\/\/i0.wp.com\/www.manquepierda.com\/historiarealbetis\/files\/2017\/12\/Entrevista-Michel-Pavon-2001-NMP-ABC-30-03-2001.jpg?fit=337%2C525&ssl=1","jetpack_sharing_enabled":true,"jetpack_shortlink":"https:\/\/wp.me\/p1ij08-ghs","jetpack-related-posts":[],"_links":{"self":[{"href":"https:\/\/www.manquepierda.com\/historiarealbetis\/wp-json\/wp\/v2\/posts\/62586","targetHints":{"allow":["GET"]}}],"collection":[{"href":"https:\/\/www.manquepierda.com\/historiarealbetis\/wp-json\/wp\/v2\/posts"}],"about":[{"href":"https:\/\/www.manquepierda.com\/historiarealbetis\/wp-json\/wp\/v2\/types\/post"}],"author":[{"embeddable":true,"href":"https:\/\/www.manquepierda.com\/historiarealbetis\/wp-json\/wp\/v2\/users\/5"}],"replies":[{"embeddable":true,"href":"https:\/\/www.manquepierda.com\/historiarealbetis\/wp-json\/wp\/v2\/comments?post=62586"}],"version-history":[{"count":1,"href":"https:\/\/www.manquepierda.com\/historiarealbetis\/wp-json\/wp\/v2\/posts\/62586\/revisions"}],"predecessor-version":[{"id":100537,"href":"https:\/\/www.manquepierda.com\/historiarealbetis\/wp-json\/wp\/v2\/posts\/62586\/revisions\/100537"}],"wp:featuredmedia":[{"embeddable":true,"href":"https:\/\/www.manquepierda.com\/historiarealbetis\/wp-json\/wp\/v2\/media\/62587"}],"wp:attachment":[{"href":"https:\/\/www.manquepierda.com\/historiarealbetis\/wp-json\/wp\/v2\/media?parent=62586"}],"wp:term":[{"taxonomy":"category","embeddable":true,"href":"https:\/\/www.manquepierda.com\/historiarealbetis\/wp-json\/wp\/v2\/categories?post=62586"},{"taxonomy":"post_tag","embeddable":true,"href":"https:\/\/www.manquepierda.com\/historiarealbetis\/wp-json\/wp\/v2\/tags?post=62586"}],"curies":[{"name":"wp","href":"https:\/\/api.w.org\/{rel}","templated":true}]}}