{"id":62684,"date":"2019-12-15T10:30:34","date_gmt":"2019-12-15T09:30:34","guid":{"rendered":"http:\/\/www.manquepierda.com\/historiarealbetis\/?p=62684"},"modified":"2024-11-07T20:06:27","modified_gmt":"2024-11-07T19:06:27","slug":"hoy-62-anos-16","status":"publish","type":"post","link":"https:\/\/www.manquepierda.com\/historiarealbetis\/hoy-62-anos-16\/","title":{"rendered":"Hoy hace 62 a\u00f1os. Betis 4 Tenerife 1."},"content":{"rendered":"<p><a href=\"https:\/\/i0.wp.com\/www.manquepierda.com\/historiarealbetis\/files\/2017\/12\/15-1957-Betis-4-Tenerife-1.jpg?ssl=1\"><img data-recalc-dims=\"1\" loading=\"lazy\" decoding=\"async\" class=\"aligncenter size-medium wp-image-62685\" src=\"https:\/\/i0.wp.com\/www.manquepierda.com\/historiarealbetis\/files\/2017\/12\/15-1957-Betis-4-Tenerife-1.jpg?resize=680%2C440&#038;ssl=1\" alt=\"\" width=\"680\" height=\"440\" srcset=\"https:\/\/i0.wp.com\/www.manquepierda.com\/historiarealbetis\/files\/2017\/12\/15-1957-Betis-4-Tenerife-1.jpg?resize=680%2C440&amp;ssl=1 680w, https:\/\/i0.wp.com\/www.manquepierda.com\/historiarealbetis\/files\/2017\/12\/15-1957-Betis-4-Tenerife-1.jpg?resize=220%2C142&amp;ssl=1 220w, https:\/\/i0.wp.com\/www.manquepierda.com\/historiarealbetis\/files\/2017\/12\/15-1957-Betis-4-Tenerife-1.jpg?resize=768%2C497&amp;ssl=1 768w, https:\/\/i0.wp.com\/www.manquepierda.com\/historiarealbetis\/files\/2017\/12\/15-1957-Betis-4-Tenerife-1.jpg?resize=960%2C621&amp;ssl=1 960w, https:\/\/i0.wp.com\/www.manquepierda.com\/historiarealbetis\/files\/2017\/12\/15-1957-Betis-4-Tenerife-1.jpg?w=1152&amp;ssl=1 1152w\" sizes=\"auto, (max-width: 680px) 100vw, 680px\" \/><\/a><\/p>\n<p><span style=\"color: #008000\">El 15 de diciembre de 1957 el Betis derrota 4-1 al Tenerife en partido de la jornada 13 del Campeonato de Liga de Segunda Divisi\u00f3n.<\/span><\/p>\n<p><span style=\"color: #008000\">Jorge Vila en 2 ocasiones, Luis Del Sol y Le\u00f3n Lasa hicieron los tantos verdiblancos.<\/span><\/p>\n<p><span style=\"color: #008000\">El Betis, entrenado por Antonio Barrios, form\u00f3 con Am\u00e9rico; Portu, Luis\u00edn, Santos; Isidro, Espej\u00edn; Lasa, Paqui, Vila, Areta y Del Sol.<\/span><\/p>\n<p><span style=\"color: #008000\">El Tenerife, dirigido por Jos\u00e9 Espada. aline\u00f3 a Santi; Garc\u00eda, Miranda, Andreu; Villar, Lolo; Foncho, Julio, Roth, Padr\u00f3n y Anto.\u00a0<\/span><\/p>\n","protected":false},"excerpt":{"rendered":"<p>El 15 de diciembre de 1957 el Betis derrota 4-1 al Tenerife en partido de la jornada 13 del Campeonato de Liga de Segunda Divisi\u00f3n. Jorge Vila en 2 ocasiones, Luis Del Sol y Le\u00f3n Lasa hicieron los tantos verdiblancos. El Betis, entrenado por Antonio Barrios, form\u00f3 con Am\u00e9rico; Portu, Luis\u00edn, Santos; Isidro, Espej\u00edn; Lasa,&#8230;<\/p>\n","protected":false},"author":5,"featured_media":62685,"comment_status":"open","ping_status":"open","sticky":false,"template":"","format":"standard","meta":{"_kad_post_transparent":"","_kad_post_title":"","_kad_post_layout":"","_kad_post_sidebar_id":"","_kad_post_content_style":"","_kad_post_vertical_padding":"","_kad_post_feature":"","_kad_post_feature_position":"","_kad_post_header":false,"_kad_post_footer":false,"_kad_post_classname":"","_jetpack_memberships_contains_paid_content":false,"footnotes":"","jetpack_publicize_message":"","jetpack_publicize_feature_enabled":true,"jetpack_social_post_already_shared":true,"jetpack_social_options":{"image_generator_settings":{"template":"highway","default_image_id":0,"font":"","enabled":false},"version":2}},"categories":[901,14583,1],"tags":[4331,232,17790],"class_list":["post-62684","post","type-post","status-publish","format-standard","has-post-thumbnail","hentry","category-1950-1959","category-efemerides","category-portada","tag-4331","tag-cd-tenerife","tag-liga-segunda-1957-58"],"jetpack_publicize_connections":[],"jetpack_featured_media_url":"https:\/\/i0.wp.com\/www.manquepierda.com\/historiarealbetis\/files\/2017\/12\/15-1957-Betis-4-Tenerife-1.jpg?fit=1152%2C745&ssl=1","jetpack_sharing_enabled":true,"jetpack_shortlink":"https:\/\/wp.me\/p1ij08-gj2","jetpack-related-posts":[],"_links":{"self":[{"href":"https:\/\/www.manquepierda.com\/historiarealbetis\/wp-json\/wp\/v2\/posts\/62684","targetHints":{"allow":["GET"]}}],"collection":[{"href":"https:\/\/www.manquepierda.com\/historiarealbetis\/wp-json\/wp\/v2\/posts"}],"about":[{"href":"https:\/\/www.manquepierda.com\/historiarealbetis\/wp-json\/wp\/v2\/types\/post"}],"author":[{"embeddable":true,"href":"https:\/\/www.manquepierda.com\/historiarealbetis\/wp-json\/wp\/v2\/users\/5"}],"replies":[{"embeddable":true,"href":"https:\/\/www.manquepierda.com\/historiarealbetis\/wp-json\/wp\/v2\/comments?post=62684"}],"version-history":[{"count":1,"href":"https:\/\/www.manquepierda.com\/historiarealbetis\/wp-json\/wp\/v2\/posts\/62684\/revisions"}],"predecessor-version":[{"id":100886,"href":"https:\/\/www.manquepierda.com\/historiarealbetis\/wp-json\/wp\/v2\/posts\/62684\/revisions\/100886"}],"wp:featuredmedia":[{"embeddable":true,"href":"https:\/\/www.manquepierda.com\/historiarealbetis\/wp-json\/wp\/v2\/media\/62685"}],"wp:attachment":[{"href":"https:\/\/www.manquepierda.com\/historiarealbetis\/wp-json\/wp\/v2\/media?parent=62684"}],"wp:term":[{"taxonomy":"category","embeddable":true,"href":"https:\/\/www.manquepierda.com\/historiarealbetis\/wp-json\/wp\/v2\/categories?post=62684"},{"taxonomy":"post_tag","embeddable":true,"href":"https:\/\/www.manquepierda.com\/historiarealbetis\/wp-json\/wp\/v2\/tags?post=62684"}],"curies":[{"name":"wp","href":"https:\/\/api.w.org\/{rel}","templated":true}]}}