{"id":62840,"date":"2022-12-26T11:00:00","date_gmt":"2022-12-26T10:00:00","guid":{"rendered":"http:\/\/www.manquepierda.com\/historiarealbetis\/?p=62840"},"modified":"2022-12-01T06:51:01","modified_gmt":"2022-12-01T05:51:01","slug":"hoy-10-anos-9","status":"publish","type":"post","link":"https:\/\/www.manquepierda.com\/historiarealbetis\/hoy-10-anos-9\/","title":{"rendered":"Hoy hace 15 a\u00f1os. Fallece Antonio Aumesquet."},"content":{"rendered":"<p><a href=\"https:\/\/i0.wp.com\/www.manquepierda.com\/historiarealbetis\/files\/2017\/12\/26-2007-Fallece-Aumesquet.jpg?ssl=1\"><img data-recalc-dims=\"1\" loading=\"lazy\" decoding=\"async\" class=\"aligncenter size-full wp-image-62841\" src=\"https:\/\/i0.wp.com\/www.manquepierda.com\/historiarealbetis\/files\/2017\/12\/26-2007-Fallece-Aumesquet.jpg?resize=308%2C507&#038;ssl=1\" alt=\"\" width=\"308\" height=\"507\" srcset=\"https:\/\/i0.wp.com\/www.manquepierda.com\/historiarealbetis\/files\/2017\/12\/26-2007-Fallece-Aumesquet.jpg?w=308&amp;ssl=1 308w, https:\/\/i0.wp.com\/www.manquepierda.com\/historiarealbetis\/files\/2017\/12\/26-2007-Fallece-Aumesquet.jpg?resize=134%2C220&amp;ssl=1 134w\" sizes=\"auto, (max-width: 308px) 100vw, 308px\" \/><\/a><\/p>\n<p><span style=\"color: #008000\">El 26 de diciembre de 2007 fallece a la edad de 78 a\u00f1os en Sevilla Antonio Aumesquet Tena, quien fuera jugador del Real Betis Balompi\u00e9 entre los a\u00f1os 1953 y 1956.<\/span><\/p>\n<p><span style=\"color: #008000\">Aumesquet lleg\u00f3 cedido desde el CD M\u00e1laga y fue parte importante del equipo que sali\u00f3 de la Tercera Divisi\u00f3n.<\/span><\/p>\n","protected":false},"excerpt":{"rendered":"<p>El 26 de diciembre de 2007 fallece a la edad de 78 a\u00f1os en Sevilla Antonio Aumesquet Tena, quien fuera jugador del Real Betis Balompi\u00e9 entre los a\u00f1os 1953 y 1956. Aumesquet lleg\u00f3 cedido desde el CD M\u00e1laga y fue parte importante del equipo que sali\u00f3 de la Tercera Divisi\u00f3n.<\/p>\n","protected":false},"author":5,"featured_media":62841,"comment_status":"open","ping_status":"open","sticky":false,"template":"","format":"standard","meta":{"_kad_post_transparent":"","_kad_post_title":"","_kad_post_layout":"","_kad_post_sidebar_id":"","_kad_post_content_style":"","_kad_post_vertical_padding":"","_kad_post_feature":"","_kad_post_feature_position":"","_kad_post_header":false,"_kad_post_footer":false,"_kad_post_classname":"","_jetpack_memberships_contains_paid_content":false,"footnotes":"","jetpack_publicize_message":"","jetpack_publicize_feature_enabled":true,"jetpack_social_post_already_shared":true,"jetpack_social_options":{"image_generator_settings":{"template":"highway","default_image_id":0,"font":"","enabled":false},"version":2}},"categories":[4823,14583,1],"tags":[2582],"class_list":["post-62840","post","type-post","status-publish","format-standard","has-post-thumbnail","hentry","category-2000-2009","category-efemerides","category-portada","tag-antonio-aumesquet"],"jetpack_publicize_connections":[],"jetpack_featured_media_url":"https:\/\/i0.wp.com\/www.manquepierda.com\/historiarealbetis\/files\/2017\/12\/26-2007-Fallece-Aumesquet.jpg?fit=308%2C507&ssl=1","jetpack_sharing_enabled":true,"jetpack_shortlink":"https:\/\/wp.me\/p1ij08-gly","jetpack-related-posts":[],"_links":{"self":[{"href":"https:\/\/www.manquepierda.com\/historiarealbetis\/wp-json\/wp\/v2\/posts\/62840","targetHints":{"allow":["GET"]}}],"collection":[{"href":"https:\/\/www.manquepierda.com\/historiarealbetis\/wp-json\/wp\/v2\/posts"}],"about":[{"href":"https:\/\/www.manquepierda.com\/historiarealbetis\/wp-json\/wp\/v2\/types\/post"}],"author":[{"embeddable":true,"href":"https:\/\/www.manquepierda.com\/historiarealbetis\/wp-json\/wp\/v2\/users\/5"}],"replies":[{"embeddable":true,"href":"https:\/\/www.manquepierda.com\/historiarealbetis\/wp-json\/wp\/v2\/comments?post=62840"}],"version-history":[{"count":1,"href":"https:\/\/www.manquepierda.com\/historiarealbetis\/wp-json\/wp\/v2\/posts\/62840\/revisions"}],"predecessor-version":[{"id":86789,"href":"https:\/\/www.manquepierda.com\/historiarealbetis\/wp-json\/wp\/v2\/posts\/62840\/revisions\/86789"}],"wp:featuredmedia":[{"embeddable":true,"href":"https:\/\/www.manquepierda.com\/historiarealbetis\/wp-json\/wp\/v2\/media\/62841"}],"wp:attachment":[{"href":"https:\/\/www.manquepierda.com\/historiarealbetis\/wp-json\/wp\/v2\/media?parent=62840"}],"wp:term":[{"taxonomy":"category","embeddable":true,"href":"https:\/\/www.manquepierda.com\/historiarealbetis\/wp-json\/wp\/v2\/categories?post=62840"},{"taxonomy":"post_tag","embeddable":true,"href":"https:\/\/www.manquepierda.com\/historiarealbetis\/wp-json\/wp\/v2\/tags?post=62840"}],"curies":[{"name":"wp","href":"https:\/\/api.w.org\/{rel}","templated":true}]}}