{"id":62935,"date":"2021-01-01T10:30:00","date_gmt":"2021-01-01T09:30:00","guid":{"rendered":"http:\/\/www.manquepierda.com\/historiarealbetis\/?p=62935"},"modified":"2022-12-19T20:47:59","modified_gmt":"2022-12-19T19:47:59","slug":"hoy-40-anos-21","status":"publish","type":"post","link":"https:\/\/www.manquepierda.com\/historiarealbetis\/hoy-40-anos-21\/","title":{"rendered":"Hoy hace 43 a\u00f1os. Rayo Vallecano 4 Betis 2."},"content":{"rendered":"<p><a href=\"https:\/\/i0.wp.com\/www.manquepierda.com\/historiarealbetis\/files\/2017\/12\/1-1978-Rayo-Vallecano-4-Betis-2.jpg?ssl=1\"><img data-recalc-dims=\"1\" loading=\"lazy\" decoding=\"async\" class=\"aligncenter size-medium wp-image-62936\" src=\"https:\/\/i0.wp.com\/www.manquepierda.com\/historiarealbetis\/files\/2017\/12\/1-1978-Rayo-Vallecano-4-Betis-2.jpg?resize=680%2C379&#038;ssl=1\" alt=\"\" width=\"680\" height=\"379\" srcset=\"https:\/\/i0.wp.com\/www.manquepierda.com\/historiarealbetis\/files\/2017\/12\/1-1978-Rayo-Vallecano-4-Betis-2.jpg?resize=680%2C379&amp;ssl=1 680w, https:\/\/i0.wp.com\/www.manquepierda.com\/historiarealbetis\/files\/2017\/12\/1-1978-Rayo-Vallecano-4-Betis-2.jpg?resize=220%2C123&amp;ssl=1 220w, https:\/\/i0.wp.com\/www.manquepierda.com\/historiarealbetis\/files\/2017\/12\/1-1978-Rayo-Vallecano-4-Betis-2.jpg?resize=768%2C428&amp;ssl=1 768w, https:\/\/i0.wp.com\/www.manquepierda.com\/historiarealbetis\/files\/2017\/12\/1-1978-Rayo-Vallecano-4-Betis-2.jpg?resize=960%2C535&amp;ssl=1 960w, https:\/\/i0.wp.com\/www.manquepierda.com\/historiarealbetis\/files\/2017\/12\/1-1978-Rayo-Vallecano-4-Betis-2.jpg?w=1354&amp;ssl=1 1354w\" sizes=\"auto, (max-width: 680px) 100vw, 680px\" \/><\/a><\/p>\n<p><span style=\"color: #008000\">El 1 de enero de 1978 el Rayo Vallecano se impone 4-2 al Betis en Vallecas en partido de la jornada 15 del Campeonato de Liga de Primera Divisi\u00f3n.<\/span><\/p>\n<p><span style=\"color: #008000\">Gonz\u00e1lez en 3 ocasiones y Rial dieron la vuelta a un marcador en el que comenz\u00f3 mandando el Betis con tanto de Eulate, y en el que Hugo Cabezas hizo el segundo tanto verdiblanco.<\/span><\/p>\n<p><span style=\"color: #008000\">El Rayo Vallecano, dirigido por H\u00e9ctor N\u00fa\u00f1ez, form\u00f3 con Alc\u00e1zar; Anero, Tanco, Uceda, Nieto; Ferm\u00edn, Land\u00e1buru (78, Francisco), Guzm\u00e1n; Rial, Gonz\u00e1lez (78, Astegiano) y Alvarito.&nbsp;<\/span><\/p>\n<p><span style=\"color: #008000\">El Betis, entrenado por Rafael Iriondo, aline\u00f3 a Esnaola; Bizcocho, Biosca, Sabat\u00e9 (60, Alabanda), Ben\u00edtez; L\u00f3pez. Muhren, Carde\u00f1osa; Del Pozo (46, Hugo Cabezas), Eulate y Gordillo.&nbsp;<\/span><\/p>\n","protected":false},"excerpt":{"rendered":"<p>El 1 de enero de 1978 el Rayo Vallecano se impone 4-2 al Betis en Vallecas en partido de la jornada 15 del Campeonato de Liga de Primera Divisi\u00f3n. Gonz\u00e1lez en 3 ocasiones y Rial dieron la vuelta a un marcador en el que comenz\u00f3 mandando el Betis con tanto de Eulate, y en el&#8230;<\/p>\n","protected":false},"author":5,"featured_media":62936,"comment_status":"open","ping_status":"open","sticky":false,"template":"","format":"standard","meta":{"_kad_post_transparent":"","_kad_post_title":"","_kad_post_layout":"","_kad_post_sidebar_id":"","_kad_post_content_style":"","_kad_post_vertical_padding":"","_kad_post_feature":"","_kad_post_feature_position":"","_kad_post_header":false,"_kad_post_footer":false,"_kad_post_classname":"","_jetpack_memberships_contains_paid_content":false,"footnotes":"","jetpack_publicize_message":"","jetpack_publicize_feature_enabled":true,"jetpack_social_post_already_shared":true,"jetpack_social_options":{"image_generator_settings":{"template":"highway","default_image_id":0,"font":"","enabled":false},"version":2}},"categories":[903,14583,1],"tags":[59,709],"class_list":["post-62935","post","type-post","status-publish","format-standard","has-post-thumbnail","hentry","category-1970-1979","category-efemerides","category-portada","tag-59","tag-rayo-vallecano"],"jetpack_publicize_connections":[],"jetpack_featured_media_url":"https:\/\/i0.wp.com\/www.manquepierda.com\/historiarealbetis\/files\/2017\/12\/1-1978-Rayo-Vallecano-4-Betis-2.jpg?fit=1354%2C755&ssl=1","jetpack_sharing_enabled":true,"jetpack_shortlink":"https:\/\/wp.me\/p1ij08-gn5","jetpack-related-posts":[],"_links":{"self":[{"href":"https:\/\/www.manquepierda.com\/historiarealbetis\/wp-json\/wp\/v2\/posts\/62935","targetHints":{"allow":["GET"]}}],"collection":[{"href":"https:\/\/www.manquepierda.com\/historiarealbetis\/wp-json\/wp\/v2\/posts"}],"about":[{"href":"https:\/\/www.manquepierda.com\/historiarealbetis\/wp-json\/wp\/v2\/types\/post"}],"author":[{"embeddable":true,"href":"https:\/\/www.manquepierda.com\/historiarealbetis\/wp-json\/wp\/v2\/users\/5"}],"replies":[{"embeddable":true,"href":"https:\/\/www.manquepierda.com\/historiarealbetis\/wp-json\/wp\/v2\/comments?post=62935"}],"version-history":[{"count":1,"href":"https:\/\/www.manquepierda.com\/historiarealbetis\/wp-json\/wp\/v2\/posts\/62935\/revisions"}],"predecessor-version":[{"id":87206,"href":"https:\/\/www.manquepierda.com\/historiarealbetis\/wp-json\/wp\/v2\/posts\/62935\/revisions\/87206"}],"wp:featuredmedia":[{"embeddable":true,"href":"https:\/\/www.manquepierda.com\/historiarealbetis\/wp-json\/wp\/v2\/media\/62936"}],"wp:attachment":[{"href":"https:\/\/www.manquepierda.com\/historiarealbetis\/wp-json\/wp\/v2\/media?parent=62935"}],"wp:term":[{"taxonomy":"category","embeddable":true,"href":"https:\/\/www.manquepierda.com\/historiarealbetis\/wp-json\/wp\/v2\/categories?post=62935"},{"taxonomy":"post_tag","embeddable":true,"href":"https:\/\/www.manquepierda.com\/historiarealbetis\/wp-json\/wp\/v2\/tags?post=62935"}],"curies":[{"name":"wp","href":"https:\/\/api.w.org\/{rel}","templated":true}]}}