{"id":63010,"date":"2018-01-04T08:39:20","date_gmt":"2018-01-04T07:39:20","guid":{"rendered":"http:\/\/www.manquepierda.com\/historiarealbetis\/?p=63010"},"modified":"2024-10-22T07:31:01","modified_gmt":"2024-10-22T05:31:01","slug":"pena-betica-utrera-1974","status":"publish","type":"post","link":"https:\/\/www.manquepierda.com\/historiarealbetis\/pena-betica-utrera-1974\/","title":{"rendered":"Pe\u00f1a B\u00e9tica de Utrera 1974"},"content":{"rendered":"<p><a href=\"https:\/\/i0.wp.com\/www.manquepierda.com\/historiarealbetis\/files\/2017\/12\/Pe%C3%B1a-B%C3%A9tica-de-Utrera-1974.jpg?ssl=1\"><img data-recalc-dims=\"1\" loading=\"lazy\" decoding=\"async\" class=\"alignleft size-full wp-image-63011\" src=\"https:\/\/i0.wp.com\/www.manquepierda.com\/historiarealbetis\/files\/2017\/12\/Pe%C3%B1a-B%C3%A9tica-de-Utrera-1974.jpg?resize=246%2C296&#038;ssl=1\" alt=\"\" width=\"246\" height=\"296\" srcset=\"https:\/\/i0.wp.com\/www.manquepierda.com\/historiarealbetis\/files\/2017\/12\/Pe%C3%B1a-B%C3%A9tica-de-Utrera-1974.jpg?w=246&amp;ssl=1 246w, https:\/\/i0.wp.com\/www.manquepierda.com\/historiarealbetis\/files\/2017\/12\/Pe%C3%B1a-B%C3%A9tica-de-Utrera-1974.jpg?resize=183%2C220&amp;ssl=1 183w\" sizes=\"auto, (max-width: 246px) 100vw, 246px\" \/><\/a>Concluimos la serie que hemos dedicado a diversas pe\u00f1as b\u00e9ticas, que en 1974 tomaron parte activa en la campa\u00f1a para incrementar el cuerpo social b\u00e9tico (la llamada operaci\u00f3n \u00abVeinticinco Mil\u00bb). Lo hacemos con la publicaci\u00f3n de la entrevista que apareci\u00f3 en El Correo de Andaluc\u00eda el 31 de julio de 1974\u00a0 y que la hizo el periodista Vicente Bru al presidente de la Pe\u00f1a B\u00e9tica de Utrera Rafael Araujo Lora.<\/p>\n<p>&nbsp;<\/p>\n<p>En la entrevista el directivo utrerano nos pone al d\u00eda de la actividad de su pe\u00f1a en favor de la campa\u00f1a, las expectativas que exist\u00edan y diversas cuestiones relacionadas con la pe\u00f1a b\u00e9tica y la ciudad de Utrera.<\/p>\n<p>&nbsp;<\/p>\n<p>&nbsp;<\/p>\n<p><span style=\"color: #008000\"><em>La Pe\u00f1a B\u00e9tica de Utrera es de las m\u00e1s j\u00f3venes, aunque por su entusiasmo y dedicaci\u00f3n a la causa b\u00e9tica, se est\u00e1 poniendo a la cabeza de todas. Su presidente, don Rafael Araujo Lora, es un hombre joven y din\u00e1mico, y que pertenece a aquella generaci\u00f3n de b\u00e9ticos que desde ni\u00f1os han estado a las duras y a las maduras con su club.<\/em><\/span><\/p>\n<ul>\n<li><span style=\"color: #008000\"><em>\u00bfQu\u00e9 tiempo hace que fundaron la pe\u00f1a?<\/em><\/span><\/li>\n<li><span style=\"color: #008000\"><em>El d\u00eda 9 de noviembre vamos a celebrar el primer aniversario<\/em><\/span><\/li>\n<li><span style=\"color: #008000\"><em>\u00bfMuchos socios?<\/em><\/span><\/li>\n<li><span style=\"color: #008000\"><em>Tenemos ya quinientos cincuenta. Es, despu\u00e9s de la de Dos Hermanas, la de mayor n\u00famero de asociados<\/em><\/span><\/li>\n<li><span style=\"color: #008000\"><em>\u00bfProblemas econ\u00f3micos?<\/em><\/span><\/li>\n<li><span style=\"color: #008000\"><em>Todo marcha perfectamente en ese sentido, aunque, como es l\u00f3gico, todav\u00eda estamos pagando los gastos de nuestro local, uno de los m\u00e1s amplios<\/em><\/span><\/li>\n<li><span style=\"color: #008000\"><em>\u00bfQu\u00e9 hacen en al plano social?<\/em><\/span><\/li>\n<li><span style=\"color: #008000\"><em>Organizamos excursiones todos los domingos. Y en esta temporada tenemos casi concretada con una agencia de viajes la asistencia de socios a todos los desplazamientos de nuestro equipo<\/em><\/span><\/li>\n<li><span style=\"color: #008000\"><em>\u00bfEn el plano deportivo?<\/em><\/span><\/li>\n<li><span style=\"color: #008000\"><em>La pr\u00f3xima temporada tendremos un equipo infantil y uno juvenil para las competiciones provinciales, y ni que decir tiene, que cualquier chaval que salga est\u00e1 a la disposici\u00f3n del Betis<\/em><\/span><\/li>\n<li><span style=\"color: #008000\"><em>\u00bfCu\u00e1ntos socios del Betis hay en la Pe\u00f1a?<\/em><\/span><\/li>\n<li><span style=\"color: #008000\"><em>Aproximadamente unos trescientos cincuenta. Es decir, que algo m\u00e1s del setenta por ciento de nuestros asociados lo son tambi\u00e9n del Betis<\/em><\/span><\/li>\n<li><span style=\"color: #008000\"><em>\u00bfC\u00f3mo marcha la operaci\u00f3n \u201cVeinticinco mil\u201d por Utrera?<\/em><\/span><\/li>\n<li><span style=\"color: #008000\"><em>Llevamos hechos unos cien socios nuevos hasta ahora, y pretendemos llegar hasta los doscientos. La pasada semana, entregamos ciento cincuenta mil pesetas, por socios y abonos, y en esta pensamos llegar a la misma cantidad.<\/em><\/span><\/li>\n<li><span style=\"color: #008000\"><em>\u00bfQu\u00e9 se les ocurre para llegar a esa cifra de socios?<\/em><\/span><\/li>\n<li><span style=\"color: #008000\"><em>De momento el no dejar que ning\u00fan b\u00e9tico deje de estar en las listas de asociados. Y estoy seguro de que esta cifra, que para algunos es una utop\u00eda, va a ser una realidad<\/em><\/span><\/li>\n<li><span style=\"color: #008000\"><em>\u00bfQu\u00e9 piensan en Utrera de la Pe\u00f1a B\u00e9tica?<\/em><\/span><\/li>\n<li><span style=\"color: #008000\"><em>Mire, en Utrera nunca ha existido una pe\u00f1a dedicada a ninguno de los dos clubs sevillanos. Podemos asegurarle que la pe\u00f1a b\u00e9tica ha roto la tradicional apat\u00eda utrerana para estas sociedades<\/em><\/span><\/li>\n<li><span style=\"color: #008000\"><em>\u00bfQu\u00e9 piensan hacer por el Betis?<\/em><\/span><\/li>\n<li><span style=\"color: #008000\"><em>Pretendemos que nuestra pe\u00f1a sea para todo una aut\u00e9ntica sucursal del Betis en Utrera y su comarca. Y tan es as\u00ed, que pretendemos una vez tengamos todo pagado, que el super\u00e1vit que debe arrojar la pe\u00f1a por su n\u00famero de socios, sea para el Betis, bien en forma de unos donativos peri\u00f3dicos, o haciendo varios socios protectores fijos<\/em><\/span><\/li>\n<li><span style=\"color: #008000\"><em>\u00bfLo m\u00e1s importante de la pe\u00f1a?<\/em><\/span><\/li>\n<li><span style=\"color: #008000\"><em>El tener noventa socios juveniles que pagan una cuota menor. Esto nos permite pensar en un futuro muy esperanzador. A tres de estos socios, los llevamos gratis al f\u00fatbol<\/em><\/span><\/li>\n<li><span style=\"color: #008000\"><em>\u00bfQu\u00e9 hacen por Utrera?<\/em><\/span><\/li>\n<li><span style=\"color: #008000\"><em>Somos socios de algunas entidades ben\u00e9ficas, como la de las Hermanas de la Cruz; aportamos una fuerte cantidad para la Cabalgata de Reyes; y este a\u00f1o pretendemos que los menos fuertes econ\u00f3micamente, reciban para sus hijos gran cantidad de juguetes<\/em><\/span><\/li>\n<li><span style=\"color: #008000\"><em>\u00bfC\u00f3mo ve la actual situaci\u00f3n del Betis?<\/em><\/span><\/li>\n<li><span style=\"color: #008000\"><em>Yo pienso, que la cantidad de j\u00f3venes que forman en su gran mayor\u00eda el cuerpo social del Betis, y que proceden casi en su totalidad de aquellos chavales de \u201ca peseta la entrada con derecho a sorteo de un bal\u00f3n\u201d, auguran un futuro espl\u00e9ndido para nuestra parte, contamos con un presidente din\u00e1mico y con un sentido extraordinario de la organizaci\u00f3n, como lo ha venido demostrando en la anterior etapa de su mandato<\/em><\/span><\/li>\n<li><span style=\"color: #008000\"><em>\u00bfY en el aspecto deportivo?<\/em><\/span><\/li>\n<li><span style=\"color: #008000\"><em>Pienso que con Szusza hemos encontrado a un t\u00e9cnico consciente, que sabe lo que hace y por qu\u00e9 lo hace, y que adem\u00e1s es una persona educada y cordial, lo que tambi\u00e9n es muy importante para su dif\u00edcil misi\u00f3n. En cuanto a la plantilla, con alg\u00fan retoque en la delantera, me parece buena y suficiente para que en este reencuentro con la Primera Divisi\u00f3n se haga un papel digno. Despu\u00e9s de este asentamiento definitivo en la liga de los mejores, pueden venir d\u00edas de mucha gloria para nuestro club. De momento, creo que con estar entre los diez primeros podemos hablar de \u00e9xito grande<\/em><\/span><\/li>\n<li><span style=\"color: #008000\"><em>\u00bfQuiere decir alguna cosa m\u00e1s\u00bf<\/em><\/span><\/li>\n<li><span style=\"color: #008000\"><em>Se me olvidaba, que por votaci\u00f3n, entre todos los socios de la pe\u00f1a, vamos a ofrecer un trofeo para el mejor jugador. Y quiero decirles a todos los utreranos, que forman legi\u00f3n, que nuestra pe\u00f1a est\u00e1 al servicio de todos, sean o no pe\u00f1istas, y que lo importante es llevar socios a nuestro club<\/em><\/span><\/li>\n<li><span style=\"color: #008000\"><em>Desde luego<\/em><\/span><\/li>\n<\/ul>\n<p>&nbsp;<\/p>\n<p>&nbsp;<\/p>\n<p>&nbsp;<\/p>\n<p>&nbsp;<\/p>\n<p>&nbsp;<\/p>\n","protected":false},"excerpt":{"rendered":"<p>Concluimos la serie que hemos dedicado a diversas pe\u00f1as b\u00e9ticas, que en 1974 tomaron parte activa en la campa\u00f1a para incrementar el cuerpo social b\u00e9tico (la llamada operaci\u00f3n \u00abVeinticinco Mil\u00bb). Lo hacemos con la publicaci\u00f3n de la entrevista que apareci\u00f3 en El Correo de Andaluc\u00eda el 31 de julio de 1974\u00a0 y que la hizo&#8230;<\/p>\n","protected":false},"author":5,"featured_media":63011,"comment_status":"open","ping_status":"open","sticky":false,"template":"","format":"standard","meta":{"_kad_post_transparent":"","_kad_post_title":"","_kad_post_layout":"","_kad_post_sidebar_id":"","_kad_post_content_style":"","_kad_post_vertical_padding":"","_kad_post_feature":"","_kad_post_feature_position":"","_kad_post_header":false,"_kad_post_footer":false,"_kad_post_classname":"","_jetpack_memberships_contains_paid_content":false,"footnotes":"","jetpack_publicize_message":"","jetpack_publicize_feature_enabled":true,"jetpack_social_post_already_shared":true,"jetpack_social_options":{"image_generator_settings":{"template":"highway","default_image_id":0,"font":"","enabled":false},"version":2}},"categories":[903,894,1],"tags":[57,16611,16566],"class_list":["post-63010","post","type-post","status-publish","format-standard","has-post-thumbnail","hentry","category-1970-1979","category-la-aficion","category-portada","tag-57","tag-pena-betica-de-utrera","tag-vicente-bru"],"jetpack_publicize_connections":[],"jetpack_featured_media_url":"https:\/\/i0.wp.com\/www.manquepierda.com\/historiarealbetis\/files\/2017\/12\/Pe%C3%B1a-B%C3%A9tica-de-Utrera-1974.jpg?fit=246%2C296&ssl=1","jetpack_sharing_enabled":true,"jetpack_shortlink":"https:\/\/wp.me\/p1ij08-goi","jetpack-related-posts":[],"_links":{"self":[{"href":"https:\/\/www.manquepierda.com\/historiarealbetis\/wp-json\/wp\/v2\/posts\/63010","targetHints":{"allow":["GET"]}}],"collection":[{"href":"https:\/\/www.manquepierda.com\/historiarealbetis\/wp-json\/wp\/v2\/posts"}],"about":[{"href":"https:\/\/www.manquepierda.com\/historiarealbetis\/wp-json\/wp\/v2\/types\/post"}],"author":[{"embeddable":true,"href":"https:\/\/www.manquepierda.com\/historiarealbetis\/wp-json\/wp\/v2\/users\/5"}],"replies":[{"embeddable":true,"href":"https:\/\/www.manquepierda.com\/historiarealbetis\/wp-json\/wp\/v2\/comments?post=63010"}],"version-history":[{"count":1,"href":"https:\/\/www.manquepierda.com\/historiarealbetis\/wp-json\/wp\/v2\/posts\/63010\/revisions"}],"predecessor-version":[{"id":100544,"href":"https:\/\/www.manquepierda.com\/historiarealbetis\/wp-json\/wp\/v2\/posts\/63010\/revisions\/100544"}],"wp:featuredmedia":[{"embeddable":true,"href":"https:\/\/www.manquepierda.com\/historiarealbetis\/wp-json\/wp\/v2\/media\/63011"}],"wp:attachment":[{"href":"https:\/\/www.manquepierda.com\/historiarealbetis\/wp-json\/wp\/v2\/media?parent=63010"}],"wp:term":[{"taxonomy":"category","embeddable":true,"href":"https:\/\/www.manquepierda.com\/historiarealbetis\/wp-json\/wp\/v2\/categories?post=63010"},{"taxonomy":"post_tag","embeddable":true,"href":"https:\/\/www.manquepierda.com\/historiarealbetis\/wp-json\/wp\/v2\/tags?post=63010"}],"curies":[{"name":"wp","href":"https:\/\/api.w.org\/{rel}","templated":true}]}}