{"id":63189,"date":"2018-01-16T07:44:33","date_gmt":"2018-01-16T06:44:33","guid":{"rendered":"http:\/\/www.manquepierda.com\/historiarealbetis\/?p=63189"},"modified":"2018-01-13T11:18:00","modified_gmt":"2018-01-13T10:18:00","slug":"entrevista-francisco-bizcocho-1974","status":"publish","type":"post","link":"https:\/\/www.manquepierda.com\/historiarealbetis\/entrevista-francisco-bizcocho-1974\/","title":{"rendered":"Entrevista Francisco Bizcocho 1974"},"content":{"rendered":"<p><a href=\"https:\/\/i0.wp.com\/www.manquepierda.com\/historiarealbetis\/files\/2018\/01\/Entrevista-Francisco-Bizcocho-1974-NMP-ECA-9-07-1974.jpg?ssl=1\"><img data-recalc-dims=\"1\" loading=\"lazy\" decoding=\"async\" class=\"alignleft wp-image-63190\" src=\"https:\/\/i0.wp.com\/www.manquepierda.com\/historiarealbetis\/files\/2018\/01\/Entrevista-Francisco-Bizcocho-1974-NMP-ECA-9-07-1974.jpg?resize=429%2C454&#038;ssl=1\" alt=\"\" width=\"429\" height=\"454\" srcset=\"https:\/\/i0.wp.com\/www.manquepierda.com\/historiarealbetis\/files\/2018\/01\/Entrevista-Francisco-Bizcocho-1974-NMP-ECA-9-07-1974.jpg?w=468&amp;ssl=1 468w, https:\/\/i0.wp.com\/www.manquepierda.com\/historiarealbetis\/files\/2018\/01\/Entrevista-Francisco-Bizcocho-1974-NMP-ECA-9-07-1974.jpg?resize=208%2C220&amp;ssl=1 208w\" sizes=\"auto, (max-width: 429px) 100vw, 429px\" \/><\/a><\/p>\n<p>Esta entrevista que hoy traemos se public\u00f3 el 9 de julio de 1974 y en ella el protagonista es el jugador b\u00e9tico Francisco Bizcocho. La entrevista tuvo lugar en su localidad natal, Coria del R\u00edo, y el motivo no era otro que el matrimonio del defensa verdiblanco.<\/p>\n<p>En ella se repasa el momento por el que pasaba el jugador b\u00e9tico tras una estupenda temporada, su cuarta en el primer equipo, en la que disput\u00f3 35 de los 38 partidos, contribuyendo de forma eficaz al ascenso del equipo a Primera Divisi\u00f3n,\u00a0 y en la que se estren\u00f3 como internacional con la selecci\u00f3n en la categor\u00eda de aficionados.<\/p>\n<p>Bizcocho pasaba por un momento espl\u00e9ndido, hasta el punto, como sale en la entrevista, que hubo rumores sobre el inter\u00e9s de clubs poderosos por hacerse con sus servicios.<\/p>\n<p>&nbsp;<\/p>\n<p>&nbsp;<\/p>\n<p><span style=\"color: #008000\"><em>Bizcocho, defensa derecho del Real Betis Balompi\u00e9, acaba de formalizar un nuevo compromiso que le ligar\u00e1, Dios lo quiera, para toda la vida con la bella coriana Agustina Ben\u00edtez.<\/em><\/span><\/p>\n<p><span style=\"color: #008000\"><em>Es la \u00e9poca de las bodas masivas. Los futbolistas con tanta concentraci\u00f3n, partidos de Liga, trofeos veraniegos, etc, no les queda otra soluci\u00f3n que unirse en matrimonio en la \u00e9poca estival.<\/em><\/span><\/p>\n<p><span style=\"color: #008000\"><em>Creo que con Paco Bizcocho son cuatro los jugadores b\u00e9ticos que pasaron el pasado mes por la vicar\u00eda, a saber Telech\u00eda, L\u00f3pez, Carde\u00f1osa y el coriano.<\/em><\/span><\/p>\n<p><span style=\"color: #008000\"><em>El pasado s\u00e1bado, festividad de San Pedro, en la parroquia de Nuestra Se\u00f1ora de la Estrella, de esta localidad, Bizcocho contrajo matrimonio con la se\u00f1orita Agustina Ben\u00edtez Sierra.<\/em><\/span><\/p>\n<p><span style=\"color: #008000\"><em>Entrevist\u00e9 a ambos momentos despu\u00e9s de la ceremonia, en el lugar donde fue servido un \u201clunch\u201d, Piscinas Coria.<\/em><\/span><\/p>\n<ul>\n<li><span style=\"color: #008000\"><em>Por cortes\u00eda preguntamos primero a la se\u00f1ora de Bizcocho. Se\u00f1ora, \u00bfqu\u00e9 siente usted en estos momentos?<\/em><\/span><\/li>\n<li><span style=\"color: #008000\"><em>Una felicidad muy grande por haberme casado con Paco, al que siempre he querido mucho<\/em><\/span><\/li>\n<li><span style=\"color: #008000\"><em>\u00bfMuchos a\u00f1os de relaciones?<\/em><\/span><\/li>\n<li><span style=\"color: #008000\"><em>Tantos que todav\u00eda jugaba en el juvenil del Betis cuando empezamos<\/em><\/span><\/li>\n<li><span style=\"color: #008000\"><em>\u00bfSabe a lo que se expone la mujer de un futbolista?<\/em><\/span><\/li>\n<li><span style=\"color: #008000\"><em>\u00bfA qu\u00e9?, pregunta alarmada<\/em><\/span><\/li>\n<li><span style=\"color: #008000\"><em>Bueno, ya sabe, los viajes, concentraciones, etc, que le hacen estar ausente mucho tiempo<\/em><\/span><\/li>\n<li><span style=\"color: #008000\"><em>Ya s\u00e9 que no podr\u00e9 estar junto a \u00e9l todo el tiempo que quisiera, pero Paco es muy amante del hogar y s\u00e9 que cuando est\u00e9 libre de todo ello, lo pasar\u00e1 en casa mayormente. Por otra parte, me hago cargo de que las cosas tienen que ser as\u00ed y qu\u00e9 remedio queda. Nada de esto ha sido \u00f3bice para casarme con \u00e9l<\/em><\/span><\/li>\n<li><span style=\"color: #008000\"><em>Y t\u00fa, Paco, \u00bfqu\u00e9 me dices?<\/em><\/span><\/li>\n<li><span style=\"color: #008000\"><em>Qu\u00e9 quieres que te diga, que siento una gran felicidad en estos momentos. Me he casado con la que siempre fue mi novia, he ascendido a Primera con mi equipo; estuve tres veces seleccionado y he jugado casi todos los partidos. \u00bfEs o no para estar satisfecho?<\/em><\/span><\/li>\n<li><span style=\"color: #008000\"><em>Creemos que no se puede pedir m\u00e1s. \u00bfD\u00f3nde os ir\u00e9is a vivir?<\/em><\/span><\/li>\n<li><span style=\"color: #008000\"><em>Hemos montado un piso aqu\u00ed en Coria, junto a nuestros padres. Somos corianos por los cuatro costados y aqu\u00ed seguiremos hasta que Dios quiera<\/em><\/span><\/li>\n<\/ul>\n<p><span style=\"color: #008000\"><em>Como quiera que Bizcocho no hab\u00eda adivinado la segunda intenci\u00f3n de mi pregunta, insist\u00ed nuevamente:<\/em><\/span><\/p>\n<ul>\n<li><span style=\"color: #008000\"><em>\u00bfY si te fueras al Real Madrid o al Barcelona?<\/em><\/span><\/li>\n<\/ul>\n<p><span style=\"color: #008000\"><em>Sorpresa y sonrisa en los labios de Bizcocho. Meditando mucho la respuesta me contest\u00f3:<\/em><\/span><\/p>\n<ul>\n<li><span style=\"color: #008000\"><em>La verdad es que s\u00e9 por d\u00f3nde vienes, pero tambi\u00e9n debo decirte que de ello s\u00e9 lo mismo que todos. La Prensa dice que ambos equipos se interesan por m\u00ed, cosa que si es verdad debo agradecer la deferencia, pero oficialmente no s\u00e9 nada. Ya sabes que los jugadores somos los \u00faltimos en enterarnos cuando hay traspaso a la vista<\/em><\/span><\/li>\n<li><span style=\"color: #008000\"><em>\u00bfPero te agradar\u00eda?<\/em><\/span><\/li>\n<li><span style=\"color: #008000\"><em>\u00bfY a qu\u00e9 jugador no le gusta un Madrid o un Barcelona? Ser\u00eda absurdo el decirte que no. Ahora bien, soy b\u00e9tico de los pies a la cabeza, no he conocido otro club ni de peque\u00f1o m\u00e1s que el Betis y por si fuera poco lo que te digo, al Betis le debo toda la felicidad que en estos instantes me embarga. Si todo este rumor es verdad y el Betis cree que puede hacer una buena operaci\u00f3n con mi traspaso yo har\u00e9 lo que el club me diga, pero que conste que en el Betis me encuentro tan a gusto que no me hago ilusiones de ninguna clase<\/em><\/span><\/li>\n<li><span style=\"color: #008000\"><em>La pr\u00f3xima temporada habr\u00e1 un defensa m\u00e1s en la plantilla, y si los informes son exactos, es de una val\u00eda reconocida, \u00bfno temes que pueda desbancarte?<\/em><\/span><\/li>\n<li><span style=\"color: #008000\"><em>Creo que te refieres a Cui\u00f1as, pero tengo entendido que es lateral ambidiestro, por lo que no s\u00f3lo ser\u00e1 mi sitio el que peligra. Yo tengo una fe ciega en mis posibilidades, y al igual que hago en cada partido, saldr\u00e9 desde el primer entrenamiento dispuesto a no dejarme arrebatar el n\u00famero dos de mi camiseta, y que el m\u00edster siga contando con mi colaboraci\u00f3n. No es cosa de perder un puesto que me he ganado a pulso, ahora que me he creado un nuevo compromiso<\/em><\/span><\/li>\n<li><span style=\"color: #008000\"><em>\u00bfC\u00f3mo te encuentras de contrato?<\/em><\/span><\/li>\n<li><span style=\"color: #008000\"><em>Me fue renovado por dos temporadas m\u00e1s y me lo mejoraron econ\u00f3micamente hablando<\/em><\/span><\/li>\n<li><span style=\"color: #008000\"><em>\u00bfCu\u00e1ntos partidos has jugado en la que acaba de finalizar?<\/em><\/span><\/li>\n<li><span style=\"color: #008000\"><em>Treinta y cinco. Dej\u00e9 de jugar dos por una lesi\u00f3n y uno por cuatro amonestaciones<\/em><\/span><\/li>\n<li><span style=\"color: #008000\"><em>\u00bfConoces a Carde\u00f1osa?<\/em><\/span><\/li>\n<li><span style=\"color: #008000\"><em>S\u00ed, ya que estuve en la selecci\u00f3n varias veces con \u00e9l. Creo que el Betis ha realizado un gran fichaje con este jugador<\/em><\/span><\/li>\n<li><span style=\"color: #008000\"><em>\u00bfCu\u00e1ndo es la presentaci\u00f3n en el Villamar\u00edn?<\/em><\/span><\/li>\n<li><span style=\"color: #008000\"><em>El pr\u00f3ximo d\u00eda 20 de julio<\/em><\/span><\/li>\n<li><span style=\"color: #008000\"><em>\u00bfD\u00f3nde ir\u00e9is en viaje de novios?<\/em><\/span><\/li>\n<li><span style=\"color: #008000\"><em>De momento marchamos a Las Palmas de Gran Canaria y si nos queda m\u00e1s tiempo, despu\u00e9s de ver estas maravillosas islas, iremos a otros lugares, puesto que como te he dicho el d\u00eda 20 tenemos que estar todos entrenando<\/em><\/span><\/li>\n<li><span style=\"color: #008000\"><em>Dime una cosa Bizcocho. T\u00fa y Rogelio, si la memoria no me es infiel, sois los \u00fanicos jugadores de Coria que nunca vistieron los colores amarillos del equipo del Coria.<\/em><\/span><\/li>\n<li><span style=\"color: #008000\"><em>Pues s\u00ed. Tanto Rogelio como yo nos hubiera gustado pertenecer al Coria en nuestros primeros tiempos, pero t\u00fa sabes que por entonces, al igual que ahora, exist\u00edan en Coria varios equipos infantiles. En uno de \u00e9stos, el Victoria, jug\u00e1bamos nosotros, aunque en distintas \u00e9pocas. Ya sabes que este equipo lo llevaba nuestro inolvidable amigo Manuel Infantes. No obstante, tanto Rogelio como yo hemos estado a la entera disposici\u00f3n de la directiva del Coria cuando ellos nos han necesitado para alg\u00fan fin deportivo y nuestras obligaciones nos lo han permitido. Yo soy muy amigo de todos los actuales jugadores del Coria y mi primera pregunta, de todos los domingos, es saber su resultado<\/em><\/span><\/li>\n<\/ul>\n<p><span style=\"color: #008000\"><em>Como quiera que los nuevos desposados eran materialmente solicitados por la gran cantidad de amistades que asistieron a la boda, dimos con estas \u00faltimas palabras concluida la entrevista, no sin antes desearles toda la felicidad que el nuevo matrimonio merece.<\/em><\/span><\/p>\n<p>&nbsp;<\/p>\n<p>Fuente: Jos\u00e9 Su\u00e1rez en El Correo de Andaluc\u00eda 9 de julio de 1974<\/p>\n","protected":false},"excerpt":{"rendered":"<p>Esta entrevista que hoy traemos se public\u00f3 el 9 de julio de 1974 y en ella el protagonista es el jugador b\u00e9tico Francisco Bizcocho. La entrevista tuvo lugar en su localidad natal, Coria del R\u00edo, y el motivo no era otro que el matrimonio del defensa verdiblanco. En ella se repasa el momento por el&#8230;<\/p>\n","protected":false},"author":5,"featured_media":63190,"comment_status":"open","ping_status":"open","sticky":false,"template":"","format":"standard","meta":{"_kad_post_transparent":"","_kad_post_title":"","_kad_post_layout":"","_kad_post_sidebar_id":"","_kad_post_content_style":"","_kad_post_vertical_padding":"","_kad_post_feature":"","_kad_post_feature_position":"","_kad_post_header":false,"_kad_post_footer":false,"_kad_post_classname":"","_jetpack_memberships_contains_paid_content":false,"footnotes":"","jetpack_publicize_message":"","jetpack_publicize_feature_enabled":true,"jetpack_social_post_already_shared":true,"jetpack_social_options":{"image_generator_settings":{"template":"highway","default_image_id":0,"font":"","enabled":false},"version":2}},"categories":[903,893,1],"tags":[57,1245],"class_list":["post-63189","post","type-post","status-publish","format-standard","has-post-thumbnail","hentry","category-1970-1979","category-jugadores-temas","category-portada","tag-57","tag-francisco-bizcocho"],"jetpack_publicize_connections":[],"jetpack_featured_media_url":"https:\/\/i0.wp.com\/www.manquepierda.com\/historiarealbetis\/files\/2018\/01\/Entrevista-Francisco-Bizcocho-1974-NMP-ECA-9-07-1974.jpg?fit=468%2C495&ssl=1","jetpack_sharing_enabled":true,"jetpack_shortlink":"https:\/\/wp.me\/p1ij08-grb","jetpack-related-posts":[],"_links":{"self":[{"href":"https:\/\/www.manquepierda.com\/historiarealbetis\/wp-json\/wp\/v2\/posts\/63189","targetHints":{"allow":["GET"]}}],"collection":[{"href":"https:\/\/www.manquepierda.com\/historiarealbetis\/wp-json\/wp\/v2\/posts"}],"about":[{"href":"https:\/\/www.manquepierda.com\/historiarealbetis\/wp-json\/wp\/v2\/types\/post"}],"author":[{"embeddable":true,"href":"https:\/\/www.manquepierda.com\/historiarealbetis\/wp-json\/wp\/v2\/users\/5"}],"replies":[{"embeddable":true,"href":"https:\/\/www.manquepierda.com\/historiarealbetis\/wp-json\/wp\/v2\/comments?post=63189"}],"version-history":[{"count":0,"href":"https:\/\/www.manquepierda.com\/historiarealbetis\/wp-json\/wp\/v2\/posts\/63189\/revisions"}],"wp:featuredmedia":[{"embeddable":true,"href":"https:\/\/www.manquepierda.com\/historiarealbetis\/wp-json\/wp\/v2\/media\/63190"}],"wp:attachment":[{"href":"https:\/\/www.manquepierda.com\/historiarealbetis\/wp-json\/wp\/v2\/media?parent=63189"}],"wp:term":[{"taxonomy":"category","embeddable":true,"href":"https:\/\/www.manquepierda.com\/historiarealbetis\/wp-json\/wp\/v2\/categories?post=63189"},{"taxonomy":"post_tag","embeddable":true,"href":"https:\/\/www.manquepierda.com\/historiarealbetis\/wp-json\/wp\/v2\/tags?post=63189"}],"curies":[{"name":"wp","href":"https:\/\/api.w.org\/{rel}","templated":true}]}}