{"id":63343,"date":"2018-01-25T07:21:20","date_gmt":"2018-01-25T06:21:20","guid":{"rendered":"http:\/\/www.manquepierda.com\/historiarealbetis\/?p=63343"},"modified":"2024-09-05T08:02:02","modified_gmt":"2024-09-05T06:02:02","slug":"salamanca-betis-liga-1997","status":"publish","type":"post","link":"https:\/\/www.manquepierda.com\/historiarealbetis\/salamanca-betis-liga-1997\/","title":{"rendered":"Salamanca-Betis Liga 1997"},"content":{"rendered":"<p><a href=\"https:\/\/i0.wp.com\/www.manquepierda.com\/historiarealbetis\/files\/2018\/01\/Salamanca-Betis-Liga-1997-Sito-Alfonso-e-Iv%C3%A1n.jpg?ssl=1\"><img data-recalc-dims=\"1\" loading=\"lazy\" decoding=\"async\" class=\"aligncenter size-full wp-image-63344\" src=\"https:\/\/i0.wp.com\/www.manquepierda.com\/historiarealbetis\/files\/2018\/01\/Salamanca-Betis-Liga-1997-Sito-Alfonso-e-Iv%C3%A1n.jpg?resize=552%2C436&#038;ssl=1\" alt=\"\" width=\"552\" height=\"436\" srcset=\"https:\/\/i0.wp.com\/www.manquepierda.com\/historiarealbetis\/files\/2018\/01\/Salamanca-Betis-Liga-1997-Sito-Alfonso-e-Iv%C3%A1n.jpg?w=552&amp;ssl=1 552w, https:\/\/i0.wp.com\/www.manquepierda.com\/historiarealbetis\/files\/2018\/01\/Salamanca-Betis-Liga-1997-Sito-Alfonso-e-Iv%C3%A1n.jpg?resize=220%2C174&amp;ssl=1 220w\" sizes=\"auto, (max-width: 552px) 100vw, 552px\" \/><\/a><\/p>\n<p>9 de noviembre de 1997 en El Helm\u00e1ntico Salamanca 0 Betis 0; jornada 10 del Campeonato de Liga de Primera Divisi\u00f3n.<\/p>\n<p>En la imagen el defensa unionista Sito junto a los delanteros b\u00e9ticos Alfonso e Iv\u00e1n P\u00e9rez.<\/p>\n<p>Baltasar S\u00e1nchez \u00abBalta\u00bb entrenaba a la UD Salamanca y Luis Aragon\u00e9s al Betis.<\/p>\n","protected":false},"excerpt":{"rendered":"<p>9 de noviembre de 1997 en El Helm\u00e1ntico Salamanca 0 Betis 0; jornada 10 del Campeonato de Liga de Primera Divisi\u00f3n. En la imagen el defensa unionista Sito junto a los delanteros b\u00e9ticos Alfonso e Iv\u00e1n P\u00e9rez. Baltasar S\u00e1nchez \u00abBalta\u00bb entrenaba a la UD Salamanca y Luis Aragon\u00e9s al Betis.<\/p>\n","protected":false},"author":5,"featured_media":63344,"comment_status":"open","ping_status":"open","sticky":false,"template":"","format":"standard","meta":{"_kad_post_transparent":"","_kad_post_title":"","_kad_post_layout":"","_kad_post_sidebar_id":"","_kad_post_content_style":"","_kad_post_vertical_padding":"","_kad_post_feature":"","_kad_post_feature_position":"","_kad_post_header":false,"_kad_post_footer":false,"_kad_post_classname":"","_jetpack_memberships_contains_paid_content":false,"footnotes":"","jetpack_publicize_message":"","jetpack_publicize_feature_enabled":true,"jetpack_social_post_already_shared":true,"jetpack_social_options":{"image_generator_settings":{"template":"highway","default_image_id":0,"font":"","enabled":false},"version":2}},"categories":[905,1],"tags":[1068,4389,1441,2424,17811,829],"class_list":["post-63343","post","type-post","status-publish","format-standard","has-post-thumbnail","hentry","category-1990-1999","category-portada","tag-1068","tag-1997-98","tag-alfonso-perez","tag-ivan-perez","tag-liga-primera-1997-98","tag-ud-salamanca"],"jetpack_publicize_connections":[],"jetpack_featured_media_url":"https:\/\/i0.wp.com\/www.manquepierda.com\/historiarealbetis\/files\/2018\/01\/Salamanca-Betis-Liga-1997-Sito-Alfonso-e-Iv%C3%A1n.jpg?fit=552%2C436&ssl=1","jetpack_sharing_enabled":true,"jetpack_shortlink":"https:\/\/wp.me\/p1ij08-gtF","jetpack-related-posts":[],"_links":{"self":[{"href":"https:\/\/www.manquepierda.com\/historiarealbetis\/wp-json\/wp\/v2\/posts\/63343","targetHints":{"allow":["GET"]}}],"collection":[{"href":"https:\/\/www.manquepierda.com\/historiarealbetis\/wp-json\/wp\/v2\/posts"}],"about":[{"href":"https:\/\/www.manquepierda.com\/historiarealbetis\/wp-json\/wp\/v2\/types\/post"}],"author":[{"embeddable":true,"href":"https:\/\/www.manquepierda.com\/historiarealbetis\/wp-json\/wp\/v2\/users\/5"}],"replies":[{"embeddable":true,"href":"https:\/\/www.manquepierda.com\/historiarealbetis\/wp-json\/wp\/v2\/comments?post=63343"}],"version-history":[{"count":1,"href":"https:\/\/www.manquepierda.com\/historiarealbetis\/wp-json\/wp\/v2\/posts\/63343\/revisions"}],"predecessor-version":[{"id":95887,"href":"https:\/\/www.manquepierda.com\/historiarealbetis\/wp-json\/wp\/v2\/posts\/63343\/revisions\/95887"}],"wp:featuredmedia":[{"embeddable":true,"href":"https:\/\/www.manquepierda.com\/historiarealbetis\/wp-json\/wp\/v2\/media\/63344"}],"wp:attachment":[{"href":"https:\/\/www.manquepierda.com\/historiarealbetis\/wp-json\/wp\/v2\/media?parent=63343"}],"wp:term":[{"taxonomy":"category","embeddable":true,"href":"https:\/\/www.manquepierda.com\/historiarealbetis\/wp-json\/wp\/v2\/categories?post=63343"},{"taxonomy":"post_tag","embeddable":true,"href":"https:\/\/www.manquepierda.com\/historiarealbetis\/wp-json\/wp\/v2\/tags?post=63343"}],"curies":[{"name":"wp","href":"https:\/\/api.w.org\/{rel}","templated":true}]}}