{"id":63494,"date":"2023-02-04T11:00:00","date_gmt":"2023-02-04T10:00:00","guid":{"rendered":"http:\/\/www.manquepierda.com\/historiarealbetis\/?p=63494"},"modified":"2024-08-27T22:06:46","modified_gmt":"2024-08-27T20:06:46","slug":"hoy-97-anos-2","status":"publish","type":"post","link":"https:\/\/www.manquepierda.com\/historiarealbetis\/hoy-97-anos-2\/","title":{"rendered":"Hoy hace 100 a\u00f1os. Sevilla 1 Betis 1 en el Campeonato de Andaluc\u00eda."},"content":{"rendered":"<p><a href=\"https:\/\/i0.wp.com\/www.manquepierda.com\/historiarealbetis\/files\/2018\/02\/4-1923-Sevilla-1-Betis-1-1.jpg?ssl=1\"><img data-recalc-dims=\"1\" loading=\"lazy\" decoding=\"async\" class=\"aligncenter size-medium wp-image-63497\" src=\"https:\/\/i0.wp.com\/www.manquepierda.com\/historiarealbetis\/files\/2018\/02\/4-1923-Sevilla-1-Betis-1-1.jpg?resize=680%2C238&#038;ssl=1\" alt=\"\" width=\"680\" height=\"238\" srcset=\"https:\/\/i0.wp.com\/www.manquepierda.com\/historiarealbetis\/files\/2018\/02\/4-1923-Sevilla-1-Betis-1-1.jpg?resize=680%2C238&amp;ssl=1 680w, https:\/\/i0.wp.com\/www.manquepierda.com\/historiarealbetis\/files\/2018\/02\/4-1923-Sevilla-1-Betis-1-1.jpg?resize=220%2C77&amp;ssl=1 220w, https:\/\/i0.wp.com\/www.manquepierda.com\/historiarealbetis\/files\/2018\/02\/4-1923-Sevilla-1-Betis-1-1.jpg?resize=768%2C269&amp;ssl=1 768w, https:\/\/i0.wp.com\/www.manquepierda.com\/historiarealbetis\/files\/2018\/02\/4-1923-Sevilla-1-Betis-1-1.jpg?w=913&amp;ssl=1 913w\" sizes=\"auto, (max-width: 680px) 100vw, 680px\" \/><\/a><\/p>\n<p><span style=\"color: #008000\">El 4 de febrero de 1923 el Betis empata a 1 en el campo de la Reina Victoria frente al Sevilla en partido de la jornada 8 del Campeonato de Andaluc\u00eda.<\/span><\/p>\n<p><span style=\"color: #008000\">Un pol\u00e9mico encuentro en el que un jugador b\u00e9tico, Llin\u00e1s,&nbsp; fue detenido por la Guardia Civil y conducido a prisi\u00f3n a instancias del directivo sevillista Blasco Garz\u00f3n.<\/span><\/p>\n<p><span style=\"color: #008000\">El Sevilla jug\u00f3 con Avil\u00e9s; Sede\u00f1o, Herminio; Ferreras, Oca\u00f1a, Gabriel; Escobar, Le\u00f3n, Kink\u00e9, Cabezas y Brand.<\/span><\/p>\n<p><span style=\"color: #008000\">El Betis aline\u00f3 a Portillo; Ram\u00f3n, Aranda; Casta\u00f1eda, Llin\u00e1s, Gild\u00f3s; Silva, Calvo, Rodr\u00edguez, Manol\u00edn y Cruz.&nbsp;<\/span><\/p>\n","protected":false},"excerpt":{"rendered":"<p>El 4 de febrero de 1923 el Betis empata a 1 en el campo de la Reina Victoria frente al Sevilla en partido de la jornada 8 del Campeonato de Andaluc\u00eda. Un pol\u00e9mico encuentro en el que un jugador b\u00e9tico, Llin\u00e1s,&nbsp; fue detenido por la Guardia Civil y conducido a prisi\u00f3n a instancias del directivo&#8230;<\/p>\n","protected":false},"author":5,"featured_media":63497,"comment_status":"open","ping_status":"open","sticky":false,"template":"","format":"standard","meta":{"_kad_post_transparent":"","_kad_post_title":"","_kad_post_layout":"","_kad_post_sidebar_id":"","_kad_post_content_style":"","_kad_post_vertical_padding":"","_kad_post_feature":"","_kad_post_feature_position":"","_kad_post_header":false,"_kad_post_footer":false,"_kad_post_classname":"","_jetpack_memberships_contains_paid_content":false,"footnotes":"","jetpack_publicize_message":"","jetpack_publicize_feature_enabled":true,"jetpack_social_post_already_shared":true,"jetpack_social_options":{"image_generator_settings":{"template":"highway","default_image_id":0,"font":"","enabled":false},"version":2}},"categories":[898,14583,1],"tags":[12362,5036,916],"class_list":["post-63494","post","type-post","status-publish","format-standard","has-post-thumbnail","hentry","category-1920-1929","category-efemerides","category-portada","tag-12362","tag-campeonato-de-andalucia-1922-1923","tag-sevilla-fc"],"jetpack_publicize_connections":[],"jetpack_featured_media_url":"https:\/\/i0.wp.com\/www.manquepierda.com\/historiarealbetis\/files\/2018\/02\/4-1923-Sevilla-1-Betis-1-1.jpg?fit=913%2C320&ssl=1","jetpack_sharing_enabled":true,"jetpack_shortlink":"https:\/\/wp.me\/p1ij08-gw6","jetpack-related-posts":[],"_links":{"self":[{"href":"https:\/\/www.manquepierda.com\/historiarealbetis\/wp-json\/wp\/v2\/posts\/63494","targetHints":{"allow":["GET"]}}],"collection":[{"href":"https:\/\/www.manquepierda.com\/historiarealbetis\/wp-json\/wp\/v2\/posts"}],"about":[{"href":"https:\/\/www.manquepierda.com\/historiarealbetis\/wp-json\/wp\/v2\/types\/post"}],"author":[{"embeddable":true,"href":"https:\/\/www.manquepierda.com\/historiarealbetis\/wp-json\/wp\/v2\/users\/5"}],"replies":[{"embeddable":true,"href":"https:\/\/www.manquepierda.com\/historiarealbetis\/wp-json\/wp\/v2\/comments?post=63494"}],"version-history":[{"count":2,"href":"https:\/\/www.manquepierda.com\/historiarealbetis\/wp-json\/wp\/v2\/posts\/63494\/revisions"}],"predecessor-version":[{"id":87555,"href":"https:\/\/www.manquepierda.com\/historiarealbetis\/wp-json\/wp\/v2\/posts\/63494\/revisions\/87555"}],"wp:featuredmedia":[{"embeddable":true,"href":"https:\/\/www.manquepierda.com\/historiarealbetis\/wp-json\/wp\/v2\/media\/63497"}],"wp:attachment":[{"href":"https:\/\/www.manquepierda.com\/historiarealbetis\/wp-json\/wp\/v2\/media?parent=63494"}],"wp:term":[{"taxonomy":"category","embeddable":true,"href":"https:\/\/www.manquepierda.com\/historiarealbetis\/wp-json\/wp\/v2\/categories?post=63494"},{"taxonomy":"post_tag","embeddable":true,"href":"https:\/\/www.manquepierda.com\/historiarealbetis\/wp-json\/wp\/v2\/tags?post=63494"}],"curies":[{"name":"wp","href":"https:\/\/api.w.org\/{rel}","templated":true}]}}