{"id":6352,"date":"2010-12-09T15:15:27","date_gmt":"2010-12-09T15:15:27","guid":{"rendered":"http:\/\/www.manquepierda.com\/?p=6352"},"modified":"2025-08-24T13:32:25","modified_gmt":"2025-08-24T11:32:25","slug":"nos-visita-el-cordoba-cf","status":"publish","type":"post","link":"https:\/\/www.manquepierda.com\/historiarealbetis\/nos-visita-el-cordoba-cf\/","title":{"rendered":"Nos visita el C\u00f3rdoba CF"},"content":{"rendered":"<figure id=\"attachment_7960\" aria-describedby=\"caption-attachment-7960\" style=\"width: 750px\" class=\"wp-caption aligncenter\"><a class=\"lightbox\" title=\"1967 C\u00f3rdoba\" href=\"https:\/\/i0.wp.com\/www.manquepierda.com\/historiarealbetis\/files\/2010\/12\/1967-C%C3%B3rdoba.jpg?ssl=1\"><img data-recalc-dims=\"1\" loading=\"lazy\" decoding=\"async\" class=\"size-full wp-image-7960\" src=\"https:\/\/i0.wp.com\/www.manquepierda.com\/historiarealbetis\/files\/2010\/12\/1967-C%C3%B3rdoba.jpg?resize=750%2C491&#038;ssl=1\" alt=\"El C\u00f3rdoba en 1967\" width=\"750\" height=\"491\" srcset=\"https:\/\/i0.wp.com\/www.manquepierda.com\/historiarealbetis\/files\/2010\/12\/1967-C%C3%B3rdoba.jpg?w=750&amp;ssl=1 750w, https:\/\/i0.wp.com\/www.manquepierda.com\/historiarealbetis\/files\/2010\/12\/1967-C%C3%B3rdoba.jpg?resize=300%2C196&amp;ssl=1 300w\" sizes=\"auto, (max-width: 750px) 100vw, 750px\" \/><\/a><figcaption id=\"caption-attachment-7960\" class=\"wp-caption-text\">El C\u00f3rdoba en 1967<\/figcaption><\/figure>\n<p>Este s\u00e1bado recibiremos en el Villamar\u00edn al C\u00f3rdoba Club de F\u00fatbol, quien jug\u00f3 por primera vez en nuestro campo en 1957, concretamente un 3 de Febrero en un partido de Segunda Divisi\u00f3n que concluy\u00f3 con empate a 0.<\/p>\n<p>El club cordobesista se fund\u00f3 como tal en 1954, como consecuencia de la desaparici\u00f3n en ese mismo a\u00f1o del hist\u00f3rico Real Club Deportivo C\u00f3rdoba, con quien el Real Betis Balompi\u00e9 se enfrent\u00f3 en 43 ocasiones entre 1924 y 1954. Este club desapareci\u00f3 por problemas econ\u00f3micos y fue sustituido por el C\u00f3rdoba Club de F\u00fatbol, que inici\u00f3 su andadura en Tercera Divisi\u00f3n al aprovechar los derechos federativos del Club Deportivo San Alvaro, otro equipo cordob\u00e9s con el que el Betis coincidi\u00f3 en su \u00faltima temporada en Tercera Divisi\u00f3n en la campa\u00f1a 53-54.<\/p>\n<p>Es en 1954 cuando el club empieza a vestir de blanquiverde, pues el Real Club Deportivo C\u00f3rdoba lo hac\u00eda de blanco en sus \u00faltimos a\u00f1os, aunque su equipaci\u00f3n original en los a\u00f1os 20 tambi\u00e9n era blanquiverde.<\/p>\n<p>El C\u00f3rdoba ha disputado 8 temporadas en Primera Divisi\u00f3n, 26 en Segunda, 20 en Segunda B y 11 en Tercera. En nuestro campo ha jugado 6 partidos en Primera (3 victorias del Betis, 1 empate y 2 derrotas), 7 partidos en Segunda (3 victorias b\u00e9ticas, 3 empates y 1 victoria cordobesista) y 1 en Copa, con victoria cordobesista.<\/p>\n<p>La victoria b\u00e9tica m\u00e1s concluyente fue en Segunda Divisi\u00f3n en la temporada 1973-74, cuando el equipo b\u00e9tivo venci\u00f3 por 5 a 1, imagenes que podemos ver en la siguiente informaci\u00f3n:<\/p>\n<figure id=\"attachment_6387\" aria-describedby=\"caption-attachment-6387\" style=\"width: 552px\" class=\"wp-caption aligncenter\"><a class=\"lightbox\" title=\"Betis-C\u00f3rdoba 1973\" href=\"https:\/\/i0.wp.com\/www.manquepierda.com\/wordpress\/wp-content\/uploads\/2010\/12\/Betis-C%C3%B3rdoba-1973.jpg\"><img data-recalc-dims=\"1\" loading=\"lazy\" decoding=\"async\" class=\"size-full wp-image-6387 \" src=\"https:\/\/i0.wp.com\/www.manquepierda.com\/wordpress\/wp-content\/uploads\/2010\/12\/Betis-C%C3%B3rdoba-1973.jpg?resize=552%2C750\" alt=\"\" width=\"552\" height=\"750\" \/><\/a><figcaption id=\"caption-attachment-6387\" class=\"wp-caption-text\">Fuente: ABC 9 de Octubre de 1973<\/figcaption><\/figure>\n<p>Entre los jugadores que han militado en los dos equipos podemos mencionar a Adolfo Romero, Segundo Arza, Arturo Garc\u00eda \u00abArzu\u00bb, Heliodoro Casta\u00f1o, C\u00e9sar de Loma, Antonio Cruz, Pablo Del Val, Jos\u00e9 Tom\u00e1s Escalante, Francisco Espina, Antonio Est\u00e9vez, Fabio Alves \u00bb Fabao\u00bb, Antonio Alvarez \u00abIto\u00bb,\u00a0 Juan Luis G\u00f3mez \u00abJuanlu\u00bb, Luis Llorens, Jos\u00e9 Luis Loreto, Manolo L\u00f3pez, Jos\u00e9 Mar\u00eda Mellado, Rodolfo Garrido, Manuel Rodr\u00edguez, Sebasti\u00e1n Romero, Antonio Valent\u00edn y Jorge Vila.<\/p>\n<p>Entre los entrenadores comunes Marcel Domingo, Cayetano R\u00e9 y Julio Carde\u00f1osa.<\/p>\n","protected":false},"excerpt":{"rendered":"<p>Este s\u00e1bado recibiremos en el Villamar\u00edn al C\u00f3rdoba Club de F\u00fatbol, quien jug\u00f3 por primera vez en nuestro campo en 1957, concretamente un 3 de Febrero en un partido de Segunda Divisi\u00f3n que concluy\u00f3 con empate a 0. El club cordobesista se fund\u00f3 como tal en 1954, como consecuencia de la desaparici\u00f3n en ese mismo&#8230;<\/p>\n","protected":false},"author":5,"featured_media":7960,"comment_status":"open","ping_status":"open","sticky":false,"template":"","format":"standard","meta":{"_kad_post_transparent":"","_kad_post_title":"","_kad_post_layout":"","_kad_post_sidebar_id":"","_kad_post_content_style":"","_kad_post_vertical_padding":"","_kad_post_feature":"","_kad_post_feature_position":"","_kad_post_header":false,"_kad_post_footer":false,"_kad_post_classname":"","_jetpack_memberships_contains_paid_content":false,"footnotes":"","jetpack_publicize_message":"","jetpack_publicize_feature_enabled":true,"jetpack_social_post_already_shared":false,"jetpack_social_options":{"image_generator_settings":{"template":"highway","default_image_id":0,"font":"","enabled":false},"version":2}},"categories":[895,1],"tags":[1116,1076,1344,1348,1357,1341,17100,1343,2110,18740,1347,1342,1318,1044,1353,1346,1350,1155,1351,1352,1355,1345,1354,15696,1340],"class_list":["post-6352","post","type-post","status-publish","format-standard","has-post-thumbnail","hentry","category-los-rivales","category-portada","tag-adolfo-romero","tag-antonio-alvarez-ito","tag-antonio-cruz","tag-antonio-estevez","tag-antonio-valentin","tag-arturo-garcia-arzu","tag-cayetano-re-2","tag-cesar-de-loma","tag-cordoba-cf","tag-fabio-alves-fabao","tag-francisco-espina","tag-heliodoro-castano","tag-jorge-vila","tag-jose-luis-loreto","tag-jose-maria-mellado","tag-jose-tomas-escalante","tag-juan-luis-gomez-juanlu","tag-julio-cardenosa","tag-luis-llorens","tag-manolo-lopez","tag-manuel-rodriguez","tag-pablo-del-val","tag-rodolfo-garrido","tag-sebastian-ariel-romero","tag-segundo-arza"],"jetpack_publicize_connections":[],"jetpack_featured_media_url":"https:\/\/i0.wp.com\/www.manquepierda.com\/historiarealbetis\/files\/2010\/12\/1967-C%C3%B3rdoba.jpg?fit=750%2C491&ssl=1","jetpack_sharing_enabled":true,"jetpack_shortlink":"https:\/\/wp.me\/p1ij08-1Es","jetpack-related-posts":[],"_links":{"self":[{"href":"https:\/\/www.manquepierda.com\/historiarealbetis\/wp-json\/wp\/v2\/posts\/6352","targetHints":{"allow":["GET"]}}],"collection":[{"href":"https:\/\/www.manquepierda.com\/historiarealbetis\/wp-json\/wp\/v2\/posts"}],"about":[{"href":"https:\/\/www.manquepierda.com\/historiarealbetis\/wp-json\/wp\/v2\/types\/post"}],"author":[{"embeddable":true,"href":"https:\/\/www.manquepierda.com\/historiarealbetis\/wp-json\/wp\/v2\/users\/5"}],"replies":[{"embeddable":true,"href":"https:\/\/www.manquepierda.com\/historiarealbetis\/wp-json\/wp\/v2\/comments?post=6352"}],"version-history":[{"count":3,"href":"https:\/\/www.manquepierda.com\/historiarealbetis\/wp-json\/wp\/v2\/posts\/6352\/revisions"}],"predecessor-version":[{"id":104615,"href":"https:\/\/www.manquepierda.com\/historiarealbetis\/wp-json\/wp\/v2\/posts\/6352\/revisions\/104615"}],"wp:featuredmedia":[{"embeddable":true,"href":"https:\/\/www.manquepierda.com\/historiarealbetis\/wp-json\/wp\/v2\/media\/7960"}],"wp:attachment":[{"href":"https:\/\/www.manquepierda.com\/historiarealbetis\/wp-json\/wp\/v2\/media?parent=6352"}],"wp:term":[{"taxonomy":"category","embeddable":true,"href":"https:\/\/www.manquepierda.com\/historiarealbetis\/wp-json\/wp\/v2\/categories?post=6352"},{"taxonomy":"post_tag","embeddable":true,"href":"https:\/\/www.manquepierda.com\/historiarealbetis\/wp-json\/wp\/v2\/tags?post=6352"}],"curies":[{"name":"wp","href":"https:\/\/api.w.org\/{rel}","templated":true}]}}