{"id":63536,"date":"2018-02-07T07:26:59","date_gmt":"2018-02-07T06:26:59","guid":{"rendered":"http:\/\/www.manquepierda.com\/historiarealbetis\/?p=63536"},"modified":"2018-02-04T12:22:27","modified_gmt":"2018-02-04T11:22:27","slug":"criterium-ciclista-heliopolis-1959","status":"publish","type":"post","link":"https:\/\/www.manquepierda.com\/historiarealbetis\/criterium-ciclista-heliopolis-1959\/","title":{"rendered":"Criterium Ciclista en Heli\u00f3polis 1959"},"content":{"rendered":"<p><a href=\"https:\/\/i0.wp.com\/www.manquepierda.com\/historiarealbetis\/files\/2018\/02\/Criterium-Ciclista-1959-Cartel-anunciador-Sevilla-14-09-1959.jpg?ssl=1\"><img data-recalc-dims=\"1\" loading=\"lazy\" decoding=\"async\" class=\"aligncenter size-medium wp-image-63537\" src=\"https:\/\/i0.wp.com\/www.manquepierda.com\/historiarealbetis\/files\/2018\/02\/Criterium-Ciclista-1959-Cartel-anunciador-Sevilla-14-09-1959.jpg?resize=452%2C600&#038;ssl=1\" alt=\"\" width=\"452\" height=\"600\" srcset=\"https:\/\/i0.wp.com\/www.manquepierda.com\/historiarealbetis\/files\/2018\/02\/Criterium-Ciclista-1959-Cartel-anunciador-Sevilla-14-09-1959.jpg?resize=452%2C600&amp;ssl=1 452w, https:\/\/i0.wp.com\/www.manquepierda.com\/historiarealbetis\/files\/2018\/02\/Criterium-Ciclista-1959-Cartel-anunciador-Sevilla-14-09-1959.jpg?resize=166%2C220&amp;ssl=1 166w, https:\/\/i0.wp.com\/www.manquepierda.com\/historiarealbetis\/files\/2018\/02\/Criterium-Ciclista-1959-Cartel-anunciador-Sevilla-14-09-1959.jpg?resize=527%2C700&amp;ssl=1 527w, https:\/\/i0.wp.com\/www.manquepierda.com\/historiarealbetis\/files\/2018\/02\/Criterium-Ciclista-1959-Cartel-anunciador-Sevilla-14-09-1959.jpg?w=582&amp;ssl=1 582w\" sizes=\"auto, (max-width: 452px) 100vw, 452px\" \/><\/a><\/p>\n<p>El 22 de septiembre de 1959 tuvo lugar en el Estadio de Heli\u00f3polis un Criterium Ciclista Internacional desarrollado como una m\u00e1s de las actividades que se realizaban en la Semana Deportiva Municipal, que desde 1958 organizaba el Ayuntamiento de Sevilla.<\/p>\n<p>A la prueba concurrieron bastantes de las figuras ciclistas del momento, como Federico Mart\u00edn Bahamontes, que hab\u00eda sido el primer espa\u00f1ol en ganar el Tour de Francia dos meses antes, Guillermo Timoner, que ya hab\u00eda sido 2 veces Campe\u00f3n del Mundo en pista, el franc\u00e9s Andr\u00e9 Darrigade, Campe\u00f3n del Mundo en ruta ese a\u00f1o, el belga Rik Van Looy, ganador en 1958\u00a0 de la Mil\u00e1n-San Remo y la Par\u00eds-Bruselas y en 1959 del Tour de Flandes, la Par\u00eds-Tours y el Giro de Lombard\u00eda,\u00a0 el franc\u00e9s Jacques Anquetil, ganador del Tour de Francia en 1957, el espa\u00f1ol Miguel Poblet, vencedor en 1959 de la Mil\u00e1n-San Remo y 3 etapas en el Giro de Italia, el franc\u00e9s Raphael Geminiani, tercer clasificado en el Tour de Francia de 1958, el espa\u00f1ol Antonio Su\u00e1rez, ganador de la Vuelta a Espa\u00f1a en 1959, el belga Edgard Soorgelos, el ingl\u00e9s Brian Robinson, los espa\u00f1oles Jes\u00fas Manzaneque, Alfredo Esmatges y Jos\u00e9 Saura, y Jos\u00e9 G\u00f3mez Del Moral, el \u00eddolo del ciclismo andaluz.<\/p>\n<p>Todo un elenco de figuras del ciclismo de la \u00e9poca, y que no eran nada habituales en las carreteras andaluzas.<\/p>\n<p>El programa deportivo se inici\u00f3 con una carrera de eliminaci\u00f3n, en la que el \u00faltimo en pasar por meta en cada vuelta era eliminado, imponi\u00e9ndose Miguel Poblet al vencer a Rik Van Looy en la vuelta final.<\/p>\n<p>Le sigui\u00f3 el Omnium Internacional, con la participaci\u00f3n de 4 corredores (Robinson, Su\u00e1rez, Anquetil y Bahamontes), venciendo Antonio Su\u00e1rez con un tiempo de 36 segundos y 5 d\u00e9cimas.<\/p>\n<p>Despu\u00e9s se corri\u00f3 una prueba de velocidad a dos vueltas a la pista. Se corri\u00f3 por parejas entre Van Looy-Poblet y Darrigade-Timoner, imponi\u00e9ndose el belga en la primera y el franc\u00e9s en la segunda.<\/p>\n<p>El Gran Premio de Sevilla de velocidad se disput\u00f3 entre Poblet y Timoner, siendo vencedor el primero por haber sufrido el mallorqu\u00edn una ca\u00edda en uno de los peraltes del circuito.<\/p>\n<p>En la prueba de persecuci\u00f3n por parejas se impusieron Manzaneque y Grayzik. La m\u00e1s espectacular de las pruebas fue la de persecuci\u00f3n a la australiana, con la participaci\u00f3n de 4 corredores (Su\u00e1rez, Bahamontes, Anquetil y Robinson). Para la salida Bahamontes se coloc\u00f3 en la l\u00ednea de meta, Anquetil tras la porter\u00eda de Gol Sur, Su\u00e1rez en la contrameta y Robinson tras la porter\u00eda de Gol Norte. El ganador fue Robinson, que sac\u00f3 bastante ventaja a los dem\u00e1s,<\/p>\n<p>La \u00faltima prueba fue la de velocidad con la participaci\u00f3n de todos los corredores. La puntuaci\u00f3n se obten\u00eda por sprints cada cinco vueltas con un total de 50 vueltas a la pista. De los 10 sprints Van Looy gan\u00f3 9\u00a0 y en el otro se impuso Robinson. Durante la carrera se ofrecieron a los corredores diversas primas, entre ellas una del presidente b\u00e9tico Benito Villamar\u00edn quien ofreci\u00f3 1.000 pesetas para el primero,\u00a0 700 para el segundo y 300 para el tercero.\u00a0 Van Looy, Su\u00e1rez y Saura se repartieron los premios por orden de paso.<\/p>\n<p>Desde el micr\u00f3fono, y a trav\u00e9s de los altavoces del campo, el gran sprinter ya retirado Gabriel Saura, anim\u00f3 la prueba, ejerciendo tambi\u00e9n de juez de salida.<\/p>\n<p><a href=\"https:\/\/i0.wp.com\/www.manquepierda.com\/historiarealbetis\/files\/2018\/02\/Criterium-Ciclista-1959-Imagen-de-la-prueba-Sevilla-23-09-1959.jpg?ssl=1\"><img data-recalc-dims=\"1\" loading=\"lazy\" decoding=\"async\" class=\"aligncenter size-medium wp-image-63538\" src=\"https:\/\/i0.wp.com\/www.manquepierda.com\/historiarealbetis\/files\/2018\/02\/Criterium-Ciclista-1959-Imagen-de-la-prueba-Sevilla-23-09-1959.jpg?resize=680%2C357&#038;ssl=1\" alt=\"\" width=\"680\" height=\"357\" srcset=\"https:\/\/i0.wp.com\/www.manquepierda.com\/historiarealbetis\/files\/2018\/02\/Criterium-Ciclista-1959-Imagen-de-la-prueba-Sevilla-23-09-1959.jpg?resize=680%2C357&amp;ssl=1 680w, https:\/\/i0.wp.com\/www.manquepierda.com\/historiarealbetis\/files\/2018\/02\/Criterium-Ciclista-1959-Imagen-de-la-prueba-Sevilla-23-09-1959.jpg?resize=220%2C116&amp;ssl=1 220w, https:\/\/i0.wp.com\/www.manquepierda.com\/historiarealbetis\/files\/2018\/02\/Criterium-Ciclista-1959-Imagen-de-la-prueba-Sevilla-23-09-1959.jpg?resize=768%2C404&amp;ssl=1 768w, https:\/\/i0.wp.com\/www.manquepierda.com\/historiarealbetis\/files\/2018\/02\/Criterium-Ciclista-1959-Imagen-de-la-prueba-Sevilla-23-09-1959.jpg?resize=960%2C505&amp;ssl=1 960w, https:\/\/i0.wp.com\/www.manquepierda.com\/historiarealbetis\/files\/2018\/02\/Criterium-Ciclista-1959-Imagen-de-la-prueba-Sevilla-23-09-1959.jpg?w=1130&amp;ssl=1 1130w\" sizes=\"auto, (max-width: 680px) 100vw, 680px\" \/><\/a><\/p>\n<p>&nbsp;<\/p>\n","protected":false},"excerpt":{"rendered":"<p>El 22 de septiembre de 1959 tuvo lugar en el Estadio de Heli\u00f3polis un Criterium Ciclista Internacional desarrollado como una m\u00e1s de las actividades que se realizaban en la Semana Deportiva Municipal, que desde 1958 organizaba el Ayuntamiento de Sevilla. A la prueba concurrieron bastantes de las figuras ciclistas del momento, como Federico Mart\u00edn Bahamontes,&#8230;<\/p>\n","protected":false},"author":5,"featured_media":63537,"comment_status":"open","ping_status":"open","sticky":false,"template":"","format":"standard","meta":{"_kad_post_transparent":"","_kad_post_title":"","_kad_post_layout":"","_kad_post_sidebar_id":"","_kad_post_content_style":"","_kad_post_vertical_padding":"","_kad_post_feature":"","_kad_post_feature_position":"","_kad_post_header":false,"_kad_post_footer":false,"_kad_post_classname":"","_jetpack_memberships_contains_paid_content":false,"footnotes":"","jetpack_publicize_message":"","jetpack_publicize_feature_enabled":true,"jetpack_social_post_already_shared":true,"jetpack_social_options":{"image_generator_settings":{"template":"highway","default_image_id":0,"font":"","enabled":false},"version":2}},"categories":[901,1],"tags":[1538,16654],"class_list":["post-63536","post","type-post","status-publish","format-standard","has-post-thumbnail","hentry","category-1950-1959","category-portada","tag-1538","tag-criterium-ciclista"],"jetpack_publicize_connections":[],"jetpack_featured_media_url":"https:\/\/i0.wp.com\/www.manquepierda.com\/historiarealbetis\/files\/2018\/02\/Criterium-Ciclista-1959-Cartel-anunciador-Sevilla-14-09-1959.jpg?fit=582%2C773&ssl=1","jetpack_sharing_enabled":true,"jetpack_shortlink":"https:\/\/wp.me\/p1ij08-gwM","jetpack-related-posts":[],"_links":{"self":[{"href":"https:\/\/www.manquepierda.com\/historiarealbetis\/wp-json\/wp\/v2\/posts\/63536","targetHints":{"allow":["GET"]}}],"collection":[{"href":"https:\/\/www.manquepierda.com\/historiarealbetis\/wp-json\/wp\/v2\/posts"}],"about":[{"href":"https:\/\/www.manquepierda.com\/historiarealbetis\/wp-json\/wp\/v2\/types\/post"}],"author":[{"embeddable":true,"href":"https:\/\/www.manquepierda.com\/historiarealbetis\/wp-json\/wp\/v2\/users\/5"}],"replies":[{"embeddable":true,"href":"https:\/\/www.manquepierda.com\/historiarealbetis\/wp-json\/wp\/v2\/comments?post=63536"}],"version-history":[{"count":0,"href":"https:\/\/www.manquepierda.com\/historiarealbetis\/wp-json\/wp\/v2\/posts\/63536\/revisions"}],"wp:featuredmedia":[{"embeddable":true,"href":"https:\/\/www.manquepierda.com\/historiarealbetis\/wp-json\/wp\/v2\/media\/63537"}],"wp:attachment":[{"href":"https:\/\/www.manquepierda.com\/historiarealbetis\/wp-json\/wp\/v2\/media?parent=63536"}],"wp:term":[{"taxonomy":"category","embeddable":true,"href":"https:\/\/www.manquepierda.com\/historiarealbetis\/wp-json\/wp\/v2\/categories?post=63536"},{"taxonomy":"post_tag","embeddable":true,"href":"https:\/\/www.manquepierda.com\/historiarealbetis\/wp-json\/wp\/v2\/tags?post=63536"}],"curies":[{"name":"wp","href":"https:\/\/api.w.org\/{rel}","templated":true}]}}