{"id":63607,"date":"2018-02-13T07:27:54","date_gmt":"2018-02-13T06:27:54","guid":{"rendered":"http:\/\/www.manquepierda.com\/historiarealbetis\/?p=63607"},"modified":"2018-02-10T10:51:54","modified_gmt":"2018-02-10T09:51:54","slug":"entrevista-dolores-conde-1958","status":"publish","type":"post","link":"https:\/\/www.manquepierda.com\/historiarealbetis\/entrevista-dolores-conde-1958\/","title":{"rendered":"Entrevista Dolores Conde 1958"},"content":{"rendered":"<p><a href=\"https:\/\/i0.wp.com\/www.manquepierda.com\/historiarealbetis\/files\/2018\/02\/Entrevista-Dolores-Conde-1958-NMP-Sevilla-1-06-1958.jpg?ssl=1\"><img data-recalc-dims=\"1\" loading=\"lazy\" decoding=\"async\" class=\"alignleft wp-image-63608 size-medium\" src=\"https:\/\/i0.wp.com\/www.manquepierda.com\/historiarealbetis\/files\/2018\/02\/Entrevista-Dolores-Conde-1958-NMP-Sevilla-1-06-1958.jpg?resize=342%2C600&#038;ssl=1\" alt=\"\" width=\"342\" height=\"600\" srcset=\"https:\/\/i0.wp.com\/www.manquepierda.com\/historiarealbetis\/files\/2018\/02\/Entrevista-Dolores-Conde-1958-NMP-Sevilla-1-06-1958.jpg?resize=342%2C600&amp;ssl=1 342w, https:\/\/i0.wp.com\/www.manquepierda.com\/historiarealbetis\/files\/2018\/02\/Entrevista-Dolores-Conde-1958-NMP-Sevilla-1-06-1958.jpg?resize=125%2C220&amp;ssl=1 125w, https:\/\/i0.wp.com\/www.manquepierda.com\/historiarealbetis\/files\/2018\/02\/Entrevista-Dolores-Conde-1958-NMP-Sevilla-1-06-1958.jpg?w=345&amp;ssl=1 345w\" sizes=\"auto, (max-width: 342px) 100vw, 342px\" \/><\/a><\/p>\n<p>Ya hemos visto <a href=\"https:\/\/www.manquepierda.com\/historiarealbetis\/62893-entrevistas-jose-barrio-manuel-lopez-1958\/\"><strong>aqu\u00ed<\/strong><\/a> algunos ejemplos de entrevistas a aficionados b\u00e9ticos con motivo del ascenso a Primera Divisi\u00f3n en junio de 1958.<\/p>\n<p>Hoy traemos otra de estas historias, en esta ocasi\u00f3n centrada en una aficionada b\u00e9tica de la que hab\u00edamos o\u00eddo hablar en bastantes ocasiones, pero sin conocer ning\u00fan testimonio propio de ella. Se trata de Dolores Conde, una de las dos hermanas que regentaban una famosa pensi\u00f3n en el barrio del Arenal en la que desde los a\u00f1os 30 era frecuente que se hospedasen los futbolistas de la \u00e9poca, y de los que en numerosos casos hemos visto mencionar el establecimiento.<\/p>\n<p>Un dato destacable que nos da la entrevista es la existencia de un carnet femenino parece que con un listado independiente al resto de los carnets de socio masculinos, y en el que Dolores Conde ostentaba el n\u00famero 5. Como en la propia entrevista sale a relucir eran ya muchos los a\u00f1os que Dolores Conde llevaba viendo al Betis y con total seguridad, por lo que relata, su presencia se remonta a finales de la d\u00e9cada de los a\u00f1os 20. Recordemos de paso<a href=\"https:\/\/www.manquepierda.com\/historiarealbetis\/25226-beticas-en-el-patronato-1930\/\"><strong> aqu\u00ed<\/strong><\/a> esta entrada en la que document\u00e1bamos la existencia de grupos femeninos en las gradas del Patronato ya en 1930.<\/p>\n<p>Una curiosa entrevista en la que Dolores Conde nos da su visi\u00f3n particular sobre hechos destacados que conoci\u00f3, as\u00ed como la terrible experiencia que supuso el descenso a la Tercera Divisi\u00f3n, y c\u00f3mo resalta la labor de un hombre poco reconocido como fue Francisco G\u00f3mez, jugador integrante del equipo campe\u00f3n de Liga en 1935 y entrenador que sac\u00f3 al Betis de Tercera Divisi\u00f3n en 1954.<\/p>\n<p>&nbsp;<\/p>\n<p>&nbsp;<\/p>\n<p>&nbsp;<\/p>\n<p><span style=\"color: #008000\"><em>El carnet femenino n\u00famero cinco del Real Betis Balompi\u00e9 est\u00e1 expedido a nombre de la se\u00f1orita Dolores Conde. \u00bfSaben ustedes lo que esto significa? Nada m\u00e1s y nada menos que conocer al Betis desde sus principios y haber vivido su dilatada historia con el entusiasmo y cari\u00f1o del hincha que todo lo soporta.<\/em><\/span><\/p>\n<p><span style=\"color: #008000\"><em>La se\u00f1orita Conde form\u00f3 parte de aquellos peque\u00f1os grupos femeninos que comenzaron a asistir a los partidos de f\u00fatbol en Sevilla. Ha visto mucho f\u00fatbol, ha conocido a gran n\u00famero de futbolistas y posee unos conocimientos que para s\u00ed los quisieran muchos de los que mascan puros y se sulfuran cuando presumen de sabidur\u00eda futbol\u00edstica.<\/em><\/span><\/p>\n<p><span style=\"color: #008000\"><em>Es b\u00e9tica porque siempre sinti\u00f3 por el Betis especial predilecci\u00f3n. Desde que su presencia en los campos de f\u00fatbol levantaba la severa cr\u00edtica de las remilgadas se\u00f1oritas de aquel entonces, el Betis ha sido y es para ella motivo de la franca alegr\u00eda y del amargo disgusto.<\/em><\/span><\/p>\n<p><span style=\"color: #008000\"><em>Si habla usted de f\u00fatbol con ella no se le ocurra nunca contradecirla. Le juzgar\u00e1 la labor de un entrenador, las posibilidades de un futbolista, la gesti\u00f3n administrativa de una directiva, con mejores fundamentos que el mejor de los asesores t\u00e9cnicos. Simp\u00e1tica como ella sola, va respondiendo a nuestras preguntas con la seguridad de que trat\u00e1ndose del tema futbol\u00edstico, su palabra es ley.<\/em><\/span><\/p>\n<p><span style=\"color: #008000\"><em>&#8211; \u00bfPrimeros recuerdos gratos?<\/em><\/span><\/p>\n<p><span style=\"color: #008000\"><em>&#8211; Aquel Campeonato de Andaluc\u00eda que el Betis le gan\u00f3 al Sevilla en C\u00f3rdoba por tres goles a uno, la consecuci\u00f3n de la Copa Spencer\u2026 Fueron muchos las jornadas de gloria del Betis de aquellos tiempos<\/em><\/span><\/p>\n<p><span style=\"color: #008000\"><em>&#8211; Pero habr\u00e1 existido una satisfacci\u00f3n m\u00e1xima\u2026<\/em><\/span><\/p>\n<p><span style=\"color: #008000\"><em>&#8211; Como satisfacci\u00f3n, la mayor de mi vida, el actual ascenso del Betis a la Primera Divisi\u00f3n<\/em><\/span><\/p>\n<p><span style=\"color: #008000\"><em>La se\u00f1orita Conde ha conocido a muchos jugadores. Por su pensi\u00f3n de la calle Federico S\u00e1nchez Bedoya han desfilado muchos futbolistas internacionales de todas las \u00e9pocas, caracteres diferentes.<\/em><\/span><\/p>\n<p><span style=\"color: #008000\"><em>&#8211; Antes los futbolistas ten\u00edan otra forma de pensar. Ahora son de otro estilo. A\u00fan recuerdo cuando a Aedo le hicieron internacional, c\u00f3mo se preguntaba a s\u00ed mismo si en realidad lo merec\u00eda<\/em><\/span><\/p>\n<p><span style=\"color: #008000\"><em>&#8211; \u00bfDesde qu\u00e9 a\u00f1o comenzaron a hospedarse en su casa los futbolistas?<\/em><\/span><\/p>\n<p><span style=\"color: #008000\"><em>&#8211; Desde el a\u00f1o treinta y cinco hasta la fecha<\/em><\/span><\/p>\n<p><span style=\"color: #008000\"><em>&#8211; \u00bfJugadores c\u00e9lebres?<\/em><\/span><\/p>\n<p><span style=\"color: #008000\"><em>&#8211; Se han alineado en el Sevilla y en el Betis. Todos tuvieron nombre<\/em><\/span><\/p>\n<p><span style=\"color: #008000\"><em>&#8211; \u00bfRecuerda la \u00e9poca mala del Betis?<\/em><\/span><\/p>\n<p><span style=\"color: #008000\"><em>&#8211; La permanencia en Tercera fue horrible<\/em><\/span><\/p>\n<p><span style=\"color: #008000\"><em>&#8211; \u00bfEl peor disgusto?<\/em><\/span><\/p>\n<p><span style=\"color: #008000\"><em>&#8211; El descenso a esta categor\u00eda. Llor\u00e9 bastante<\/em><\/span><\/p>\n<p><span style=\"color: #008000\"><em>Al recordar aquella \u00e9poca del Betis se hace necesario ahondar un poco en el tema. Surge la figura de G\u00f3mez, el entrenador que con tanto \u00e9xito sac\u00f3 al equipo del pozo de Tercera. La se\u00f1orita Conde enjuicia aquella labor:<\/em><\/span><\/p>\n<p><span style=\"color: #008000\"><em>&#8211; Quiz\u00e1s no se haya valorado como merece la gesti\u00f3n de G\u00f3mez como entrenador del Betis. De aquellos jugadores que formaron en el Betis cuando se consigui\u00f3 el ascenso, s\u00f3lo cuatro o cinco contin\u00faan jugando. Los dem\u00e1s se han perdido y el hecho viene a demostrar que no eran tan buenos como entonces nos parecieron- Aquello se debi\u00f3 principalmente a la labor de G\u00f3mez, a mi juicio uno de los mejores entrenadores que ha tenido el Betis<\/em><\/span><\/p>\n<p><span style=\"color: #008000\"><em>Hablamos de la temporada finalizada. En la opini\u00f3n de nuestra interrogada ha sido buena.<\/em><\/span><\/p>\n<p><span style=\"color: #008000\"><em>&#8211; El Betis ha tenido que luchar contra todos. El empezar la campa\u00f1a en plan de \u201cgallito\u201d hizo que las dificultades normales aumentaran al nacer en todos los equipos del grupo el deseo l\u00f3gico de vencer al mejor<\/em><\/span><\/p>\n<p><span style=\"color: #008000\"><em>&#8211; \u00bfQu\u00e9 jugadores del Betis considera que se comportaron con mayor eficacia?<\/em><\/span><\/p>\n<p><span style=\"color: #008000\"><em>&#8211; Paqui, Del Sol y Santos<\/em><\/span><\/p>\n<p><span style=\"color: #008000\"><em>&#8211; En cuanto al futuro del club\u2026<\/em><\/span><\/p>\n<p><span style=\"color: #008000\"><em>&#8211; Creo que habr\u00e1 que conseguir los necesarios refuerzos para que el conjunto pueda alcanzar el tercer o cuarto lugar de la tabla. Lograr el t\u00edtulo ser\u00e1 muy dif\u00edcil porque, hoy por hoy, s\u00f3lo existen en Espa\u00f1a dos m\u00e1ximos aspirantes, Madrid y Barcelona, con quien resulta poco menos que imposible intentar discutirles la primac\u00eda. El Betis debe aspirar con arreglo a su nombre a hacer una brillante campa\u00f1a y \u00e9sta podr\u00eda ser considerada as\u00ed, si al final del torneo, el equipo figurase entre los m\u00e1s equipos de Espa\u00f1a.<\/em><\/span><\/p>\n<p><span style=\"color: #008000\"><em>La se\u00f1orita Dolores Conde, archivo viviente de la mejor historia b\u00e9tica, merece m\u00e1s amplia informaci\u00f3n, un m\u00e1s detenido reportaje. Son pocas, muy pocas, las mujeres que saben ver f\u00fatbol sin el apasionado fervor que los colores del club querido suelen provocar.<\/em><\/span><\/p>\n<p><span style=\"color: #008000\"><em>La se\u00f1orita Conde, Lola para sus amistades, es una excepci\u00f3n.<\/em><\/span><\/p>\n","protected":false},"excerpt":{"rendered":"<p>Ya hemos visto aqu\u00ed algunos ejemplos de entrevistas a aficionados b\u00e9ticos con motivo del ascenso a Primera Divisi\u00f3n en junio de 1958. Hoy traemos otra de estas historias, en esta ocasi\u00f3n centrada en una aficionada b\u00e9tica de la que hab\u00edamos o\u00eddo hablar en bastantes ocasiones, pero sin conocer ning\u00fan testimonio propio de ella. Se trata&#8230;<\/p>\n","protected":false},"author":5,"featured_media":63608,"comment_status":"open","ping_status":"open","sticky":false,"template":"","format":"standard","meta":{"_kad_post_transparent":"","_kad_post_title":"","_kad_post_layout":"","_kad_post_sidebar_id":"","_kad_post_content_style":"","_kad_post_vertical_padding":"","_kad_post_feature":"","_kad_post_feature_position":"","_kad_post_header":false,"_kad_post_footer":false,"_kad_post_classname":"","_jetpack_memberships_contains_paid_content":false,"footnotes":"","jetpack_publicize_message":"","jetpack_publicize_feature_enabled":true,"jetpack_social_post_already_shared":true,"jetpack_social_options":{"image_generator_settings":{"template":"highway","default_image_id":0,"font":"","enabled":false},"version":2}},"categories":[901,894,1],"tags":[2223,1237,16663],"class_list":["post-63607","post","type-post","status-publish","format-standard","has-post-thumbnail","hentry","category-1950-1959","category-la-aficion","category-portada","tag-1957-58","tag-1237","tag-dolores-conde"],"jetpack_publicize_connections":[],"jetpack_featured_media_url":"https:\/\/i0.wp.com\/www.manquepierda.com\/historiarealbetis\/files\/2018\/02\/Entrevista-Dolores-Conde-1958-NMP-Sevilla-1-06-1958.jpg?fit=345%2C606&ssl=1","jetpack_sharing_enabled":true,"jetpack_shortlink":"https:\/\/wp.me\/p1ij08-gxV","jetpack-related-posts":[],"_links":{"self":[{"href":"https:\/\/www.manquepierda.com\/historiarealbetis\/wp-json\/wp\/v2\/posts\/63607","targetHints":{"allow":["GET"]}}],"collection":[{"href":"https:\/\/www.manquepierda.com\/historiarealbetis\/wp-json\/wp\/v2\/posts"}],"about":[{"href":"https:\/\/www.manquepierda.com\/historiarealbetis\/wp-json\/wp\/v2\/types\/post"}],"author":[{"embeddable":true,"href":"https:\/\/www.manquepierda.com\/historiarealbetis\/wp-json\/wp\/v2\/users\/5"}],"replies":[{"embeddable":true,"href":"https:\/\/www.manquepierda.com\/historiarealbetis\/wp-json\/wp\/v2\/comments?post=63607"}],"version-history":[{"count":0,"href":"https:\/\/www.manquepierda.com\/historiarealbetis\/wp-json\/wp\/v2\/posts\/63607\/revisions"}],"wp:featuredmedia":[{"embeddable":true,"href":"https:\/\/www.manquepierda.com\/historiarealbetis\/wp-json\/wp\/v2\/media\/63608"}],"wp:attachment":[{"href":"https:\/\/www.manquepierda.com\/historiarealbetis\/wp-json\/wp\/v2\/media?parent=63607"}],"wp:term":[{"taxonomy":"category","embeddable":true,"href":"https:\/\/www.manquepierda.com\/historiarealbetis\/wp-json\/wp\/v2\/categories?post=63607"},{"taxonomy":"post_tag","embeddable":true,"href":"https:\/\/www.manquepierda.com\/historiarealbetis\/wp-json\/wp\/v2\/tags?post=63607"}],"curies":[{"name":"wp","href":"https:\/\/api.w.org\/{rel}","templated":true}]}}