{"id":63620,"date":"2018-02-16T07:57:18","date_gmt":"2018-02-16T06:57:18","guid":{"rendered":"http:\/\/www.manquepierda.com\/historiarealbetis\/?p=63620"},"modified":"2024-08-16T19:52:05","modified_gmt":"2024-08-16T17:52:05","slug":"alineacion-betis-real-madrid-liga-1972","status":"publish","type":"post","link":"https:\/\/www.manquepierda.com\/historiarealbetis\/alineacion-betis-real-madrid-liga-1972\/","title":{"rendered":"Alineaci\u00f3n Betis-Real Madrid Liga 1972"},"content":{"rendered":"<p><a href=\"https:\/\/i0.wp.com\/www.manquepierda.com\/historiarealbetis\/files\/2018\/02\/Alineaci%C3%B3n-Betis-Real-Madrid-Liga-1972.jpg?ssl=1\"><img data-recalc-dims=\"1\" loading=\"lazy\" decoding=\"async\" class=\"aligncenter size-medium wp-image-63621\" src=\"https:\/\/i0.wp.com\/www.manquepierda.com\/historiarealbetis\/files\/2018\/02\/Alineaci%C3%B3n-Betis-Real-Madrid-Liga-1972.jpg?resize=680%2C398&#038;ssl=1\" alt=\"\" width=\"680\" height=\"398\" srcset=\"https:\/\/i0.wp.com\/www.manquepierda.com\/historiarealbetis\/files\/2018\/02\/Alineaci%C3%B3n-Betis-Real-Madrid-Liga-1972.jpg?resize=680%2C398&amp;ssl=1 680w, https:\/\/i0.wp.com\/www.manquepierda.com\/historiarealbetis\/files\/2018\/02\/Alineaci%C3%B3n-Betis-Real-Madrid-Liga-1972.jpg?resize=220%2C129&amp;ssl=1 220w, https:\/\/i0.wp.com\/www.manquepierda.com\/historiarealbetis\/files\/2018\/02\/Alineaci%C3%B3n-Betis-Real-Madrid-Liga-1972.jpg?resize=768%2C450&amp;ssl=1 768w, https:\/\/i0.wp.com\/www.manquepierda.com\/historiarealbetis\/files\/2018\/02\/Alineaci%C3%B3n-Betis-Real-Madrid-Liga-1972.jpg?w=878&amp;ssl=1 878w\" sizes=\"auto, (max-width: 680px) 100vw, 680px\" \/><\/a><\/p>\n<p>19 de noviembre de 1972 en el Benito Villamar\u00edn Betis 2 Real Madrid 1; jornada 11 del campeonato de Liga de Primera Divisi\u00f3n.<\/p>\n<p>En la imagen arriba Campos, Bizcocho, Telech\u00eda, Cobo, Gonz\u00e1lez y Frigols; abajo Del Pozo, Jenaro, L\u00f3pez, Rogelio y Ben\u00edtez.<\/p>\n<p>Santillana adelant\u00f3 al equipo visitante en el minuto 4, pero Rogelio en el 25 y Jenaro en el 47 dieron la victoria a los verdiblancos.<\/p>\n<p>Ferenc Szusza entrenaba al Betis y Miguel Mu\u00f1oz al Real Madrid.<\/p>\n","protected":false},"excerpt":{"rendered":"<p>19 de noviembre de 1972 en el Benito Villamar\u00edn Betis 2 Real Madrid 1; jornada 11 del campeonato de Liga de Primera Divisi\u00f3n. En la imagen arriba Campos, Bizcocho, Telech\u00eda, Cobo, Gonz\u00e1lez y Frigols; abajo Del Pozo, Jenaro, L\u00f3pez, Rogelio y Ben\u00edtez. Santillana adelant\u00f3 al equipo visitante en el minuto 4, pero Rogelio en el&#8230;<\/p>\n","protected":false},"author":5,"featured_media":63621,"comment_status":"open","ping_status":"open","sticky":false,"template":"","format":"standard","meta":{"_kad_post_transparent":"","_kad_post_title":"","_kad_post_layout":"","_kad_post_sidebar_id":"","_kad_post_content_style":"","_kad_post_vertical_padding":"","_kad_post_feature":"","_kad_post_feature_position":"","_kad_post_header":false,"_kad_post_footer":false,"_kad_post_classname":"","_jetpack_memberships_contains_paid_content":false,"footnotes":"","jetpack_publicize_message":"","jetpack_publicize_feature_enabled":true,"jetpack_social_post_already_shared":true,"jetpack_social_options":{"image_generator_settings":{"template":"highway","default_image_id":0,"font":"","enabled":false},"version":2}},"categories":[903,1],"tags":[1091,2309,1120,1245,2457,2086,1178,3280,1181,17899,1303,1040,1123,13362,1396],"class_list":["post-63620","post","type-post","status-publish","format-standard","has-post-thumbnail","hentry","category-1970-1979","category-portada","tag-1091","tag-1972-73","tag-antonio-benitez","tag-francisco-bizcocho","tag-francisco-frigols","tag-francisco-telechia","tag-javier-lopez","tag-jenaro-roig","tag-juan-manuel-cobo","tag-liga-primera-1972-73","tag-manuel-campos","tag-pepe-gonzalez","tag-rafael-del-pozo","tag-real-madrid-cf","tag-rogelio-sosa"],"jetpack_publicize_connections":[],"jetpack_featured_media_url":"https:\/\/i0.wp.com\/www.manquepierda.com\/historiarealbetis\/files\/2018\/02\/Alineaci%C3%B3n-Betis-Real-Madrid-Liga-1972.jpg?fit=878%2C514&ssl=1","jetpack_sharing_enabled":true,"jetpack_shortlink":"https:\/\/wp.me\/p1ij08-gy8","jetpack-related-posts":[],"_links":{"self":[{"href":"https:\/\/www.manquepierda.com\/historiarealbetis\/wp-json\/wp\/v2\/posts\/63620","targetHints":{"allow":["GET"]}}],"collection":[{"href":"https:\/\/www.manquepierda.com\/historiarealbetis\/wp-json\/wp\/v2\/posts"}],"about":[{"href":"https:\/\/www.manquepierda.com\/historiarealbetis\/wp-json\/wp\/v2\/types\/post"}],"author":[{"embeddable":true,"href":"https:\/\/www.manquepierda.com\/historiarealbetis\/wp-json\/wp\/v2\/users\/5"}],"replies":[{"embeddable":true,"href":"https:\/\/www.manquepierda.com\/historiarealbetis\/wp-json\/wp\/v2\/comments?post=63620"}],"version-history":[{"count":1,"href":"https:\/\/www.manquepierda.com\/historiarealbetis\/wp-json\/wp\/v2\/posts\/63620\/revisions"}],"predecessor-version":[{"id":96888,"href":"https:\/\/www.manquepierda.com\/historiarealbetis\/wp-json\/wp\/v2\/posts\/63620\/revisions\/96888"}],"wp:featuredmedia":[{"embeddable":true,"href":"https:\/\/www.manquepierda.com\/historiarealbetis\/wp-json\/wp\/v2\/media\/63621"}],"wp:attachment":[{"href":"https:\/\/www.manquepierda.com\/historiarealbetis\/wp-json\/wp\/v2\/media?parent=63620"}],"wp:term":[{"taxonomy":"category","embeddable":true,"href":"https:\/\/www.manquepierda.com\/historiarealbetis\/wp-json\/wp\/v2\/categories?post=63620"},{"taxonomy":"post_tag","embeddable":true,"href":"https:\/\/www.manquepierda.com\/historiarealbetis\/wp-json\/wp\/v2\/tags?post=63620"}],"curies":[{"name":"wp","href":"https:\/\/api.w.org\/{rel}","templated":true}]}}