{"id":63623,"date":"2018-02-15T08:12:58","date_gmt":"2018-02-15T07:12:58","guid":{"rendered":"http:\/\/www.manquepierda.com\/historiarealbetis\/?p=63623"},"modified":"2024-08-18T18:30:20","modified_gmt":"2024-08-18T16:30:20","slug":"betis-real-madrid-liga-1995","status":"publish","type":"post","link":"https:\/\/www.manquepierda.com\/historiarealbetis\/betis-real-madrid-liga-1995\/","title":{"rendered":"Betis-Real Madrid Liga 1995"},"content":{"rendered":"<p><a href=\"https:\/\/i0.wp.com\/www.manquepierda.com\/historiarealbetis\/files\/2018\/02\/Betis-Real-Madrid-Liga-1995-R%C3%ADos-y-Laudrup-Marca-30-01-1995.jpg?ssl=1\"><img data-recalc-dims=\"1\" loading=\"lazy\" decoding=\"async\" class=\"aligncenter size-full wp-image-63624\" src=\"https:\/\/i0.wp.com\/www.manquepierda.com\/historiarealbetis\/files\/2018\/02\/Betis-Real-Madrid-Liga-1995-R%C3%ADos-y-Laudrup-Marca-30-01-1995.jpg?resize=578%2C390&#038;ssl=1\" alt=\"\" width=\"578\" height=\"390\" srcset=\"https:\/\/i0.wp.com\/www.manquepierda.com\/historiarealbetis\/files\/2018\/02\/Betis-Real-Madrid-Liga-1995-R%C3%ADos-y-Laudrup-Marca-30-01-1995.jpg?w=578&amp;ssl=1 578w, https:\/\/i0.wp.com\/www.manquepierda.com\/historiarealbetis\/files\/2018\/02\/Betis-Real-Madrid-Liga-1995-R%C3%ADos-y-Laudrup-Marca-30-01-1995.jpg?resize=220%2C148&amp;ssl=1 220w, https:\/\/i0.wp.com\/www.manquepierda.com\/historiarealbetis\/files\/2018\/02\/Betis-Real-Madrid-Liga-1995-R%C3%ADos-y-Laudrup-Marca-30-01-1995.jpg?resize=75%2C52&amp;ssl=1 75w\" sizes=\"auto, (max-width: 578px) 100vw, 578px\" \/><\/a><\/p>\n<p>29 de enero de 1995 en el Benito Villamar\u00edn\u00a0 Betis 0\u00a0 \u00a0Real Madrid 0; jornada 19 del Campeonato de Liga de Primera Divisi\u00f3n.<\/p>\n<p>En la imagen Michael Laudrup y Roberto R\u00edos disputan un bal\u00f3n ante la presencia del colegiado D\u00edaz Vega.<\/p>\n<p>Lorenzo Serra entrenaba al Betis y Jorge Valdano al Real Madrid.<\/p>\n","protected":false},"excerpt":{"rendered":"<p>29 de enero de 1995 en el Benito Villamar\u00edn\u00a0 Betis 0\u00a0 \u00a0Real Madrid 0; jornada 19 del Campeonato de Liga de Primera Divisi\u00f3n. En la imagen Michael Laudrup y Roberto R\u00edos disputan un bal\u00f3n ante la presencia del colegiado D\u00edaz Vega. Lorenzo Serra entrenaba al Betis y Jorge Valdano al Real Madrid.<\/p>\n","protected":false},"author":5,"featured_media":63624,"comment_status":"open","ping_status":"open","sticky":false,"template":"","format":"standard","meta":{"_kad_post_transparent":"","_kad_post_title":"","_kad_post_layout":"","_kad_post_sidebar_id":"","_kad_post_content_style":"","_kad_post_vertical_padding":"","_kad_post_feature":"","_kad_post_feature_position":"","_kad_post_header":false,"_kad_post_footer":false,"_kad_post_classname":"","_jetpack_memberships_contains_paid_content":false,"footnotes":"","jetpack_publicize_message":"","jetpack_publicize_feature_enabled":true,"jetpack_social_post_already_shared":true,"jetpack_social_options":{"image_generator_settings":{"template":"highway","default_image_id":0,"font":"","enabled":false},"version":2}},"categories":[905,1],"tags":[2460,2459,17863,10066,13362,2289],"class_list":["post-63623","post","type-post","status-publish","format-standard","has-post-thumbnail","hentry","category-1990-1999","category-portada","tag-1994-95","tag-2459","tag-liga-primera-1994-95","tag-michael-laudrup","tag-real-madrid-cf","tag-roberto-rios"],"jetpack_publicize_connections":[],"jetpack_featured_media_url":"https:\/\/i0.wp.com\/www.manquepierda.com\/historiarealbetis\/files\/2018\/02\/Betis-Real-Madrid-Liga-1995-R%C3%ADos-y-Laudrup-Marca-30-01-1995.jpg?fit=578%2C390&ssl=1","jetpack_sharing_enabled":true,"jetpack_shortlink":"https:\/\/wp.me\/p1ij08-gyb","jetpack-related-posts":[],"_links":{"self":[{"href":"https:\/\/www.manquepierda.com\/historiarealbetis\/wp-json\/wp\/v2\/posts\/63623","targetHints":{"allow":["GET"]}}],"collection":[{"href":"https:\/\/www.manquepierda.com\/historiarealbetis\/wp-json\/wp\/v2\/posts"}],"about":[{"href":"https:\/\/www.manquepierda.com\/historiarealbetis\/wp-json\/wp\/v2\/types\/post"}],"author":[{"embeddable":true,"href":"https:\/\/www.manquepierda.com\/historiarealbetis\/wp-json\/wp\/v2\/users\/5"}],"replies":[{"embeddable":true,"href":"https:\/\/www.manquepierda.com\/historiarealbetis\/wp-json\/wp\/v2\/comments?post=63623"}],"version-history":[{"count":1,"href":"https:\/\/www.manquepierda.com\/historiarealbetis\/wp-json\/wp\/v2\/posts\/63623\/revisions"}],"predecessor-version":[{"id":97084,"href":"https:\/\/www.manquepierda.com\/historiarealbetis\/wp-json\/wp\/v2\/posts\/63623\/revisions\/97084"}],"wp:featuredmedia":[{"embeddable":true,"href":"https:\/\/www.manquepierda.com\/historiarealbetis\/wp-json\/wp\/v2\/media\/63624"}],"wp:attachment":[{"href":"https:\/\/www.manquepierda.com\/historiarealbetis\/wp-json\/wp\/v2\/media?parent=63623"}],"wp:term":[{"taxonomy":"category","embeddable":true,"href":"https:\/\/www.manquepierda.com\/historiarealbetis\/wp-json\/wp\/v2\/categories?post=63623"},{"taxonomy":"post_tag","embeddable":true,"href":"https:\/\/www.manquepierda.com\/historiarealbetis\/wp-json\/wp\/v2\/tags?post=63623"}],"curies":[{"name":"wp","href":"https:\/\/api.w.org\/{rel}","templated":true}]}}