{"id":63700,"date":"2018-02-13T15:02:31","date_gmt":"2018-02-13T14:02:31","guid":{"rendered":"http:\/\/www.manquepierda.com\/historiarealbetis\/?p=63700"},"modified":"2018-02-13T15:09:53","modified_gmt":"2018-02-13T14:09:53","slug":"fallece-luis-carrriega","status":"publish","type":"post","link":"https:\/\/www.manquepierda.com\/historiarealbetis\/fallece-luis-carrriega\/","title":{"rendered":"Fallece Luis Carrriega"},"content":{"rendered":"<p><a href=\"https:\/\/i0.wp.com\/www.manquepierda.com\/historiarealbetis\/files\/2018\/02\/Fallece-Luis-Carriega.jpg?ssl=1\"><img data-recalc-dims=\"1\" loading=\"lazy\" decoding=\"async\" class=\"aligncenter size-full wp-image-63701\" src=\"https:\/\/i0.wp.com\/www.manquepierda.com\/historiarealbetis\/files\/2018\/02\/Fallece-Luis-Carriega.jpg?resize=314%2C425&#038;ssl=1\" alt=\"\" width=\"314\" height=\"425\" srcset=\"https:\/\/i0.wp.com\/www.manquepierda.com\/historiarealbetis\/files\/2018\/02\/Fallece-Luis-Carriega.jpg?w=314&amp;ssl=1 314w, https:\/\/i0.wp.com\/www.manquepierda.com\/historiarealbetis\/files\/2018\/02\/Fallece-Luis-Carriega.jpg?resize=163%2C220&amp;ssl=1 163w\" sizes=\"auto, (max-width: 314px) 100vw, 314px\" \/><\/a><\/p>\n<p>En el d\u00eda de hoy ha fallecido Luis Cid P\u00e9rez \u00abCarriega\u00bb, quien fuera entrenador del Real Betis Balompi\u00e9 en una primera etapa entre septiembre de 1979 y junio de 1981 y en una segunda desde marzo de 1985 a marzo de 1986.<\/p>\n<p>Fue as\u00ed responsable de la primera plantilla b\u00e9tica en 101 partidos de Liga en Primera Divisi\u00f3n, 22 en Copa y 4 en Copa de la Liga, adem\u00e1s de 28 amistosos.<\/p>\n<p>Carriega fue uno de los mejores entrenadores espa\u00f1oles en la d\u00e9cada de los 70 y 80, con una ampl\u00edsima experiencia que le llev\u00f3 a pasar por los banquillos de Cartagena, Tarrasa, Europa, Langreo, Sporting, Zaragoza, Sevilla, Betis, Atl\u00e9tico de Madrid, Elche, Celta, Betis, Figueres y Ourense.<\/p>\n<p>Nacido en 1929 en la localidad gallega de Allariz fue futbolista en su juventud, jugando en Segunda Divisi\u00f3n en la Orensana, Racing de Ferrol, Oviedo,\u00a0 Burgos y Cartagena.<\/p>\n<p>Para conocer m\u00e1s sobre Luis Carriega ver <a href=\"https:\/\/www.manquepierda.com\/historiarealbetis\/57819-luis-cid-carriega\/\"><strong>aqu\u00ed.<\/strong><\/a><\/p>\n<p>Descanse en Paz<\/p>\n","protected":false},"excerpt":{"rendered":"<p>En el d\u00eda de hoy ha fallecido Luis Cid P\u00e9rez \u00abCarriega\u00bb, quien fuera entrenador del Real Betis Balompi\u00e9 en una primera etapa entre septiembre de 1979 y junio de 1981 y en una segunda desde marzo de 1985 a marzo de 1986. Fue as\u00ed responsable de la primera plantilla b\u00e9tica en 101 partidos de Liga&#8230;<\/p>\n","protected":false},"author":5,"featured_media":63701,"comment_status":"open","ping_status":"open","sticky":false,"template":"","format":"standard","meta":{"_kad_post_transparent":"","_kad_post_title":"","_kad_post_layout":"","_kad_post_sidebar_id":"","_kad_post_content_style":"","_kad_post_vertical_padding":"","_kad_post_feature":"","_kad_post_feature_position":"","_kad_post_header":false,"_kad_post_footer":false,"_kad_post_classname":"","_jetpack_memberships_contains_paid_content":false,"footnotes":"","jetpack_publicize_message":"","jetpack_publicize_feature_enabled":true,"jetpack_social_post_already_shared":true,"jetpack_social_options":{"image_generator_settings":{"template":"highway","default_image_id":0,"font":"","enabled":false},"version":2}},"categories":[3,1],"tags":[1391],"class_list":["post-63700","post","type-post","status-publish","format-standard","has-post-thumbnail","hentry","category-actualidad","category-portada","tag-luis-carriega"],"jetpack_publicize_connections":[],"jetpack_featured_media_url":"https:\/\/i0.wp.com\/www.manquepierda.com\/historiarealbetis\/files\/2018\/02\/Fallece-Luis-Carriega.jpg?fit=314%2C425&ssl=1","jetpack_sharing_enabled":true,"jetpack_shortlink":"https:\/\/wp.me\/p1ij08-gzq","jetpack-related-posts":[],"_links":{"self":[{"href":"https:\/\/www.manquepierda.com\/historiarealbetis\/wp-json\/wp\/v2\/posts\/63700","targetHints":{"allow":["GET"]}}],"collection":[{"href":"https:\/\/www.manquepierda.com\/historiarealbetis\/wp-json\/wp\/v2\/posts"}],"about":[{"href":"https:\/\/www.manquepierda.com\/historiarealbetis\/wp-json\/wp\/v2\/types\/post"}],"author":[{"embeddable":true,"href":"https:\/\/www.manquepierda.com\/historiarealbetis\/wp-json\/wp\/v2\/users\/5"}],"replies":[{"embeddable":true,"href":"https:\/\/www.manquepierda.com\/historiarealbetis\/wp-json\/wp\/v2\/comments?post=63700"}],"version-history":[{"count":0,"href":"https:\/\/www.manquepierda.com\/historiarealbetis\/wp-json\/wp\/v2\/posts\/63700\/revisions"}],"wp:featuredmedia":[{"embeddable":true,"href":"https:\/\/www.manquepierda.com\/historiarealbetis\/wp-json\/wp\/v2\/media\/63701"}],"wp:attachment":[{"href":"https:\/\/www.manquepierda.com\/historiarealbetis\/wp-json\/wp\/v2\/media?parent=63700"}],"wp:term":[{"taxonomy":"category","embeddable":true,"href":"https:\/\/www.manquepierda.com\/historiarealbetis\/wp-json\/wp\/v2\/categories?post=63700"},{"taxonomy":"post_tag","embeddable":true,"href":"https:\/\/www.manquepierda.com\/historiarealbetis\/wp-json\/wp\/v2\/tags?post=63700"}],"curies":[{"name":"wp","href":"https:\/\/api.w.org\/{rel}","templated":true}]}}