{"id":63785,"date":"2018-02-23T07:26:31","date_gmt":"2018-02-23T06:26:31","guid":{"rendered":"http:\/\/www.manquepierda.com\/historiarealbetis\/?p=63785"},"modified":"2024-08-23T15:51:41","modified_gmt":"2024-08-23T13:51:41","slug":"inauguracion-del-campo-balonmano-1961","status":"publish","type":"post","link":"https:\/\/www.manquepierda.com\/historiarealbetis\/inauguracion-del-campo-balonmano-1961\/","title":{"rendered":"Inauguraci\u00f3n del campo de balonmano 1961"},"content":{"rendered":"<p><a href=\"https:\/\/i0.wp.com\/www.manquepierda.com\/historiarealbetis\/files\/2018\/02\/Inauguraci%C3%B3n-del-campo-de-balonmano-1961-NMP-Sevilla-13-11-1961.jpg?ssl=1\"><img data-recalc-dims=\"1\" loading=\"lazy\" decoding=\"async\" class=\"aligncenter size-medium wp-image-63786\" src=\"https:\/\/i0.wp.com\/www.manquepierda.com\/historiarealbetis\/files\/2018\/02\/Inauguraci%C3%B3n-del-campo-de-balonmano-1961-NMP-Sevilla-13-11-1961.jpg?resize=680%2C558&#038;ssl=1\" alt=\"\" width=\"680\" height=\"558\" srcset=\"https:\/\/i0.wp.com\/www.manquepierda.com\/historiarealbetis\/files\/2018\/02\/Inauguraci%C3%B3n-del-campo-de-balonmano-1961-NMP-Sevilla-13-11-1961.jpg?resize=680%2C558&amp;ssl=1 680w, https:\/\/i0.wp.com\/www.manquepierda.com\/historiarealbetis\/files\/2018\/02\/Inauguraci%C3%B3n-del-campo-de-balonmano-1961-NMP-Sevilla-13-11-1961.jpg?resize=220%2C181&amp;ssl=1 220w, https:\/\/i0.wp.com\/www.manquepierda.com\/historiarealbetis\/files\/2018\/02\/Inauguraci%C3%B3n-del-campo-de-balonmano-1961-NMP-Sevilla-13-11-1961.jpg?w=748&amp;ssl=1 748w\" sizes=\"auto, (max-width: 680px) 100vw, 680px\" \/><\/a><\/p>\n<p>El 13 de noviembre de 1961 se inaugura en el Colegio Claret el campo de balonmano que el Real Betis Balompi\u00e9 construye para que sus equipos disputen los partidos.<\/p>\n<p>La jornada inaugural se inici\u00f3 con la bendici\u00f3n de las instalaciones a cargo del asesor religiosos del club\u00a0 don Federico Guti\u00e9rrez, con los equipos formados en el centro del campo y ante un numeroso p\u00fablico que asisti\u00f3 a la inauguraci\u00f3n.<\/p>\n<p>&nbsp;<\/p>\n<p><a href=\"https:\/\/i0.wp.com\/www.manquepierda.com\/historiarealbetis\/files\/2018\/02\/13-Inauguraci%C3%B3n-del-campo-de-balonmano-imagen.jpg?ssl=1\"><img data-recalc-dims=\"1\" loading=\"lazy\" decoding=\"async\" class=\"aligncenter size-medium wp-image-63787\" src=\"https:\/\/i0.wp.com\/www.manquepierda.com\/historiarealbetis\/files\/2018\/02\/13-Inauguraci%C3%B3n-del-campo-de-balonmano-imagen.jpg?resize=680%2C324&#038;ssl=1\" alt=\"\" width=\"680\" height=\"324\" srcset=\"https:\/\/i0.wp.com\/www.manquepierda.com\/historiarealbetis\/files\/2018\/02\/13-Inauguraci%C3%B3n-del-campo-de-balonmano-imagen.jpg?resize=680%2C324&amp;ssl=1 680w, https:\/\/i0.wp.com\/www.manquepierda.com\/historiarealbetis\/files\/2018\/02\/13-Inauguraci%C3%B3n-del-campo-de-balonmano-imagen.jpg?resize=220%2C105&amp;ssl=1 220w, https:\/\/i0.wp.com\/www.manquepierda.com\/historiarealbetis\/files\/2018\/02\/13-Inauguraci%C3%B3n-del-campo-de-balonmano-imagen.jpg?resize=768%2C366&amp;ssl=1 768w, https:\/\/i0.wp.com\/www.manquepierda.com\/historiarealbetis\/files\/2018\/02\/13-Inauguraci%C3%B3n-del-campo-de-balonmano-imagen.jpg?resize=960%2C457&amp;ssl=1 960w, https:\/\/i0.wp.com\/www.manquepierda.com\/historiarealbetis\/files\/2018\/02\/13-Inauguraci%C3%B3n-del-campo-de-balonmano-imagen.jpg?w=1138&amp;ssl=1 1138w\" sizes=\"auto, (max-width: 680px) 100vw, 680px\" \/><\/a><\/p>\n<p>Posteriormente se celebraron dos encuentros, uno de car\u00e1cter amistoso y otro de competici\u00f3n.<\/p>\n<p>En el primero, el equipo B del Real Betis Balonmano derrot\u00f3 al del Frente de Juventudes de Jerez con bastante facilidad.<\/p>\n<p>El segundo enfrentaba al primer equipo con el de la Universidad Laboral de Sevilla, partido correspondiente al Campeonato Provincial que concluy\u00f3 con victoria verdiblanca 24-11.<\/p>\n","protected":false},"excerpt":{"rendered":"<p>El 13 de noviembre de 1961 se inaugura en el Colegio Claret el campo de balonmano que el Real Betis Balompi\u00e9 construye para que sus equipos disputen los partidos. La jornada inaugural se inici\u00f3 con la bendici\u00f3n de las instalaciones a cargo del asesor religiosos del club\u00a0 don Federico Guti\u00e9rrez, con los equipos formados en&#8230;<\/p>\n","protected":false},"author":5,"featured_media":63786,"comment_status":"open","ping_status":"open","sticky":false,"template":"","format":"standard","meta":{"_kad_post_transparent":"","_kad_post_title":"","_kad_post_layout":"","_kad_post_sidebar_id":"","_kad_post_content_style":"","_kad_post_vertical_padding":"","_kad_post_feature":"","_kad_post_feature_position":"","_kad_post_header":false,"_kad_post_footer":false,"_kad_post_classname":"","_jetpack_memberships_contains_paid_content":false,"footnotes":"","jetpack_publicize_message":"","jetpack_publicize_feature_enabled":true,"jetpack_social_post_already_shared":true,"jetpack_social_options":{"image_generator_settings":{"template":"highway","default_image_id":0,"font":"","enabled":false},"version":2}},"categories":[902,1],"tags":[2922,16671,4227,4229],"class_list":["post-63785","post","type-post","status-publish","format-standard","has-post-thumbnail","hentry","category-1960-1969","category-portada","tag-2922","tag-colegio-claret","tag-real-betis-balonmano","tag-secciones-deportivas-real-betis"],"jetpack_publicize_connections":[],"jetpack_featured_media_url":"https:\/\/i0.wp.com\/www.manquepierda.com\/historiarealbetis\/files\/2018\/02\/Inauguraci%C3%B3n-del-campo-de-balonmano-1961-NMP-Sevilla-13-11-1961.jpg?fit=748%2C614&ssl=1","jetpack_sharing_enabled":true,"jetpack_shortlink":"https:\/\/wp.me\/p1ij08-gAN","jetpack-related-posts":[],"_links":{"self":[{"href":"https:\/\/www.manquepierda.com\/historiarealbetis\/wp-json\/wp\/v2\/posts\/63785","targetHints":{"allow":["GET"]}}],"collection":[{"href":"https:\/\/www.manquepierda.com\/historiarealbetis\/wp-json\/wp\/v2\/posts"}],"about":[{"href":"https:\/\/www.manquepierda.com\/historiarealbetis\/wp-json\/wp\/v2\/types\/post"}],"author":[{"embeddable":true,"href":"https:\/\/www.manquepierda.com\/historiarealbetis\/wp-json\/wp\/v2\/users\/5"}],"replies":[{"embeddable":true,"href":"https:\/\/www.manquepierda.com\/historiarealbetis\/wp-json\/wp\/v2\/comments?post=63785"}],"version-history":[{"count":1,"href":"https:\/\/www.manquepierda.com\/historiarealbetis\/wp-json\/wp\/v2\/posts\/63785\/revisions"}],"predecessor-version":[{"id":97618,"href":"https:\/\/www.manquepierda.com\/historiarealbetis\/wp-json\/wp\/v2\/posts\/63785\/revisions\/97618"}],"wp:featuredmedia":[{"embeddable":true,"href":"https:\/\/www.manquepierda.com\/historiarealbetis\/wp-json\/wp\/v2\/media\/63786"}],"wp:attachment":[{"href":"https:\/\/www.manquepierda.com\/historiarealbetis\/wp-json\/wp\/v2\/media?parent=63785"}],"wp:term":[{"taxonomy":"category","embeddable":true,"href":"https:\/\/www.manquepierda.com\/historiarealbetis\/wp-json\/wp\/v2\/categories?post=63785"},{"taxonomy":"post_tag","embeddable":true,"href":"https:\/\/www.manquepierda.com\/historiarealbetis\/wp-json\/wp\/v2\/tags?post=63785"}],"curies":[{"name":"wp","href":"https:\/\/api.w.org\/{rel}","templated":true}]}}