{"id":63801,"date":"2018-02-26T07:24:38","date_gmt":"2018-02-26T06:24:38","guid":{"rendered":"http:\/\/www.manquepierda.com\/historiarealbetis\/?p=63801"},"modified":"2025-09-07T10:48:09","modified_gmt":"2025-09-07T08:48:09","slug":"visitamos-la-ud-levante","status":"publish","type":"post","link":"https:\/\/www.manquepierda.com\/historiarealbetis\/visitamos-la-ud-levante\/","title":{"rendered":"Visitamos al Levante UD"},"content":{"rendered":"<figure id=\"attachment_63802\" aria-describedby=\"caption-attachment-63802\" style=\"width: 680px\" class=\"wp-caption aligncenter\"><a href=\"https:\/\/i0.wp.com\/www.manquepierda.com\/historiarealbetis\/files\/2018\/02\/Levante-2011-12.jpg?ssl=1\"><img data-recalc-dims=\"1\" loading=\"lazy\" decoding=\"async\" class=\"wp-image-63802 size-medium\" src=\"https:\/\/i0.wp.com\/www.manquepierda.com\/historiarealbetis\/files\/2018\/02\/Levante-2011-12.jpg?resize=680%2C453&#038;ssl=1\" alt=\"\" width=\"680\" height=\"453\" srcset=\"https:\/\/i0.wp.com\/www.manquepierda.com\/historiarealbetis\/files\/2018\/02\/Levante-2011-12.jpg?resize=680%2C453&amp;ssl=1 680w, https:\/\/i0.wp.com\/www.manquepierda.com\/historiarealbetis\/files\/2018\/02\/Levante-2011-12.jpg?resize=220%2C146&amp;ssl=1 220w, https:\/\/i0.wp.com\/www.manquepierda.com\/historiarealbetis\/files\/2018\/02\/Levante-2011-12.jpg?w=703&amp;ssl=1 703w\" sizes=\"auto, (max-width: 680px) 100vw, 680px\" \/><\/a><figcaption id=\"caption-attachment-63802\" class=\"wp-caption-text\">El Levante en la temporada 2011-12<\/figcaption><\/figure>\n<p>Hoy \u00a0a las 21 horas visitaremos en el Ciutat de Valencia al Levante Uni\u00f3n Deportiva, club fundado en 1909 y que ha militado 12 temporadas\u00a0 en Primera Divisi\u00f3n, 39 en Segunda, 12 en Segunda B y 22 en Tercera.<\/p>\n<p>La primera visita b\u00e9tica a terreno levantinista fue el\u00a011 de Marzo de 1928 en un partido de Copa (fase clasificatoria por liguilla) y en el que el Betis venci\u00f3 0-1 con gol obra de Germ\u00e1n.<\/p>\n<p>Han sido un total de 22 las visitas del Betis a terreno levantinista, repartidas as\u00ed: 9 partidos en Liga de Primera (4 victorias del Levante, 2 empates y 3 victorias del Betis), 10 partidos en Segunda ( 6 victorias levantinistas, 1 empate y 3 victorias b\u00e9ticas), 2 partidos de Copa con sendas victorias del Betis y 1 partido del Campeonato Mancomunado Levante-Sur con victoria local.<\/p>\n<p>De estos 22 partidos 1 se jug\u00f3 en el campo de La Cruz, 1 en Mestalla, 9 en Vallejo y 11 en el actual Ciutat de Valencia, donde reside el Levante desde 1969.<\/p>\n<p>Entre los jugadores que han militado en los dos clubs podemos mencionar a Alex Alegr\u00eda, Gabriel Amato, Benito Romero, V\u00edctor Camarasa, Juan Casasas, Francisco Javier Casta\u00f1o, C\u00e9sar de Loma, Luis Cobos, Angel Cu\u00e9llar, \u00a0Antonio Del Pino, Ram\u00f3n P\u00e9rez \u201cEspej\u00edn\u201d, Jos\u00e9 Antonio Eulate, Zouahir Feddal, Juan Antonio Garc\u00eda Soriano, Juan Gonell, Tom\u00e1s Guerrero, Manuel Herrera, Jenaro Roig, Jefferson Montero, Juan Luis Amigo \u201cJuanito\u201d, Juan Luis G\u00f3mez \u201cJuanlu\u201d, Juan Manuel G\u00f3mez \u201cJuanma\u201d, Rafael Juli\u00e1, Jos\u00e9 L\u00f3pez Hidalgo, Miguel Angel Lozano, Francisco Jos\u00e9 Molinero, \u00a0Jos\u00e9 Montalvo, Vicente Morera, Ignacio P\u00e9rez \u201cNacho\u201d, Victoriano Rivas \u201cNano\u201d, Tom\u00e1s Ol\u00edas, Manuel Ordaz, Jos\u00e9 Mar\u00eda Alvarez \u201cRecha\u201d, Mariano Retamar, Alberto Rivera, H\u00e9ctor Rodas, Sergio Garc\u00eda, Xavier Torres, Joan Verd\u00fa, Francisco Javier Mu\u00f1oz \u201cXisco\u201d y Alberto Fern\u00e1ndez \u00abYurrita\u00bb.<\/p>\n<p>Entre los entrenadores Carlos Iturraspe, Fernando Daucik, Antal Dunai y Juande Ramos.<\/p>\n","protected":false},"excerpt":{"rendered":"<p>Hoy \u00a0a las 21 horas visitaremos en el Ciutat de Valencia al Levante Uni\u00f3n Deportiva, club fundado en 1909 y que ha militado 12 temporadas\u00a0 en Primera Divisi\u00f3n, 39 en Segunda, 12 en Segunda B y 22 en Tercera. La primera visita b\u00e9tica a terreno levantinista fue el\u00a011 de Marzo de 1928 en un partido&#8230;<\/p>\n","protected":false},"author":5,"featured_media":63802,"comment_status":"open","ping_status":"open","sticky":false,"template":"","format":"standard","meta":{"_kad_post_transparent":"","_kad_post_title":"","_kad_post_layout":"","_kad_post_sidebar_id":"","_kad_post_content_style":"","_kad_post_vertical_padding":"","_kad_post_feature":"","_kad_post_feature_position":"","_kad_post_header":false,"_kad_post_footer":false,"_kad_post_classname":"","_jetpack_memberships_contains_paid_content":false,"footnotes":"","jetpack_publicize_message":"","jetpack_publicize_feature_enabled":true,"jetpack_social_post_already_shared":true,"jetpack_social_options":{"image_generator_settings":{"template":"highway","default_image_id":0,"font":"","enabled":false},"version":2}},"categories":[895,1],"tags":[16416,3584,16413,1309,1150,3581,3580,3586,1343,15226,1489,3585,11700,3275,12973,1487,4003,3280,9372,1301,2354,1145,2628,1505,2318,6658,2112,2426,1213,2506,9616,13898,15318,1421,1082,1395,1416,3582,1048,1131,1335,1447,16414,1371,9544,16415],"class_list":["post-63801","post","type-post","status-publish","format-standard","has-post-thumbnail","hentry","category-los-rivales","category-portada","tag-alberto-fernandez-yurrita","tag-alberto-rivera","tag-alex-alegria","tag-angel-cuellar","tag-antal-dunai","tag-antonio-del-pino","tag-benito-romero","tag-carlos-iturraspe","tag-cesar-de-loma","tag-fernando-daucik","tag-francisco-javier-castano","tag-francisco-javier-munoz-xisco","tag-francisco-jose-molinero","tag-gabriel-amato","tag-hector-rodas","tag-ignacio-perez-nacho","tag-jefferson-montero","tag-jenaro-roig","tag-joan-verdu","tag-jose-antonio-eulate","tag-jose-lopez-hidalgo","tag-jose-maria-alvarez-recha","tag-jose-montalvo","tag-juan-antonio-garcia-soriano","tag-juan-casasas","tag-juan-luis-amigo-juanito","tag-juan-luis-gomez-juanlu","tag-juan-manuel-gomez-juanma","tag-juande-ramos","tag-julian-gonell","tag-levante-ud","tag-luis-cobos","tag-manuel-herrera","tag-manuel-ordaz","tag-mariano-retamar","tag-miguel-angel-lozano","tag-rafael-julia","tag-ramon-perez-espejin","tag-sergio-garcia","tag-tomas-guerrero","tag-tomas-olias","tag-vicente-morera","tag-victor-camarasa","tag-victoriano-rivas-nano","tag-xavi-torres","tag-zouahir-feddal"],"jetpack_publicize_connections":[],"jetpack_featured_media_url":"https:\/\/i0.wp.com\/www.manquepierda.com\/historiarealbetis\/files\/2018\/02\/Levante-2011-12.jpg?fit=703%2C468&ssl=1","jetpack_sharing_enabled":true,"jetpack_shortlink":"https:\/\/wp.me\/p1ij08-gB3","jetpack-related-posts":[],"_links":{"self":[{"href":"https:\/\/www.manquepierda.com\/historiarealbetis\/wp-json\/wp\/v2\/posts\/63801","targetHints":{"allow":["GET"]}}],"collection":[{"href":"https:\/\/www.manquepierda.com\/historiarealbetis\/wp-json\/wp\/v2\/posts"}],"about":[{"href":"https:\/\/www.manquepierda.com\/historiarealbetis\/wp-json\/wp\/v2\/types\/post"}],"author":[{"embeddable":true,"href":"https:\/\/www.manquepierda.com\/historiarealbetis\/wp-json\/wp\/v2\/users\/5"}],"replies":[{"embeddable":true,"href":"https:\/\/www.manquepierda.com\/historiarealbetis\/wp-json\/wp\/v2\/comments?post=63801"}],"version-history":[{"count":1,"href":"https:\/\/www.manquepierda.com\/historiarealbetis\/wp-json\/wp\/v2\/posts\/63801\/revisions"}],"predecessor-version":[{"id":95298,"href":"https:\/\/www.manquepierda.com\/historiarealbetis\/wp-json\/wp\/v2\/posts\/63801\/revisions\/95298"}],"wp:featuredmedia":[{"embeddable":true,"href":"https:\/\/www.manquepierda.com\/historiarealbetis\/wp-json\/wp\/v2\/media\/63802"}],"wp:attachment":[{"href":"https:\/\/www.manquepierda.com\/historiarealbetis\/wp-json\/wp\/v2\/media?parent=63801"}],"wp:term":[{"taxonomy":"category","embeddable":true,"href":"https:\/\/www.manquepierda.com\/historiarealbetis\/wp-json\/wp\/v2\/categories?post=63801"},{"taxonomy":"post_tag","embeddable":true,"href":"https:\/\/www.manquepierda.com\/historiarealbetis\/wp-json\/wp\/v2\/tags?post=63801"}],"curies":[{"name":"wp","href":"https:\/\/api.w.org\/{rel}","templated":true}]}}