{"id":63821,"date":"2023-02-28T11:00:00","date_gmt":"2023-02-28T10:00:00","guid":{"rendered":"http:\/\/www.manquepierda.com\/historiarealbetis\/?p=63821"},"modified":"2023-01-17T22:19:01","modified_gmt":"2023-01-17T21:19:01","slug":"hoy-55-anos-6","status":"publish","type":"post","link":"https:\/\/www.manquepierda.com\/historiarealbetis\/hoy-55-anos-6\/","title":{"rendered":"Hoy hace 60 a\u00f1os. Nace Pepe Mel."},"content":{"rendered":"<p><a href=\"https:\/\/i0.wp.com\/www.manquepierda.com\/historiarealbetis\/files\/2018\/02\/28-1963-Nace-Pepe-Mel.jpg?ssl=1\"><img data-recalc-dims=\"1\" loading=\"lazy\" decoding=\"async\" class=\"aligncenter size-medium wp-image-63822\" src=\"https:\/\/i0.wp.com\/www.manquepierda.com\/historiarealbetis\/files\/2018\/02\/28-1963-Nace-Pepe-Mel.jpg?resize=392%2C600&#038;ssl=1\" alt=\"\" width=\"392\" height=\"600\" srcset=\"https:\/\/i0.wp.com\/www.manquepierda.com\/historiarealbetis\/files\/2018\/02\/28-1963-Nace-Pepe-Mel.jpg?resize=392%2C600&amp;ssl=1 392w, https:\/\/i0.wp.com\/www.manquepierda.com\/historiarealbetis\/files\/2018\/02\/28-1963-Nace-Pepe-Mel.jpg?resize=144%2C220&amp;ssl=1 144w, https:\/\/i0.wp.com\/www.manquepierda.com\/historiarealbetis\/files\/2018\/02\/28-1963-Nace-Pepe-Mel.jpg?w=418&amp;ssl=1 418w\" sizes=\"auto, (max-width: 392px) 100vw, 392px\" \/><\/a><\/p>\n<p><span style=\"color: #008000\">El 28 de febrero de 1963 nace en Madrid Pepe Mel P\u00e9rez, quien fuera jugador del Real Betis Balompi\u00e9 entre los a\u00f1os 1989 y 1993, consiguiendo el t\u00edtulo de Pichichi de Segunda Divisi\u00f3n en la temporada 1989-90 con 22 goles.&nbsp;<\/span><\/p>\n<p><span style=\"color: #008000\">Posteriormente fue entrenador de la primera plantilla b\u00e9tica en 2 etapas. En la primera, durante las temporadas 2010-11, 2011-12, 2012-13 y 20 encuentros de la 2013-14,&nbsp; consigui\u00f3 ascender a la Divisi\u00f3n de Honor en su primera campa\u00f1a, y en la tercera clasific\u00f3 al equipo para competici\u00f3n europea. En su segunda \u00e9poca, desde enero de 2015 a enero de 2016 tambi\u00e9n consigui\u00f3 el ascenso a la Primera Divisi\u00f3n, siendo cesado tras la deriva del equipo.&nbsp;&nbsp;<\/span><\/p>\n","protected":false},"excerpt":{"rendered":"<p>El 28 de febrero de 1963 nace en Madrid Pepe Mel P\u00e9rez, quien fuera jugador del Real Betis Balompi\u00e9 entre los a\u00f1os 1989 y 1993, consiguiendo el t\u00edtulo de Pichichi de Segunda Divisi\u00f3n en la temporada 1989-90 con 22 goles.&nbsp; Posteriormente fue entrenador de la primera plantilla b\u00e9tica en 2 etapas. En la primera, durante&#8230;<\/p>\n","protected":false},"author":5,"featured_media":63822,"comment_status":"open","ping_status":"open","sticky":false,"template":"","format":"standard","meta":{"_kad_post_transparent":"","_kad_post_title":"","_kad_post_layout":"","_kad_post_sidebar_id":"","_kad_post_content_style":"","_kad_post_vertical_padding":"","_kad_post_feature":"","_kad_post_feature_position":"","_kad_post_header":false,"_kad_post_footer":false,"_kad_post_classname":"","_jetpack_memberships_contains_paid_content":false,"footnotes":"","jetpack_publicize_message":"","jetpack_publicize_feature_enabled":true,"jetpack_social_post_already_shared":true,"jetpack_social_options":{"image_generator_settings":{"template":"highway","default_image_id":0,"font":"","enabled":false},"version":2}},"categories":[902,14583,1],"tags":[655],"class_list":["post-63821","post","type-post","status-publish","format-standard","has-post-thumbnail","hentry","category-1960-1969","category-efemerides","category-portada","tag-pepe-mel"],"jetpack_publicize_connections":[],"jetpack_featured_media_url":"https:\/\/i0.wp.com\/www.manquepierda.com\/historiarealbetis\/files\/2018\/02\/28-1963-Nace-Pepe-Mel.jpg?fit=418%2C640&ssl=1","jetpack_sharing_enabled":true,"jetpack_shortlink":"https:\/\/wp.me\/p1ij08-gBn","jetpack-related-posts":[],"_links":{"self":[{"href":"https:\/\/www.manquepierda.com\/historiarealbetis\/wp-json\/wp\/v2\/posts\/63821","targetHints":{"allow":["GET"]}}],"collection":[{"href":"https:\/\/www.manquepierda.com\/historiarealbetis\/wp-json\/wp\/v2\/posts"}],"about":[{"href":"https:\/\/www.manquepierda.com\/historiarealbetis\/wp-json\/wp\/v2\/types\/post"}],"author":[{"embeddable":true,"href":"https:\/\/www.manquepierda.com\/historiarealbetis\/wp-json\/wp\/v2\/users\/5"}],"replies":[{"embeddable":true,"href":"https:\/\/www.manquepierda.com\/historiarealbetis\/wp-json\/wp\/v2\/comments?post=63821"}],"version-history":[{"count":2,"href":"https:\/\/www.manquepierda.com\/historiarealbetis\/wp-json\/wp\/v2\/posts\/63821\/revisions"}],"predecessor-version":[{"id":87589,"href":"https:\/\/www.manquepierda.com\/historiarealbetis\/wp-json\/wp\/v2\/posts\/63821\/revisions\/87589"}],"wp:featuredmedia":[{"embeddable":true,"href":"https:\/\/www.manquepierda.com\/historiarealbetis\/wp-json\/wp\/v2\/media\/63822"}],"wp:attachment":[{"href":"https:\/\/www.manquepierda.com\/historiarealbetis\/wp-json\/wp\/v2\/media?parent=63821"}],"wp:term":[{"taxonomy":"category","embeddable":true,"href":"https:\/\/www.manquepierda.com\/historiarealbetis\/wp-json\/wp\/v2\/categories?post=63821"},{"taxonomy":"post_tag","embeddable":true,"href":"https:\/\/www.manquepierda.com\/historiarealbetis\/wp-json\/wp\/v2\/tags?post=63821"}],"curies":[{"name":"wp","href":"https:\/\/api.w.org\/{rel}","templated":true}]}}