{"id":63921,"date":"2018-03-05T07:23:49","date_gmt":"2018-03-05T06:23:49","guid":{"rendered":"http:\/\/www.manquepierda.com\/historiarealbetis\/?p=63921"},"modified":"2018-03-02T20:40:09","modified_gmt":"2018-03-02T19:40:09","slug":"entrevista-julio-cardenosa-1978","status":"publish","type":"post","link":"https:\/\/www.manquepierda.com\/historiarealbetis\/entrevista-julio-cardenosa-1978\/","title":{"rendered":"Entrevista Julio Carde\u00f1osa 1978"},"content":{"rendered":"<p><a href=\"https:\/\/i0.wp.com\/www.manquepierda.com\/historiarealbetis\/files\/2018\/03\/1978-8-29-Poster-Carde%C3%B1osa.jpg?ssl=1\"><img data-recalc-dims=\"1\" loading=\"lazy\" decoding=\"async\" class=\"aligncenter size-medium wp-image-63922\" src=\"https:\/\/i0.wp.com\/www.manquepierda.com\/historiarealbetis\/files\/2018\/03\/1978-8-29-Poster-Carde%C3%B1osa.jpg?resize=437%2C600&#038;ssl=1\" alt=\"\" width=\"437\" height=\"600\" srcset=\"https:\/\/i0.wp.com\/www.manquepierda.com\/historiarealbetis\/files\/2018\/03\/1978-8-29-Poster-Carde%C3%B1osa.jpg?resize=437%2C600&amp;ssl=1 437w, https:\/\/i0.wp.com\/www.manquepierda.com\/historiarealbetis\/files\/2018\/03\/1978-8-29-Poster-Carde%C3%B1osa.jpg?resize=160%2C220&amp;ssl=1 160w, https:\/\/i0.wp.com\/www.manquepierda.com\/historiarealbetis\/files\/2018\/03\/1978-8-29-Poster-Carde%C3%B1osa.jpg?resize=768%2C1053&amp;ssl=1 768w, https:\/\/i0.wp.com\/www.manquepierda.com\/historiarealbetis\/files\/2018\/03\/1978-8-29-Poster-Carde%C3%B1osa.jpg?resize=510%2C700&amp;ssl=1 510w, https:\/\/i0.wp.com\/www.manquepierda.com\/historiarealbetis\/files\/2018\/03\/1978-8-29-Poster-Carde%C3%B1osa.jpg?w=1372&amp;ssl=1 1372w\" sizes=\"auto, (max-width: 437px) 100vw, 437px\" \/><\/a><\/p>\n<p>El verano 1978 fue una \u00e9poca complicada para Julio Carde\u00f1osa, quien en el mes de mayo hab\u00eda descendido a Segunda Divisi\u00f3n,\u00a0 s\u00f3lo 11 meses de ganar la Copa del Rey, y en junio hab\u00eda participado en el Mundial de Argentina con la selecci\u00f3n espa\u00f1ola. De ese campeonato siempre se habla del fallo que Carde\u00f1osa tuvo ante Brasil y que pod\u00eda haber supuesto la victoria y la clasificaci\u00f3n para la segunda parte. No se habla, por ejemplo, de que Carde\u00f1osa, a pesar de ese error, fue el jugador de la selecci\u00f3n m\u00e1s destacado en los tres partidos en los que intervino.<\/p>\n<p>Pero el verano de 1978 fue adem\u00e1s complicado para Julio Carde\u00f1osa porque durante todo el periodo estival se especul\u00f3, y mucho, con el supuesto fichaje del centrocampista verdiblanco por el FC Barcelona. Suele ser bastante corriente que cuando un equipo desciende de Primera a Segunda se deshaga de sus figuras con el fin de enderezar su econom\u00eda. No fue ese el caso del Betis en esa pretemporada, pues aunque hubo rumores sobre la salida de las figuras b\u00e9ticas (Carde\u00f1osa, Biosca, L\u00f3pez, Gordillo, Ben\u00edtez, Alabanda hab\u00edan sido internacionales hac\u00eda muy poco), el club determin\u00f3 que no se desprender\u00eda de ninguna de sus figuras. A pesar del descenso la econom\u00eda del club estaba en buenas condiciones y el objetivo era el retorno inmediato a la m\u00e1xima categor\u00eda, para lo que se contaba con los mejores jugadores.<\/p>\n<p>En esta entrevista del periodista Manolo Rodr\u00edguez, publicada en El Correo de Andaluc\u00eda el 10 de agosto, cuando ya se hab\u00eda hecho p\u00fablico que Carde\u00f1osa no ir\u00eda al Barcelona, se tocan estos asuntos desde la perspectiva del jugador, que ve\u00eda alejarse la posibilidad de una sustancia mejor\u00eda econ\u00f3mica y jugar en el conjunto azulgrana, aunque no por ello dejaba de manifestar su conformidad por jugar en el Betis y contribuir a recuperar la categor\u00eda perdida.<\/p>\n<p>&nbsp;<\/p>\n<p>&nbsp;<\/p>\n<p><span style=\"color: #008000\"><em>El Betis dijo lo que pensaba, madur\u00f3 las cuestiones relativas a los posibles traspasos de sus jugadores claves y se decidi\u00f3 a no vender a nadie. Ese \u201cno se traspasa\u201d que entonaron los rectores b\u00e9ticos ten\u00eda al menos tres nombres a los que apuntar, pero su santo y se\u00f1a se llama Julio y lo apodan \u201cflaco\u201d. Su nombre de guerra: Carde\u00f1osa.<\/em><\/span><\/p>\n<ul>\n<li><span style=\"color: #008000\"><em>Fin de trayecto, Julio<\/em><\/span><\/li>\n<li><span style=\"color: #008000\"><em>S\u00ed, parece que s\u00ed<\/em><\/span><\/li>\n<li><span style=\"color: #008000\"><em>\u00bfMolesto, triste?<\/em><\/span><\/li>\n<li><span style=\"color: #008000\"><em>No, desde luego a m\u00ed me hubiera gustado marchar al Barcelona, porque era un gran club y porque all\u00ed pod\u00eda culminar mi carrera. Pero la Junta Directiva del Betis no ha cre\u00eddo conveniente traspasarme y me quedo encantado. Sin ning\u00fan problema. Ahora lo que espero es que haya un di\u00e1logo con la directiva y lleguemos a un acuerdo<\/em><\/span><\/li>\n<li><span style=\"color: #008000\"><em>\u00bfAhora s\u00f3lo piensas ya en el Betis?<\/em><\/span><\/li>\n<li><span style=\"color: #008000\"><em>Hombre, es l\u00f3gico que siempre te quede un poco de miel en los labios, pero desde luego hay que centrarse en el Betis y en el ascenso, puesto que yo le debo al Betis todo lo que soy. Por otra parte, estas circunstancias ya me hacen pensar que voy a terminar mi vida deportiva aqu\u00ed y que tengo que defender al Betis<\/em><\/span><\/li>\n<li><span style=\"color: #008000\"><em>\u00bfEl Betis puede contrarrestar ese dinero que va a dejar de ganar Carde\u00f1osa en el Barcelona?<\/em><\/span><\/li>\n<li><span style=\"color: #008000\"><em>Soy consciente de que el Betis no es el Barcelona, pero estoy seguro de que la Directiva va a estudiar el tema con mucho cari\u00f1o<\/em><\/span><\/li>\n<li><span style=\"color: #008000\"><em>\u00bfSe te va a renovar el contrato por algunos a\u00f1os m\u00e1s?<\/em><\/span><\/li>\n<li><span style=\"color: #008000\"><em>No lo s\u00e9, espero que s\u00ed<\/em><\/span><\/li>\n<li><span style=\"color: #008000\"><em>Parece que el Barcelona no lleg\u00f3 a hacer ninguna oferta concreta\u2026<\/em><\/span><\/li>\n<li><span style=\"color: #008000\"><em>Creo que ha habido de todo, ofertas directas y otras por medio de intermediarios. Seg\u00fan tengo entendido, Jos\u00e9 Luis N\u00fa\u00f1ez estuvo hablando con los directivos, pero la oferta no era buena<\/em><\/span><\/li>\n<li><span style=\"color: #008000\"><em>\u00bfContigo hablaron?<\/em><\/span><\/li>\n<li><span style=\"color: #008000\"><em>Muy superficialmente. Pero lo que pienso es que el Barcelona lo ha hecho muy mal. Porque si habla conmigo podr\u00eda haber encontrado facilidades, ya que yo hubiera hablado con el club y les habr\u00eda puesto en antecedentes de c\u00f3mo respiraba el Betis. Pero yo creo que, m\u00e1s que conmigo, han jugado con Solsona, ya que este no les interesaba y tan solamente han estado para ver si el Betis rebajaba sus pretensiones y se decid\u00eda a venderme al precio que ellos quer\u00edan. Pero es lamentable que se juegue as\u00ed con dos personas<\/em><\/span><\/li>\n<li><span style=\"color: #008000\"><em>Ahora queda la segunda, las patadas, \u00bfte asustan?<\/em><\/span><\/li>\n<li><span style=\"color: #008000\"><em>S\u00ed me asustan un poco las patadas. Por eso creo que tenemos que mentalizarnos todos de que habr\u00e1 partidos en que Carde\u00f1osa quiz\u00e1 no la toque, ya que s\u00f3lo el hecho de haber estado en los Mundiales y de ser un jugador con nombre puede hacer que los contrarios me marquen de un modo especial. Por eso dec\u00eda que es necesario que la afici\u00f3n sea consciente de esto<\/em><\/span><\/li>\n<li><span style=\"color: #008000\"><em>\u00bfKubala se olvidar\u00e1 de que en Segunda hay un jugador que se llama Carde\u00f1osa?<\/em><\/span><\/li>\n<li><span style=\"color: #008000\"><em>Ese es otro h\u00e1ndicap, pues parece que Kubala s\u00f3lo cuenta con los de Primera. Todo depende, desde luego, de c\u00f3mo marche el Betis y de c\u00f3mo marche Carde\u00f1osa<\/em><\/span><\/li>\n<li><span style=\"color: #008000\"><em>Pero Carde\u00f1osa tiene carisma en la selecci\u00f3n\u2026<\/em><\/span><\/li>\n<li><span style=\"color: #008000\"><em>Pienso que el Mundial va a ayudarme a seguir manteniendo un nombre y creo que en los primeros partidos seguir\u00e9 en la selecci\u00f3n. Despu\u00e9s, ya veremos lo que pasa<\/em><\/span><\/li>\n<li><span style=\"color: #008000\"><em>\u00bfTe han hablado del homenaje?<\/em><\/span><\/li>\n<li><span style=\"color: #008000\"><em>No, de momento, a\u00fan no hemos hablado nada. Pienso que habr\u00e1 que hablar con la directiva y terminar de concretar todos estos detalles<\/em><\/span><\/li>\n<li><span style=\"color: #008000\"><em>La afici\u00f3n se ha vuelto loca al conocer que Julio Carde\u00f1osa sigue<\/em><\/span><\/li>\n<li><span style=\"color: #008000\"><em>S\u00ed, s\u00e9 que la mayor\u00eda de la gente est\u00e1 conmigo y que deseaban seguir viendo a Carde\u00f1osa vestido de verde y blanco. Vuelvo a decir que me hubiera gustado marcharme, porque hubiera supuesto un avance importante en mi carrera, pero ahora, al quedarme en el Betis, despu\u00e9s de estas muestras de afecto por parte de la afici\u00f3n, voy a jugar con m\u00e1s cari\u00f1o, pues me han demostrado que quieren a Carde\u00f1osa en el Betis<\/em><\/span><\/li>\n<li><span style=\"color: #008000\"><em>Aunque est\u00e9s l\u00f3gicamente triste por quedarte, \u00bfte sientes molesto con ese Barcelona que nunca jug\u00f3 limpio?<\/em><\/span><\/li>\n<li><span style=\"color: #008000\"><em>No estoy triste por quedarme en Sevilla. Lo que me sent\u00eda era intranquilo por no sabe c\u00f3mo iba a ser mi futuro. Desde luego, comprendo que el Barcelona no ha ido por derecho, que nunca dijo con claridad lo que quer\u00eda y que ofreci\u00f3 jugadores, pero nunca cifras concretas<\/em><\/span><\/li>\n<\/ul>\n<p><span style=\"color: #008000\"><em>Julio Carde\u00f1osa ha sido aceptar su futuro y no se le advierte en los ojos ninguna muestra de disconformidad con la decisi\u00f3n que hipoteca su carrera en el Villamar\u00edn. Julio Carde\u00f1osa ha nadado varios d\u00edas entre las apetitosas, pero inconcretas ofertas de un Barcelona que se pas\u00f3 de listo, y las muestras de cari\u00f1o de una afici\u00f3n que lo idolatra.<\/em><\/span><\/p>\n<p><span style=\"color: #008000\"><em>A Julio Carde\u00f1osa lo han obligado a quedarse en Sevilla y est\u00e1 contento. Ahora es el Betis el que tiene que estar a su nivel.<\/em><\/span><\/p>\n<p>&nbsp;<\/p>\n<p>Fuente: Manolo Rodr\u00edguez en El Correo de Andaluc\u00eda 10 de agosto de 1978<\/p>\n<p>&nbsp;<\/p>\n","protected":false},"excerpt":{"rendered":"<p>El verano 1978 fue una \u00e9poca complicada para Julio Carde\u00f1osa, quien en el mes de mayo hab\u00eda descendido a Segunda Divisi\u00f3n,\u00a0 s\u00f3lo 11 meses de ganar la Copa del Rey, y en junio hab\u00eda participado en el Mundial de Argentina con la selecci\u00f3n espa\u00f1ola. De ese campeonato siempre se habla del fallo que Carde\u00f1osa tuvo&#8230;<\/p>\n","protected":false},"author":5,"featured_media":63922,"comment_status":"open","ping_status":"open","sticky":false,"template":"","format":"standard","meta":{"_kad_post_transparent":"","_kad_post_title":"","_kad_post_layout":"","_kad_post_sidebar_id":"","_kad_post_content_style":"","_kad_post_vertical_padding":"","_kad_post_feature":"","_kad_post_feature_position":"","_kad_post_header":false,"_kad_post_footer":false,"_kad_post_classname":"","_jetpack_memberships_contains_paid_content":false,"footnotes":"","jetpack_publicize_message":"","jetpack_publicize_feature_enabled":true,"jetpack_social_post_already_shared":true,"jetpack_social_options":{"image_generator_settings":{"template":"highway","default_image_id":0,"font":"","enabled":false},"version":2}},"categories":[903,893,1],"tags":[59,2227,1155,3570],"class_list":["post-63921","post","type-post","status-publish","format-standard","has-post-thumbnail","hentry","category-1970-1979","category-jugadores-temas","category-portada","tag-59","tag-1978-79","tag-julio-cardenosa","tag-manolo-rodriguez"],"jetpack_publicize_connections":[],"jetpack_featured_media_url":"https:\/\/i0.wp.com\/www.manquepierda.com\/historiarealbetis\/files\/2018\/03\/1978-8-29-Poster-Carde%C3%B1osa.jpg?fit=1372%2C1882&ssl=1","jetpack_sharing_enabled":true,"jetpack_shortlink":"https:\/\/wp.me\/p1ij08-gCZ","jetpack-related-posts":[],"_links":{"self":[{"href":"https:\/\/www.manquepierda.com\/historiarealbetis\/wp-json\/wp\/v2\/posts\/63921","targetHints":{"allow":["GET"]}}],"collection":[{"href":"https:\/\/www.manquepierda.com\/historiarealbetis\/wp-json\/wp\/v2\/posts"}],"about":[{"href":"https:\/\/www.manquepierda.com\/historiarealbetis\/wp-json\/wp\/v2\/types\/post"}],"author":[{"embeddable":true,"href":"https:\/\/www.manquepierda.com\/historiarealbetis\/wp-json\/wp\/v2\/users\/5"}],"replies":[{"embeddable":true,"href":"https:\/\/www.manquepierda.com\/historiarealbetis\/wp-json\/wp\/v2\/comments?post=63921"}],"version-history":[{"count":0,"href":"https:\/\/www.manquepierda.com\/historiarealbetis\/wp-json\/wp\/v2\/posts\/63921\/revisions"}],"wp:featuredmedia":[{"embeddable":true,"href":"https:\/\/www.manquepierda.com\/historiarealbetis\/wp-json\/wp\/v2\/media\/63922"}],"wp:attachment":[{"href":"https:\/\/www.manquepierda.com\/historiarealbetis\/wp-json\/wp\/v2\/media?parent=63921"}],"wp:term":[{"taxonomy":"category","embeddable":true,"href":"https:\/\/www.manquepierda.com\/historiarealbetis\/wp-json\/wp\/v2\/categories?post=63921"},{"taxonomy":"post_tag","embeddable":true,"href":"https:\/\/www.manquepierda.com\/historiarealbetis\/wp-json\/wp\/v2\/tags?post=63921"}],"curies":[{"name":"wp","href":"https:\/\/api.w.org\/{rel}","templated":true}]}}