{"id":64263,"date":"2018-03-31T09:25:02","date_gmt":"2018-03-31T07:25:02","guid":{"rendered":"http:\/\/www.manquepierda.com\/historiarealbetis\/?p=64263"},"modified":"2024-08-19T09:50:30","modified_gmt":"2024-08-19T07:50:30","slug":"getafe-betis-liga-2000","status":"publish","type":"post","link":"https:\/\/www.manquepierda.com\/historiarealbetis\/getafe-betis-liga-2000\/","title":{"rendered":"Getafe-Betis Liga 2000"},"content":{"rendered":"<p>&nbsp;<\/p>\n<p><a href=\"https:\/\/i0.wp.com\/www.manquepierda.com\/historiarealbetis\/files\/2018\/03\/Getafe-Betis-Gol-de-Joaqu%C3%ADn-Liga-2000.jpg?ssl=1\"><img data-recalc-dims=\"1\" loading=\"lazy\" decoding=\"async\" class=\"aligncenter wp-image-64264 size-medium\" src=\"https:\/\/i0.wp.com\/www.manquepierda.com\/historiarealbetis\/files\/2018\/03\/Getafe-Betis-Gol-de-Joaqu%C3%ADn-Liga-2000.jpg?resize=680%2C573&#038;ssl=1\" alt=\"\" width=\"680\" height=\"573\" srcset=\"https:\/\/i0.wp.com\/www.manquepierda.com\/historiarealbetis\/files\/2018\/03\/Getafe-Betis-Gol-de-Joaqu%C3%ADn-Liga-2000.jpg?resize=680%2C573&amp;ssl=1 680w, https:\/\/i0.wp.com\/www.manquepierda.com\/historiarealbetis\/files\/2018\/03\/Getafe-Betis-Gol-de-Joaqu%C3%ADn-Liga-2000.jpg?resize=220%2C186&amp;ssl=1 220w, https:\/\/i0.wp.com\/www.manquepierda.com\/historiarealbetis\/files\/2018\/03\/Getafe-Betis-Gol-de-Joaqu%C3%ADn-Liga-2000.jpg?resize=768%2C648&amp;ssl=1 768w, https:\/\/i0.wp.com\/www.manquepierda.com\/historiarealbetis\/files\/2018\/03\/Getafe-Betis-Gol-de-Joaqu%C3%ADn-Liga-2000.jpg?resize=830%2C700&amp;ssl=1 830w, https:\/\/i0.wp.com\/www.manquepierda.com\/historiarealbetis\/files\/2018\/03\/Getafe-Betis-Gol-de-Joaqu%C3%ADn-Liga-2000.jpg?w=1340&amp;ssl=1 1340w\" sizes=\"auto, (max-width: 680px) 100vw, 680px\" \/><\/a><\/p>\n<p>20 de diciembre de 2000 en el Coliseum Alfonso P\u00e9rez Getafe 0\u00a0 Betis 2; jornada 18 del Campeonato de Liga de Segunda Divisi\u00f3n.<\/p>\n<p>En la imagen Joaqu\u00edn celebra el primer gol b\u00e9tico, obtenido en el minuto 37, junto a Arzu, Capi y Filipescu. En el 89 Cu\u00e9llar har\u00eda el 0-2 definitivo.<\/p>\n<p>Manuel Cano entrenaba al Getafe y Fernando V\u00e1zquez el Betis.<\/p>\n","protected":false},"excerpt":{"rendered":"<p>&nbsp; 20 de diciembre de 2000 en el Coliseum Alfonso P\u00e9rez Getafe 0\u00a0 Betis 2; jornada 18 del Campeonato de Liga de Segunda Divisi\u00f3n. En la imagen Joaqu\u00edn celebra el primer gol b\u00e9tico, obtenido en el minuto 37, junto a Arzu, Capi y Filipescu. En el 89 Cu\u00e9llar har\u00eda el 0-2 definitivo. Manuel Cano entrenaba&#8230;<\/p>\n","protected":false},"author":5,"featured_media":64264,"comment_status":"open","ping_status":"open","sticky":false,"template":"","format":"standard","meta":{"_kad_post_transparent":"","_kad_post_title":"","_kad_post_layout":"","_kad_post_sidebar_id":"","_kad_post_content_style":"","_kad_post_vertical_padding":"","_kad_post_feature":"","_kad_post_feature_position":"","_kad_post_header":false,"_kad_post_footer":false,"_kad_post_classname":"","_jetpack_memberships_contains_paid_content":false,"footnotes":"","jetpack_publicize_message":"","jetpack_publicize_feature_enabled":true,"jetpack_social_post_already_shared":true,"jetpack_social_options":{"image_generator_settings":{"template":"highway","default_image_id":0,"font":"","enabled":false},"version":2}},"categories":[4823,1],"tags":[6730,2230,1341,403,4957,3127,3912,17895],"class_list":["post-64263","post","type-post","status-publish","format-standard","has-post-thumbnail","hentry","category-2000-2009","category-portada","tag-6730","tag-2000-01","tag-arturo-garcia-arzu","tag-getafe-cf","tag-iulian-filipescu","tag-jesus-capitan-capi","tag-joaquin-sanchez","tag-liga-segunda-2000-01"],"jetpack_publicize_connections":[],"jetpack_featured_media_url":"https:\/\/i0.wp.com\/www.manquepierda.com\/historiarealbetis\/files\/2018\/03\/Getafe-Betis-Gol-de-Joaqu%C3%ADn-Liga-2000.jpg?fit=1340%2C1130&ssl=1","jetpack_sharing_enabled":true,"jetpack_shortlink":"https:\/\/wp.me\/p1ij08-gIv","jetpack-related-posts":[],"_links":{"self":[{"href":"https:\/\/www.manquepierda.com\/historiarealbetis\/wp-json\/wp\/v2\/posts\/64263","targetHints":{"allow":["GET"]}}],"collection":[{"href":"https:\/\/www.manquepierda.com\/historiarealbetis\/wp-json\/wp\/v2\/posts"}],"about":[{"href":"https:\/\/www.manquepierda.com\/historiarealbetis\/wp-json\/wp\/v2\/types\/post"}],"author":[{"embeddable":true,"href":"https:\/\/www.manquepierda.com\/historiarealbetis\/wp-json\/wp\/v2\/users\/5"}],"replies":[{"embeddable":true,"href":"https:\/\/www.manquepierda.com\/historiarealbetis\/wp-json\/wp\/v2\/comments?post=64263"}],"version-history":[{"count":1,"href":"https:\/\/www.manquepierda.com\/historiarealbetis\/wp-json\/wp\/v2\/posts\/64263\/revisions"}],"predecessor-version":[{"id":97135,"href":"https:\/\/www.manquepierda.com\/historiarealbetis\/wp-json\/wp\/v2\/posts\/64263\/revisions\/97135"}],"wp:featuredmedia":[{"embeddable":true,"href":"https:\/\/www.manquepierda.com\/historiarealbetis\/wp-json\/wp\/v2\/media\/64264"}],"wp:attachment":[{"href":"https:\/\/www.manquepierda.com\/historiarealbetis\/wp-json\/wp\/v2\/media?parent=64263"}],"wp:term":[{"taxonomy":"category","embeddable":true,"href":"https:\/\/www.manquepierda.com\/historiarealbetis\/wp-json\/wp\/v2\/categories?post=64263"},{"taxonomy":"post_tag","embeddable":true,"href":"https:\/\/www.manquepierda.com\/historiarealbetis\/wp-json\/wp\/v2\/tags?post=64263"}],"curies":[{"name":"wp","href":"https:\/\/api.w.org\/{rel}","templated":true}]}}