{"id":64287,"date":"2022-03-27T11:00:00","date_gmt":"2022-03-27T09:00:00","guid":{"rendered":"http:\/\/www.manquepierda.com\/historiarealbetis\/?p=64287"},"modified":"2024-08-28T11:26:08","modified_gmt":"2024-08-28T09:26:08","slug":"hoy-16-anos-4","status":"publish","type":"post","link":"https:\/\/www.manquepierda.com\/historiarealbetis\/hoy-16-anos-4\/","title":{"rendered":"Hoy hace 20 a\u00f1os. Debut de Jes\u00fas Capit\u00e1n \u00abCapi\u00bb con la selecci\u00f3n."},"content":{"rendered":"<p><a href=\"https:\/\/i0.wp.com\/www.manquepierda.com\/historiarealbetis\/files\/2018\/03\/27-2002-Debut-de-Capi.jpg?ssl=1\"><img data-recalc-dims=\"1\" loading=\"lazy\" decoding=\"async\" class=\"aligncenter size-full wp-image-64288\" src=\"https:\/\/i0.wp.com\/www.manquepierda.com\/historiarealbetis\/files\/2018\/03\/27-2002-Debut-de-Capi.jpg?resize=330%2C440&#038;ssl=1\" alt=\"\" width=\"330\" height=\"440\" srcset=\"https:\/\/i0.wp.com\/www.manquepierda.com\/historiarealbetis\/files\/2018\/03\/27-2002-Debut-de-Capi.jpg?w=330&amp;ssl=1 330w, https:\/\/i0.wp.com\/www.manquepierda.com\/historiarealbetis\/files\/2018\/03\/27-2002-Debut-de-Capi.jpg?resize=165%2C220&amp;ssl=1 165w\" sizes=\"auto, (max-width: 330px) 100vw, 330px\" \/><\/a><\/p>\n<p><span style=\"color: #008000\">El 27 de marzo de 2002 debuta con la selecci\u00f3n absoluta Jes\u00fas Capit\u00e1n \u00abCapi\u00bb en el partido amistoso que enfrenta a Holanda y Espa\u00f1a en el estadio De Kuip de Rotterdam, y que concluy\u00f3 con victoria local por 1 a 0.<\/span><\/p>\n<p><span style=\"color: #008000\">Capi debuta al inicio de la segunda parte, cuando sustituye a otro jugador b\u00e9tico, Joaqu\u00edn S\u00e1nchez.&nbsp;<\/span><\/p>\n<p><span style=\"color: #008000\">Capi fue internacional en 4 ocasiones, siempre perteneciendo al Real Betis Balompi\u00e9.&nbsp;<\/span><\/p>\n","protected":false},"excerpt":{"rendered":"<p>El 27 de marzo de 2002 debuta con la selecci\u00f3n absoluta Jes\u00fas Capit\u00e1n \u00abCapi\u00bb en el partido amistoso que enfrenta a Holanda y Espa\u00f1a en el estadio De Kuip de Rotterdam, y que concluy\u00f3 con victoria local por 1 a 0. Capi debuta al inicio de la segunda parte, cuando sustituye a otro jugador b\u00e9tico,&#8230;<\/p>\n","protected":false},"author":5,"featured_media":64288,"comment_status":"open","ping_status":"open","sticky":false,"template":"","format":"standard","meta":{"_kad_post_transparent":"","_kad_post_title":"","_kad_post_layout":"","_kad_post_sidebar_id":"","_kad_post_content_style":"","_kad_post_vertical_padding":"","_kad_post_feature":"","_kad_post_feature_position":"","_kad_post_header":false,"_kad_post_footer":false,"_kad_post_classname":"","_jetpack_memberships_contains_paid_content":false,"footnotes":"","jetpack_publicize_message":"","jetpack_publicize_feature_enabled":true,"jetpack_social_post_already_shared":true,"jetpack_social_options":{"image_generator_settings":{"template":"highway","default_image_id":0,"font":"","enabled":false},"version":2}},"categories":[4823,14583,1],"tags":[4824,3127,1586],"class_list":["post-64287","post","type-post","status-publish","format-standard","has-post-thumbnail","hentry","category-2000-2009","category-efemerides","category-portada","tag-4824","tag-jesus-capitan-capi","tag-seleccion-espanola"],"jetpack_publicize_connections":[],"jetpack_featured_media_url":"https:\/\/i0.wp.com\/www.manquepierda.com\/historiarealbetis\/files\/2018\/03\/27-2002-Debut-de-Capi.jpg?fit=330%2C440&ssl=1","jetpack_sharing_enabled":true,"jetpack_shortlink":"https:\/\/wp.me\/p1ij08-gIT","jetpack-related-posts":[],"_links":{"self":[{"href":"https:\/\/www.manquepierda.com\/historiarealbetis\/wp-json\/wp\/v2\/posts\/64287","targetHints":{"allow":["GET"]}}],"collection":[{"href":"https:\/\/www.manquepierda.com\/historiarealbetis\/wp-json\/wp\/v2\/posts"}],"about":[{"href":"https:\/\/www.manquepierda.com\/historiarealbetis\/wp-json\/wp\/v2\/types\/post"}],"author":[{"embeddable":true,"href":"https:\/\/www.manquepierda.com\/historiarealbetis\/wp-json\/wp\/v2\/users\/5"}],"replies":[{"embeddable":true,"href":"https:\/\/www.manquepierda.com\/historiarealbetis\/wp-json\/wp\/v2\/comments?post=64287"}],"version-history":[{"count":1,"href":"https:\/\/www.manquepierda.com\/historiarealbetis\/wp-json\/wp\/v2\/posts\/64287\/revisions"}],"predecessor-version":[{"id":83396,"href":"https:\/\/www.manquepierda.com\/historiarealbetis\/wp-json\/wp\/v2\/posts\/64287\/revisions\/83396"}],"wp:featuredmedia":[{"embeddable":true,"href":"https:\/\/www.manquepierda.com\/historiarealbetis\/wp-json\/wp\/v2\/media\/64288"}],"wp:attachment":[{"href":"https:\/\/www.manquepierda.com\/historiarealbetis\/wp-json\/wp\/v2\/media?parent=64287"}],"wp:term":[{"taxonomy":"category","embeddable":true,"href":"https:\/\/www.manquepierda.com\/historiarealbetis\/wp-json\/wp\/v2\/categories?post=64287"},{"taxonomy":"post_tag","embeddable":true,"href":"https:\/\/www.manquepierda.com\/historiarealbetis\/wp-json\/wp\/v2\/tags?post=64287"}],"curies":[{"name":"wp","href":"https:\/\/api.w.org\/{rel}","templated":true}]}}