{"id":64343,"date":"2018-03-30T08:31:25","date_gmt":"2018-03-30T06:31:25","guid":{"rendered":"http:\/\/www.manquepierda.com\/historiarealbetis\/?p=64343"},"modified":"2024-10-23T07:41:31","modified_gmt":"2024-10-23T05:41:31","slug":"betis-ferroviaria-1947","status":"publish","type":"post","link":"https:\/\/www.manquepierda.com\/historiarealbetis\/betis-ferroviaria-1947\/","title":{"rendered":"Betis-Ferroviaria Liga 1947"},"content":{"rendered":"<p><a href=\"https:\/\/i0.wp.com\/www.manquepierda.com\/historiarealbetis\/files\/2018\/03\/Betis-Ferroviaria-1947.jpg?ssl=1\"><img data-recalc-dims=\"1\" loading=\"lazy\" decoding=\"async\" class=\"aligncenter size-full wp-image-64344\" src=\"https:\/\/i0.wp.com\/www.manquepierda.com\/historiarealbetis\/files\/2018\/03\/Betis-Ferroviaria-1947.jpg?resize=596%2C363&#038;ssl=1\" alt=\"\" width=\"596\" height=\"363\" srcset=\"https:\/\/i0.wp.com\/www.manquepierda.com\/historiarealbetis\/files\/2018\/03\/Betis-Ferroviaria-1947.jpg?w=596&amp;ssl=1 596w, https:\/\/i0.wp.com\/www.manquepierda.com\/historiarealbetis\/files\/2018\/03\/Betis-Ferroviaria-1947.jpg?resize=220%2C134&amp;ssl=1 220w\" sizes=\"auto, (max-width: 596px) 100vw, 596px\" \/><\/a><\/p>\n<p>16 de noviembre de 1947\u00a0 Betis\u00a0 3\u00a0 \u00a0Ferroviaria 0; jornada 8 del Campeonato de Liga de Tercera Divisi\u00f3n.<\/p>\n<p>En la imagen Angel Mart\u00edn \u00abSaro\u00bb hace entrega al capit\u00e1n del equipo madrile\u00f1o un bander\u00edn como recuerdo de la primera visita oficial a terreno verdiblanco, en presencia del colegiado Fern\u00e1ndez De la Torre.<\/p>\n<p>Pe\u00f1a, Saro y Castillo fueron los autores de los 3 goles que llevaron al Betis a la tercera posici\u00f3n de la tabla.<\/p>\n<p>Jos\u00e9 Su\u00e1rez \u00abPeral\u00bb entrenaba al Betis.<\/p>\n<p>&nbsp;<\/p>\n","protected":false},"excerpt":{"rendered":"<p>16 de noviembre de 1947\u00a0 Betis\u00a0 3\u00a0 \u00a0Ferroviaria 0; jornada 8 del Campeonato de Liga de Tercera Divisi\u00f3n. En la imagen Angel Mart\u00edn \u00abSaro\u00bb hace entrega al capit\u00e1n del equipo madrile\u00f1o un bander\u00edn como recuerdo de la primera visita oficial a terreno verdiblanco, en presencia del colegiado Fern\u00e1ndez De la Torre. Pe\u00f1a, Saro y Castillo&#8230;<\/p>\n","protected":false},"author":5,"featured_media":64344,"comment_status":"open","ping_status":"open","sticky":false,"template":"","format":"standard","meta":{"_kad_post_transparent":"","_kad_post_title":"","_kad_post_layout":"","_kad_post_sidebar_id":"","_kad_post_content_style":"","_kad_post_vertical_padding":"","_kad_post_feature":"","_kad_post_feature_position":"","_kad_post_header":false,"_kad_post_footer":false,"_kad_post_classname":"","_jetpack_memberships_contains_paid_content":false,"footnotes":"","jetpack_publicize_message":"","jetpack_publicize_feature_enabled":true,"jetpack_social_post_already_shared":true,"jetpack_social_options":{"image_generator_settings":{"template":"highway","default_image_id":0,"font":"","enabled":false},"version":2}},"categories":[900,1],"tags":[52,10150,11811,1057,17781],"class_list":["post-64343","post","type-post","status-publish","format-standard","has-post-thumbnail","hentry","category-1940-1949","category-portada","tag-52","tag-1947-48","tag-agrupacion-deportiva-ferroviaria","tag-angel-martin-saro","tag-liga-tercera-1947-48"],"jetpack_publicize_connections":[],"jetpack_featured_media_url":"https:\/\/i0.wp.com\/www.manquepierda.com\/historiarealbetis\/files\/2018\/03\/Betis-Ferroviaria-1947.jpg?fit=596%2C363&ssl=1","jetpack_sharing_enabled":true,"jetpack_shortlink":"https:\/\/wp.me\/p1ij08-gJN","jetpack-related-posts":[],"_links":{"self":[{"href":"https:\/\/www.manquepierda.com\/historiarealbetis\/wp-json\/wp\/v2\/posts\/64343","targetHints":{"allow":["GET"]}}],"collection":[{"href":"https:\/\/www.manquepierda.com\/historiarealbetis\/wp-json\/wp\/v2\/posts"}],"about":[{"href":"https:\/\/www.manquepierda.com\/historiarealbetis\/wp-json\/wp\/v2\/types\/post"}],"author":[{"embeddable":true,"href":"https:\/\/www.manquepierda.com\/historiarealbetis\/wp-json\/wp\/v2\/users\/5"}],"replies":[{"embeddable":true,"href":"https:\/\/www.manquepierda.com\/historiarealbetis\/wp-json\/wp\/v2\/comments?post=64343"}],"version-history":[{"count":1,"href":"https:\/\/www.manquepierda.com\/historiarealbetis\/wp-json\/wp\/v2\/posts\/64343\/revisions"}],"predecessor-version":[{"id":100560,"href":"https:\/\/www.manquepierda.com\/historiarealbetis\/wp-json\/wp\/v2\/posts\/64343\/revisions\/100560"}],"wp:featuredmedia":[{"embeddable":true,"href":"https:\/\/www.manquepierda.com\/historiarealbetis\/wp-json\/wp\/v2\/media\/64344"}],"wp:attachment":[{"href":"https:\/\/www.manquepierda.com\/historiarealbetis\/wp-json\/wp\/v2\/media?parent=64343"}],"wp:term":[{"taxonomy":"category","embeddable":true,"href":"https:\/\/www.manquepierda.com\/historiarealbetis\/wp-json\/wp\/v2\/categories?post=64343"},{"taxonomy":"post_tag","embeddable":true,"href":"https:\/\/www.manquepierda.com\/historiarealbetis\/wp-json\/wp\/v2\/tags?post=64343"}],"curies":[{"name":"wp","href":"https:\/\/api.w.org\/{rel}","templated":true}]}}