{"id":64477,"date":"2018-04-04T07:18:53","date_gmt":"2018-04-04T05:18:53","guid":{"rendered":"http:\/\/www.manquepierda.com\/historiarealbetis\/?p=64477"},"modified":"2024-08-21T10:33:04","modified_gmt":"2024-08-21T08:33:04","slug":"capitanes-y-trio-arbitral-final-campeonato-andalucia-1928","status":"publish","type":"post","link":"https:\/\/www.manquepierda.com\/historiarealbetis\/capitanes-y-trio-arbitral-final-campeonato-andalucia-1928\/","title":{"rendered":"Capitanes y tr\u00edo arbitral Final Campeonato Andaluc\u00eda 1928"},"content":{"rendered":"<p><a href=\"https:\/\/i0.wp.com\/www.manquepierda.com\/historiarealbetis\/files\/2018\/04\/Capitanes-y-tr%C3%ADo-arbitral-Final-Campeonato-Andaluc%C3%ADa-1928-NMP-Sevilla-01-06-1958.jpg?ssl=1\"><img data-recalc-dims=\"1\" loading=\"lazy\" decoding=\"async\" class=\"aligncenter size-medium wp-image-64478\" src=\"https:\/\/i0.wp.com\/www.manquepierda.com\/historiarealbetis\/files\/2018\/04\/Capitanes-y-tr%C3%ADo-arbitral-Final-Campeonato-Andaluc%C3%ADa-1928-NMP-Sevilla-01-06-1958.jpg?resize=680%2C485&#038;ssl=1\" alt=\"\" width=\"680\" height=\"485\" srcset=\"https:\/\/i0.wp.com\/www.manquepierda.com\/historiarealbetis\/files\/2018\/04\/Capitanes-y-tr%C3%ADo-arbitral-Final-Campeonato-Andaluc%C3%ADa-1928-NMP-Sevilla-01-06-1958.jpg?resize=680%2C485&amp;ssl=1 680w, https:\/\/i0.wp.com\/www.manquepierda.com\/historiarealbetis\/files\/2018\/04\/Capitanes-y-tr%C3%ADo-arbitral-Final-Campeonato-Andaluc%C3%ADa-1928-NMP-Sevilla-01-06-1958.jpg?resize=220%2C157&amp;ssl=1 220w, https:\/\/i0.wp.com\/www.manquepierda.com\/historiarealbetis\/files\/2018\/04\/Capitanes-y-tr%C3%ADo-arbitral-Final-Campeonato-Andaluc%C3%ADa-1928-NMP-Sevilla-01-06-1958.jpg?resize=768%2C548&amp;ssl=1 768w, https:\/\/i0.wp.com\/www.manquepierda.com\/historiarealbetis\/files\/2018\/04\/Capitanes-y-tr%C3%ADo-arbitral-Final-Campeonato-Andaluc%C3%ADa-1928-NMP-Sevilla-01-06-1958.jpg?resize=75%2C52&amp;ssl=1 75w, https:\/\/i0.wp.com\/www.manquepierda.com\/historiarealbetis\/files\/2018\/04\/Capitanes-y-tr%C3%ADo-arbitral-Final-Campeonato-Andaluc%C3%ADa-1928-NMP-Sevilla-01-06-1958.jpg?w=835&amp;ssl=1 835w\" sizes=\"auto, (max-width: 680px) 100vw, 680px\" \/><\/a><\/p>\n<p>29 de enero de 1928 en el Stadium Am\u00e9rica de C\u00f3rdoba Betis 3 Sevilla 1; desempate final del Campeonato de Andaluc\u00eda.<\/p>\n<p>Sobre el encharcado terreno de juego del Stadium Am\u00e9rica cordob\u00e9s el tr\u00edo arbitral formado por el \u00e1rbitro Guillermo Comorera y sus dos auxiliares de l\u00ednea, Rib\u00f3 y Ayn\u00f3, posa junto a los dos capitanes, el sevillista Manuel Oca\u00f1a y el b\u00e9tico Andr\u00e9s Aranda,<\/p>\n","protected":false},"excerpt":{"rendered":"<p>29 de enero de 1928 en el Stadium Am\u00e9rica de C\u00f3rdoba Betis 3 Sevilla 1; desempate final del Campeonato de Andaluc\u00eda. Sobre el encharcado terreno de juego del Stadium Am\u00e9rica cordob\u00e9s el tr\u00edo arbitral formado por el \u00e1rbitro Guillermo Comorera y sus dos auxiliares de l\u00ednea, Rib\u00f3 y Ayn\u00f3, posa junto a los dos capitanes,&#8230;<\/p>\n","protected":false},"author":5,"featured_media":64478,"comment_status":"open","ping_status":"open","sticky":false,"template":"","format":"standard","meta":{"_kad_post_transparent":"","_kad_post_title":"","_kad_post_layout":"","_kad_post_sidebar_id":"","_kad_post_content_style":"","_kad_post_vertical_padding":"","_kad_post_feature":"","_kad_post_feature_position":"","_kad_post_header":false,"_kad_post_footer":false,"_kad_post_classname":"","_jetpack_memberships_contains_paid_content":false,"footnotes":"","jetpack_publicize_message":"","jetpack_publicize_feature_enabled":true,"jetpack_social_post_already_shared":true,"jetpack_social_options":{"image_generator_settings":{"template":"highway","default_image_id":0,"font":"","enabled":false},"version":2}},"categories":[898,1],"tags":[2576,2499,106,17770,16739,2599,916,7183],"class_list":["post-64477","post","type-post","status-publish","format-standard","has-post-thumbnail","hentry","category-1920-1929","category-portada","tag-1927-28","tag-2499","tag-andres-aranda","tag-campeonato-de-andalucia-1927-28","tag-guillermo-comorera","tag-manuel-ocana","tag-sevilla-fc","tag-stadium-america-cordoba"],"jetpack_publicize_connections":[],"jetpack_featured_media_url":"https:\/\/i0.wp.com\/www.manquepierda.com\/historiarealbetis\/files\/2018\/04\/Capitanes-y-tr%C3%ADo-arbitral-Final-Campeonato-Andaluc%C3%ADa-1928-NMP-Sevilla-01-06-1958.jpg?fit=835%2C596&ssl=1","jetpack_sharing_enabled":true,"jetpack_shortlink":"https:\/\/wp.me\/p1ij08-gLX","jetpack-related-posts":[],"_links":{"self":[{"href":"https:\/\/www.manquepierda.com\/historiarealbetis\/wp-json\/wp\/v2\/posts\/64477","targetHints":{"allow":["GET"]}}],"collection":[{"href":"https:\/\/www.manquepierda.com\/historiarealbetis\/wp-json\/wp\/v2\/posts"}],"about":[{"href":"https:\/\/www.manquepierda.com\/historiarealbetis\/wp-json\/wp\/v2\/types\/post"}],"author":[{"embeddable":true,"href":"https:\/\/www.manquepierda.com\/historiarealbetis\/wp-json\/wp\/v2\/users\/5"}],"replies":[{"embeddable":true,"href":"https:\/\/www.manquepierda.com\/historiarealbetis\/wp-json\/wp\/v2\/comments?post=64477"}],"version-history":[{"count":1,"href":"https:\/\/www.manquepierda.com\/historiarealbetis\/wp-json\/wp\/v2\/posts\/64477\/revisions"}],"predecessor-version":[{"id":95560,"href":"https:\/\/www.manquepierda.com\/historiarealbetis\/wp-json\/wp\/v2\/posts\/64477\/revisions\/95560"}],"wp:featuredmedia":[{"embeddable":true,"href":"https:\/\/www.manquepierda.com\/historiarealbetis\/wp-json\/wp\/v2\/media\/64478"}],"wp:attachment":[{"href":"https:\/\/www.manquepierda.com\/historiarealbetis\/wp-json\/wp\/v2\/media?parent=64477"}],"wp:term":[{"taxonomy":"category","embeddable":true,"href":"https:\/\/www.manquepierda.com\/historiarealbetis\/wp-json\/wp\/v2\/categories?post=64477"},{"taxonomy":"post_tag","embeddable":true,"href":"https:\/\/www.manquepierda.com\/historiarealbetis\/wp-json\/wp\/v2\/tags?post=64477"}],"curies":[{"name":"wp","href":"https:\/\/api.w.org\/{rel}","templated":true}]}}