{"id":64511,"date":"2018-04-08T09:07:42","date_gmt":"2018-04-08T07:07:42","guid":{"rendered":"http:\/\/www.manquepierda.com\/historiarealbetis\/?p=64511"},"modified":"2020-03-01T09:31:47","modified_gmt":"2020-03-01T08:31:47","slug":"los-exigentes-de-emilio-vara","status":"publish","type":"post","link":"https:\/\/www.manquepierda.com\/historiarealbetis\/los-exigentes-de-emilio-vara\/","title":{"rendered":"Los exigentes, de Emilio Vara"},"content":{"rendered":"<p><a href=\"https:\/\/i0.wp.com\/www.manquepierda.com\/historiarealbetis\/files\/2018\/04\/Los-exigentes-NMP-Vy-B-Noviembre-1960.jpg?ssl=1\"><img data-recalc-dims=\"1\" loading=\"lazy\" decoding=\"async\" class=\"aligncenter size-medium wp-image-64512\" src=\"https:\/\/i0.wp.com\/www.manquepierda.com\/historiarealbetis\/files\/2018\/04\/Los-exigentes-NMP-Vy-B-Noviembre-1960.jpg?resize=680%2C281&#038;ssl=1\" alt=\"\" width=\"680\" height=\"281\" srcset=\"https:\/\/i0.wp.com\/www.manquepierda.com\/historiarealbetis\/files\/2018\/04\/Los-exigentes-NMP-Vy-B-Noviembre-1960.jpg?resize=680%2C281&amp;ssl=1 680w, https:\/\/i0.wp.com\/www.manquepierda.com\/historiarealbetis\/files\/2018\/04\/Los-exigentes-NMP-Vy-B-Noviembre-1960.jpg?resize=220%2C91&amp;ssl=1 220w, https:\/\/i0.wp.com\/www.manquepierda.com\/historiarealbetis\/files\/2018\/04\/Los-exigentes-NMP-Vy-B-Noviembre-1960.jpg?w=701&amp;ssl=1 701w\" sizes=\"auto, (max-width: 680px) 100vw, 680px\" \/><\/a><\/p>\n<p>La exigencia es una palabra y una actitud que se ha puesto muy de moda en los \u00faltimos a\u00f1os entre determinados sectores de la afici\u00f3n b\u00e9tica, que achacan los resultados deportivos del club a la falta de ese compromiso y af\u00e1n de superaci\u00f3n. Pero esto, aunque algunos se crean imbuidos de un esp\u00edritu novedoso, no es absolutamente nada nuevo en la historia de nuestro club y de nuestra afici\u00f3n.<\/p>\n<p>Ya hemos visto alg\u00fan que otro ejemplo de esta actitud a lo largo de la historia y hoy vamos a aportar otro. Se trata de un texto del periodista Emilio Vara en la revista Verde y Blanco de noviembre de 1960, en la que se debate sobre la oportunidad de esta actitud de los llamados exigentes, en relaci\u00f3n con los resultados del equipo que dirig\u00eda Fernando Daucik.<\/p>\n<p><span style=\"color: #008000\"><em>El Betis est\u00e1 en marcha. Tras un comienzo de tanteo, en el que se apreci\u00f3 que el equipo no estaba a\u00fan amoldado a las directrices de su flamante entrenador, Fernando Daucik, el Betis hoy, acoplado y habiendo asimilado ya las nuevas consignas y el nuevo estilo de juego que quer\u00eda inculcarle Daucik, el Betis hoy, repito, pisa ya firme en la Liga y empieza a actuar de forma brillante y positiva con su nueva personalidad. Esto es evidente por los resultados que est\u00e1 obteniendo el equipo y por la forma con que est\u00e1 consiguiendo esos resultados.<\/em><\/span><\/p>\n<p><span style=\"color: #008000\"><em>Sin embargo, hay todav\u00eda quien no quiere ver que el Betis ha encajado ya en la l\u00ednea de rendimiento eficaz que Daucik buscaba. Hay todav\u00eda quien discute el juego y las actuaciones personales de algunos jugadores a los que, no s\u00e9 por qu\u00e9 raz\u00f3n, se les niega las virtudes que est\u00e1n demostrando que poseen. Los que as\u00ed se comportan, lo que a\u00fan piden con inoportuna energ\u00eda que el Betis juegue m\u00e1s y no est\u00e1n a\u00fan contentos ni satisfechos con la forma con la que empieza a responder el equipo, son los exigentes. Exigentes, que hay que pensar que lo son por un desmesurado cari\u00f1o hacia el club, pero a los que hay que advertir que llevan su amor y su pasi\u00f3n por el Betis a extremos que llegan a ser perjudiciales sin que ellos se den cuenta. Porque, con tanto exigir, con tanto pedir, caen en el derrotismo y quitan moral. Y lo peor no es que en este error, porque es un error comportarse as\u00ed con un equipo que emprende una marcha ascendente, caigan simples aficionados, sino personas con responsabilidad en sus opiniones, como es el caso de ciertos comentaristas que en las \u00faltimas tardes de triunfos del Betis s\u00f3lo han seguido viendo defectos y los han pregonado, creando un ambiente de malestar cuando lo que se impon\u00eda era reforzar la moral de todos, resaltando las muchas virtudes que ya se apreciaron en el equipo.<\/em><\/span><\/p>\n<p><span style=\"color: #008000\"><em>Y es que hay personas que entienden que el ejercicio de una funci\u00f3n cr\u00edtica significa criticar siempre. Critican por sistema. Y se equivocan. Est\u00e1n en un error. El cr\u00edtico tiene el deber de se\u00f1alar los defectos, pero tambi\u00e9n ha de desarrollar una labor constructiva que se realiza afianzando la moral de todos en los momentos psicol\u00f3gicos que se presentan para operar en ese terreno. Y esta noble misi\u00f3n, tan importante o m\u00e1s como la de se\u00f1alar los defectos, es la que olvidan algunos llevados por un celo excesivo y perjudicial en el desempe\u00f1o de la cr\u00edtica.<\/em><\/span><\/p>\n<p><span style=\"color: #008000\"><em>Concretamente hay quien discute en estos momentos todav\u00eda, por ejemplo, la val\u00eda de Yanko Daucik como delantero centro, cuando el muchacho est\u00e1 demostrando que es uno de los mejores jugadores que existen hoy en Espa\u00f1a en ese puesto. Y lo que necesita Yanko Daucik es que se le reconozcan sus virtudes, que la tiene, para que su moral vaya a m\u00e1s y su confianza en s\u00ed mismo vaya en aumento igualmente. Con ello, anim\u00e1ndolo, no s\u00f3lo contribuiremos a la formaci\u00f3n de un jugador que apunta para figura y puede llegar a serlo, sino que tendremos adem\u00e1s la satisfacci\u00f3n de haber conseguido un valor positivo para el Betis y para el f\u00fatbol nacional.<\/em><\/span><\/p>\n<p><span style=\"color: #008000\"><em>Tambi\u00e9n se sigue discutiendo, y este es otro ejemplo, algunas de las decisiones de Fernando Daucik, como la de colocar a Lasa en la defensa, cuando estamos viendo que tiene la raz\u00f3n de su parte, porque est\u00e1 resultando que Lasa no es muy necesario ahora en el ataque, mientras que en la zaga se afianza cada d\u00eda m\u00e1s y est\u00e1 dando un rendimiento extraordinario. Y se discute, en fin, que el Betis ofrece a\u00fan fallos en su juego, \u00bfqu\u00e9 equipos no los tiene?, cuando la verdad es que el conjunto verdiblanco nos ofrece ya un f\u00fatbol de calidad y eficaz al mismo tiempo, desarrollado con una personalidad que no le ve\u00edamos al equipo hac\u00eda tiempo.<\/em><\/span><\/p>\n<p><span style=\"color: #008000\"><em>Hora es ya, se\u00f1ores, de que los exigentes empiecen a ver las cosas buenas del Betis. Hora es ya de que salgan de su derrotismo, porque el equipo empieza a pisar firme y lo que necesita en esos momentos es calor y apoyo, no censuras. Es lo que necesita y lo que merece, porque, sin apasionamiento de ninguna clase, la verdad es que el Betis est\u00e1 jugando bien, est\u00e1 consiguiendo magn\u00edficos resultados dentro y fuera de casa y el equipo por ello es m\u00e1s digno del aplauso y del elogio que de la cr\u00edtica. Piensen y mediten los exigentes cuanto digo y ver\u00e1n como caen de su peso.<\/em><\/span><\/p>\n<p><span style=\"color: #008000\"><em>Yo estoy de acuerdo, naturalmente, en que hay que querer para el Betis lo mejor. Pero, se\u00f1ores, pid\u00e1moslo con calma y con serenidad. No nos ceguemos de tal forma que s\u00f3lo veamos defectos donde tambi\u00e9n hay virtudes y muy valiosas por cierto.<\/em><\/span><\/p>\n","protected":false},"excerpt":{"rendered":"<p>La exigencia es una palabra y una actitud que se ha puesto muy de moda en los \u00faltimos a\u00f1os entre determinados sectores de la afici\u00f3n b\u00e9tica, que achacan los resultados deportivos del club a la falta de ese compromiso y af\u00e1n de superaci\u00f3n. Pero esto, aunque algunos se crean imbuidos de un esp\u00edritu novedoso, no&#8230;<\/p>\n","protected":false},"author":5,"featured_media":64512,"comment_status":"open","ping_status":"open","sticky":false,"template":"","format":"standard","meta":{"_kad_post_transparent":"","_kad_post_title":"","_kad_post_layout":"","_kad_post_sidebar_id":"","_kad_post_content_style":"","_kad_post_vertical_padding":"","_kad_post_feature":"","_kad_post_feature_position":"","_kad_post_header":false,"_kad_post_footer":false,"_kad_post_classname":"","_jetpack_memberships_contains_paid_content":false,"footnotes":"","jetpack_publicize_message":"","jetpack_publicize_feature_enabled":true,"jetpack_social_post_already_shared":true,"jetpack_social_options":{"image_generator_settings":{"template":"highway","default_image_id":0,"font":"","enabled":false},"version":2}},"categories":[1,1176],"tags":[1246,11764],"class_list":["post-64511","post","type-post","status-publish","format-standard","has-post-thumbnail","hentry","category-portada","category-relatos-de-futbol","tag-1246","tag-emilio-vara"],"jetpack_publicize_connections":[],"jetpack_featured_media_url":"https:\/\/i0.wp.com\/www.manquepierda.com\/historiarealbetis\/files\/2018\/04\/Los-exigentes-NMP-Vy-B-Noviembre-1960.jpg?fit=701%2C290&ssl=1","jetpack_sharing_enabled":true,"jetpack_shortlink":"https:\/\/wp.me\/p1ij08-gMv","jetpack-related-posts":[],"_links":{"self":[{"href":"https:\/\/www.manquepierda.com\/historiarealbetis\/wp-json\/wp\/v2\/posts\/64511","targetHints":{"allow":["GET"]}}],"collection":[{"href":"https:\/\/www.manquepierda.com\/historiarealbetis\/wp-json\/wp\/v2\/posts"}],"about":[{"href":"https:\/\/www.manquepierda.com\/historiarealbetis\/wp-json\/wp\/v2\/types\/post"}],"author":[{"embeddable":true,"href":"https:\/\/www.manquepierda.com\/historiarealbetis\/wp-json\/wp\/v2\/users\/5"}],"replies":[{"embeddable":true,"href":"https:\/\/www.manquepierda.com\/historiarealbetis\/wp-json\/wp\/v2\/comments?post=64511"}],"version-history":[{"count":0,"href":"https:\/\/www.manquepierda.com\/historiarealbetis\/wp-json\/wp\/v2\/posts\/64511\/revisions"}],"wp:featuredmedia":[{"embeddable":true,"href":"https:\/\/www.manquepierda.com\/historiarealbetis\/wp-json\/wp\/v2\/media\/64512"}],"wp:attachment":[{"href":"https:\/\/www.manquepierda.com\/historiarealbetis\/wp-json\/wp\/v2\/media?parent=64511"}],"wp:term":[{"taxonomy":"category","embeddable":true,"href":"https:\/\/www.manquepierda.com\/historiarealbetis\/wp-json\/wp\/v2\/categories?post=64511"},{"taxonomy":"post_tag","embeddable":true,"href":"https:\/\/www.manquepierda.com\/historiarealbetis\/wp-json\/wp\/v2\/tags?post=64511"}],"curies":[{"name":"wp","href":"https:\/\/api.w.org\/{rel}","templated":true}]}}