{"id":64521,"date":"2018-04-07T14:05:34","date_gmt":"2018-04-07T12:05:34","guid":{"rendered":"http:\/\/www.manquepierda.com\/historiarealbetis\/?p=64521"},"modified":"2024-10-23T07:43:10","modified_gmt":"2024-10-23T05:43:10","slug":"1962-noviembre-11-1division-real-betis-balompie-1-club-atletico-madrid-0-recortes-prensa","status":"publish","type":"post","link":"https:\/\/www.manquepierda.com\/historiarealbetis\/1962-noviembre-11-1division-real-betis-balompie-1-club-atletico-madrid-0-recortes-prensa\/","title":{"rendered":"1962-Noviembre 11.-1Divisi\u00f3n.-Real Betis Balompi\u00e9-1 Club Atl\u00e9tico Madrid-0.-Recortes Prensa."},"content":{"rendered":"<p style=\"text-align: center\">XXXII EDICI\u00d3N-CAMPEONATO NACIONAL LIGA PRIMERA DIVISI\u00d3N-TEMPORADA 1962-1963.<\/p>\n<p style=\"text-align: left\">Domingo 16-IX-1962 hasta domingo 21-IV-1963, ambas fechas inclusive.-16&#8217;00 Horas-Estadio \u00abBenito Villamar\u00edn\u00bb-09\u00aa Jornada-\u00abPro-Secciones Deportivas\u00bb.-Clave Marcador Simult\u00e1neo \u00abDardo\u00bb: \u00abCalcetines Punto Blanco\u00bb.<\/p>\n<p><img data-recalc-dims=\"1\" loading=\"lazy\" decoding=\"async\" class=\"aligncenter size-large wp-image-64522\" src=\"https:\/\/i0.wp.com\/www.manquepierda.com\/historiarealbetis\/files\/2018\/04\/escanear0354.jpg?resize=543%2C700&#038;ssl=1\" alt=\"\" width=\"543\" height=\"700\" srcset=\"https:\/\/i0.wp.com\/www.manquepierda.com\/historiarealbetis\/files\/2018\/04\/escanear0354.jpg?resize=543%2C700&amp;ssl=1 543w, https:\/\/i0.wp.com\/www.manquepierda.com\/historiarealbetis\/files\/2018\/04\/escanear0354.jpg?resize=171%2C220&amp;ssl=1 171w, https:\/\/i0.wp.com\/www.manquepierda.com\/historiarealbetis\/files\/2018\/04\/escanear0354.jpg?resize=465%2C600&amp;ssl=1 465w, https:\/\/i0.wp.com\/www.manquepierda.com\/historiarealbetis\/files\/2018\/04\/escanear0354.jpg?w=640&amp;ssl=1 640w\" sizes=\"auto, (max-width: 543px) 100vw, 543px\" \/><\/p>\n<p>Revista de la afici\u00f3n b\u00e9tica <em>\u00abverde y blanco\u00bb.-Publicaci\u00f3n mensual.-A\u00f1o II-N\u00ba 25.-1962.-P. V. P.: 7 Pesetas\/1962. <\/em><\/p>\n<p><em>\u00abEl joven guardameta verdiblanco, que tuvo una magn\u00edfica actuaci\u00f3n frente al Atl\u00e9tico de Madrid, y en quien la afici\u00f3n tiene puesta mucha esperanza\u00bb.<br \/>\n<\/em><\/p>\n<p><em>Debut del guardameta Manuel GARC\u00cdA-PLATA Valle (Imbatido).-Natural de Arahal (Sevilla), domingo 21 de Septiembre de 1941 (21 a\u00f1os, 2 meses, menos 10 d\u00edas).<\/em><\/p>\n<p style=\"text-align: center\"><img data-recalc-dims=\"1\" loading=\"lazy\" decoding=\"async\" class=\"aligncenter size-thumbnail wp-image-64534\" src=\"https:\/\/i0.wp.com\/www.manquepierda.com\/historiarealbetis\/files\/2018\/04\/AGC.jpg?resize=123%2C220&#038;ssl=1\" alt=\"\" width=\"123\" height=\"220\" srcset=\"https:\/\/i0.wp.com\/www.manquepierda.com\/historiarealbetis\/files\/2018\/04\/AGC.jpg?resize=123%2C220&amp;ssl=1 123w, https:\/\/i0.wp.com\/www.manquepierda.com\/historiarealbetis\/files\/2018\/04\/AGC.jpg?w=181&amp;ssl=1 181w\" sizes=\"auto, (max-width: 123px) 100vw, 123px\" \/><\/p>\n<p>Arbitr\u00f3 el colegiado Alfonso G\u00f3mez Contreras.-Cartagena-1916.<\/p>\n<p style=\"text-align: center\"><img data-recalc-dims=\"1\" loading=\"lazy\" decoding=\"async\" class=\"aligncenter size-thumbnail wp-image-64537\" src=\"https:\/\/i0.wp.com\/www.manquepierda.com\/historiarealbetis\/files\/2018\/04\/Benito-VILLAMAR%C3%8DN-Prieto-01.jpg?resize=128%2C220&#038;ssl=1\" alt=\"\" width=\"128\" height=\"220\" srcset=\"https:\/\/i0.wp.com\/www.manquepierda.com\/historiarealbetis\/files\/2018\/04\/Benito-VILLAMAR%C3%8DN-Prieto-01.jpg?resize=128%2C220&amp;ssl=1 128w, https:\/\/i0.wp.com\/www.manquepierda.com\/historiarealbetis\/files\/2018\/04\/Benito-VILLAMAR%C3%8DN-Prieto-01.jpg?w=174&amp;ssl=1 174w\" sizes=\"auto, (max-width: 128px) 100vw, 128px\" \/><\/p>\n<p><em><strong>Presidente don Benito Villamar\u00edn Prieto.-7\u00aa Gesti\u00f3n-Administraci\u00f3n.<\/strong><\/em><\/p>\n<p style=\"text-align: center\"><img data-recalc-dims=\"1\" loading=\"lazy\" decoding=\"async\" class=\"aligncenter size-full wp-image-64539\" src=\"https:\/\/i0.wp.com\/www.manquepierda.com\/historiarealbetis\/files\/2018\/04\/Ferdinand-DAUCIK-1961.jpg?resize=129%2C196&#038;ssl=1\" alt=\"\" width=\"129\" height=\"196\" \/><\/p>\n<p><strong>Entrenador Ferdinand Daucik Fonfer (Jornadas 01-10) ambas inclusive.<\/strong><\/p>\n<p style=\"text-align: left\"><strong>11\u00ba Clasificado Real Betis Balompi\u00e9 con 7 puntos (3-Ganados, 1-Empatado, 5-Perdidos).-13-Goles \u00e1 Favor y 15-Tantos en contra.<\/strong><\/p>\n<p style=\"text-align: center\">Vs.<\/p>\n<p>1955-1964.-Presidente, don Javier Barroso S\u00e1nchez-Guerra.<\/p>\n<p>1962-1963.-Entrenador, Rafael Garc\u00eda Repullo (a) \u00abTINTE\u00bb.<\/p>\n<p>02\u00ba Clasificado Club Atl\u00e9tico de Madrid: 12 puntos (5ganados, 2empatados, 2perdidos).<\/p>\n<p style=\"text-align: center\"><img data-recalc-dims=\"1\" loading=\"lazy\" decoding=\"async\" class=\"aligncenter size-large wp-image-64525\" src=\"https:\/\/i0.wp.com\/www.manquepierda.com\/historiarealbetis\/files\/2018\/04\/escanear0359.jpg?resize=557%2C700&#038;ssl=1\" alt=\"\" width=\"557\" height=\"700\" srcset=\"https:\/\/i0.wp.com\/www.manquepierda.com\/historiarealbetis\/files\/2018\/04\/escanear0359.jpg?resize=557%2C700&amp;ssl=1 557w, https:\/\/i0.wp.com\/www.manquepierda.com\/historiarealbetis\/files\/2018\/04\/escanear0359.jpg?resize=175%2C220&amp;ssl=1 175w, https:\/\/i0.wp.com\/www.manquepierda.com\/historiarealbetis\/files\/2018\/04\/escanear0359.jpg?resize=478%2C600&amp;ssl=1 478w, https:\/\/i0.wp.com\/www.manquepierda.com\/historiarealbetis\/files\/2018\/04\/escanear0359.jpg?w=640&amp;ssl=1 640w\" sizes=\"auto, (max-width: 557px) 100vw, 557px\" \/><\/p>\n<p style=\"text-align: center\"><img data-recalc-dims=\"1\" loading=\"lazy\" decoding=\"async\" class=\"aligncenter size-large wp-image-64527\" src=\"https:\/\/i0.wp.com\/www.manquepierda.com\/historiarealbetis\/files\/2018\/04\/escanear0360.jpg?resize=546%2C700&#038;ssl=1\" alt=\"\" width=\"546\" height=\"700\" srcset=\"https:\/\/i0.wp.com\/www.manquepierda.com\/historiarealbetis\/files\/2018\/04\/escanear0360.jpg?resize=546%2C700&amp;ssl=1 546w, https:\/\/i0.wp.com\/www.manquepierda.com\/historiarealbetis\/files\/2018\/04\/escanear0360.jpg?resize=172%2C220&amp;ssl=1 172w, https:\/\/i0.wp.com\/www.manquepierda.com\/historiarealbetis\/files\/2018\/04\/escanear0360.jpg?resize=468%2C600&amp;ssl=1 468w, https:\/\/i0.wp.com\/www.manquepierda.com\/historiarealbetis\/files\/2018\/04\/escanear0360.jpg?w=640&amp;ssl=1 640w\" sizes=\"auto, (max-width: 546px) 100vw, 546px\" \/><\/p>\n<p style=\"text-align: center\"><img data-recalc-dims=\"1\" loading=\"lazy\" decoding=\"async\" class=\"aligncenter size-large wp-image-64528\" src=\"https:\/\/i0.wp.com\/www.manquepierda.com\/historiarealbetis\/files\/2018\/04\/escanear0361.jpg?resize=550%2C700&#038;ssl=1\" alt=\"\" width=\"550\" height=\"700\" srcset=\"https:\/\/i0.wp.com\/www.manquepierda.com\/historiarealbetis\/files\/2018\/04\/escanear0361.jpg?resize=550%2C700&amp;ssl=1 550w, https:\/\/i0.wp.com\/www.manquepierda.com\/historiarealbetis\/files\/2018\/04\/escanear0361.jpg?resize=173%2C220&amp;ssl=1 173w, https:\/\/i0.wp.com\/www.manquepierda.com\/historiarealbetis\/files\/2018\/04\/escanear0361.jpg?resize=471%2C600&amp;ssl=1 471w, https:\/\/i0.wp.com\/www.manquepierda.com\/historiarealbetis\/files\/2018\/04\/escanear0361.jpg?w=640&amp;ssl=1 640w\" sizes=\"auto, (max-width: 550px) 100vw, 550px\" \/><\/p>\n","protected":false},"excerpt":{"rendered":"<p>XXXII EDICI\u00d3N-CAMPEONATO NACIONAL LIGA PRIMERA DIVISI\u00d3N-TEMPORADA 1962-1963. Domingo 16-IX-1962 hasta domingo 21-IV-1963, ambas fechas inclusive.-16&#8217;00 Horas-Estadio \u00abBenito Villamar\u00edn\u00bb-09\u00aa Jornada-\u00abPro-Secciones Deportivas\u00bb.-Clave Marcador Simult\u00e1neo \u00abDardo\u00bb: \u00abCalcetines Punto Blanco\u00bb. Revista de la afici\u00f3n b\u00e9tica \u00abverde y blanco\u00bb.-Publicaci\u00f3n mensual.-A\u00f1o II-N\u00ba 25.-1962.-P. V. P.: 7 Pesetas\/1962. \u00abEl joven guardameta verdiblanco, que tuvo una magn\u00edfica actuaci\u00f3n frente al Atl\u00e9tico de Madrid,&#8230;<\/p>\n","protected":false},"author":48,"featured_media":64522,"comment_status":"open","ping_status":"open","sticky":false,"template":"","format":"standard","meta":{"_kad_post_transparent":"","_kad_post_title":"","_kad_post_layout":"","_kad_post_sidebar_id":"","_kad_post_content_style":"","_kad_post_vertical_padding":"","_kad_post_feature":"","_kad_post_feature_position":"","_kad_post_header":false,"_kad_post_footer":false,"_kad_post_classname":"","_jetpack_memberships_contains_paid_content":false,"footnotes":"","jetpack_publicize_message":"","jetpack_publicize_feature_enabled":true,"jetpack_social_post_already_shared":true,"jetpack_social_options":{"image_generator_settings":{"template":"highway","default_image_id":0,"font":"","enabled":false},"version":2}},"categories":[902,1],"tags":[5369,4280,13849,17839],"class_list":["post-64521","post","type-post","status-publish","format-standard","has-post-thumbnail","hentry","category-1960-1969","category-portada","tag-5369","tag-1962-63","tag-club-atletico-de-madrid","tag-liga-primera-1962-63"],"jetpack_publicize_connections":[],"jetpack_featured_media_url":"https:\/\/i0.wp.com\/www.manquepierda.com\/historiarealbetis\/files\/2018\/04\/escanear0354.jpg?fit=640%2C825&ssl=1","jetpack_sharing_enabled":true,"jetpack_shortlink":"https:\/\/wp.me\/p1ij08-gMF","jetpack-related-posts":[],"_links":{"self":[{"href":"https:\/\/www.manquepierda.com\/historiarealbetis\/wp-json\/wp\/v2\/posts\/64521","targetHints":{"allow":["GET"]}}],"collection":[{"href":"https:\/\/www.manquepierda.com\/historiarealbetis\/wp-json\/wp\/v2\/posts"}],"about":[{"href":"https:\/\/www.manquepierda.com\/historiarealbetis\/wp-json\/wp\/v2\/types\/post"}],"author":[{"embeddable":true,"href":"https:\/\/www.manquepierda.com\/historiarealbetis\/wp-json\/wp\/v2\/users\/48"}],"replies":[{"embeddable":true,"href":"https:\/\/www.manquepierda.com\/historiarealbetis\/wp-json\/wp\/v2\/comments?post=64521"}],"version-history":[{"count":1,"href":"https:\/\/www.manquepierda.com\/historiarealbetis\/wp-json\/wp\/v2\/posts\/64521\/revisions"}],"predecessor-version":[{"id":97655,"href":"https:\/\/www.manquepierda.com\/historiarealbetis\/wp-json\/wp\/v2\/posts\/64521\/revisions\/97655"}],"wp:featuredmedia":[{"embeddable":true,"href":"https:\/\/www.manquepierda.com\/historiarealbetis\/wp-json\/wp\/v2\/media\/64522"}],"wp:attachment":[{"href":"https:\/\/www.manquepierda.com\/historiarealbetis\/wp-json\/wp\/v2\/media?parent=64521"}],"wp:term":[{"taxonomy":"category","embeddable":true,"href":"https:\/\/www.manquepierda.com\/historiarealbetis\/wp-json\/wp\/v2\/categories?post=64521"},{"taxonomy":"post_tag","embeddable":true,"href":"https:\/\/www.manquepierda.com\/historiarealbetis\/wp-json\/wp\/v2\/tags?post=64521"}],"curies":[{"name":"wp","href":"https:\/\/api.w.org\/{rel}","templated":true}]}}