{"id":64541,"date":"2023-04-09T11:00:00","date_gmt":"2023-04-09T09:00:00","guid":{"rendered":"http:\/\/www.manquepierda.com\/historiarealbetis\/?p=64541"},"modified":"2024-08-09T13:08:12","modified_gmt":"2024-08-09T11:08:12","slug":"hoy-hace-42-anos-5","status":"publish","type":"post","link":"https:\/\/www.manquepierda.com\/historiarealbetis\/hoy-hace-42-anos-5\/","title":{"rendered":"Hoy hace 45 a\u00f1os. Betis 1 Sporting 1."},"content":{"rendered":"<p><a href=\"https:\/\/i0.wp.com\/www.manquepierda.com\/historiarealbetis\/files\/2018\/04\/9-1978-Betis-1-Sporting.-1.jpg?ssl=1\"><img data-recalc-dims=\"1\" loading=\"lazy\" decoding=\"async\" class=\"aligncenter size-full wp-image-64536\" src=\"https:\/\/i0.wp.com\/www.manquepierda.com\/historiarealbetis\/files\/2018\/04\/9-1978-Betis-1-Sporting.-1.jpg?resize=381%2C493&#038;ssl=1\" alt=\"\" width=\"381\" height=\"493\" srcset=\"https:\/\/i0.wp.com\/www.manquepierda.com\/historiarealbetis\/files\/2018\/04\/9-1978-Betis-1-Sporting.-1.jpg?w=381&amp;ssl=1 381w, https:\/\/i0.wp.com\/www.manquepierda.com\/historiarealbetis\/files\/2018\/04\/9-1978-Betis-1-Sporting.-1.jpg?resize=170%2C220&amp;ssl=1 170w\" sizes=\"auto, (max-width: 381px) 100vw, 381px\" \/><\/a><\/p>\n<p><span style=\"color: green\">El 9 de abril de 1978 Betis y Sporting de Gij\u00f3n empatan a 1 en el Villamar\u00edn a partido de la jornada 30 del Campeonato de Liga de Primera Divisi\u00f3n.<\/span><\/p>\n<p><span style=\"color: green\">Ur\u00eda en el minuto 40 adelant\u00f3 a los visitantes, empatando en el 53 Del Pozo a la salida de un c\u00f3rner.&nbsp;<\/span><\/p>\n<p><span style=\"color: green\">Partido televisado y un resultado que complic\u00f3 mucho la situaci\u00f3n b\u00e9tica en la tabla clasificatoria, sumando ya cuatro negativos.<\/span><\/p>\n<p><span style=\"color: green\">El Betis, entrenado por Rafael Iriondo, aline\u00f3 a Esnaola; Bizcocho, Biosca, Muhren, Gordillo; L\u00f3pez, Alabanda, Carde\u00f1osa; Garc\u00eda Soriano (46, Del Pozo), Ladinzsky y Anzarda.<\/span><\/p>\n<p><span style=\"color: green\">El Sporting, dirigido por Vicente Miera, form\u00f3 con Castro; Gonz\u00e1lez, Doria, Maceda, Killer; Joaqu\u00edn (51, Vald\u00e9s), Ciriaco, Ur\u00eda; Mor\u00e1n, Quini y Ferrero (85, Abel)<\/span><\/p>\n","protected":false},"excerpt":{"rendered":"<p>El 9 de abril de 1978 Betis y Sporting de Gij\u00f3n empatan a 1 en el Villamar\u00edn a partido de la jornada 30 del Campeonato de Liga de Primera Divisi\u00f3n. Ur\u00eda en el minuto 40 adelant\u00f3 a los visitantes, empatando en el 53 Del Pozo a la salida de un c\u00f3rner.&nbsp; Partido televisado y un&#8230;<\/p>\n","protected":false},"author":5,"featured_media":64536,"comment_status":"open","ping_status":"open","sticky":false,"template":"","format":"standard","meta":{"_kad_post_transparent":"","_kad_post_title":"","_kad_post_layout":"","_kad_post_sidebar_id":"","_kad_post_content_style":"","_kad_post_vertical_padding":"","_kad_post_feature":"","_kad_post_feature_position":"","_kad_post_header":false,"_kad_post_footer":false,"_kad_post_classname":"","_jetpack_memberships_contains_paid_content":false,"footnotes":"","jetpack_publicize_message":"","jetpack_publicize_feature_enabled":true,"jetpack_social_post_already_shared":true,"jetpack_social_options":{"image_generator_settings":{"template":"highway","default_image_id":0,"font":"","enabled":false},"version":2}},"categories":[903,14583,1],"tags":[59,17799,15721],"class_list":["post-64541","post","type-post","status-publish","format-standard","has-post-thumbnail","hentry","category-1970-1979","category-efemerides","category-portada","tag-59","tag-liga-primera-1977-78","tag-real-sporting-gijon"],"jetpack_publicize_connections":[],"jetpack_featured_media_url":"https:\/\/i0.wp.com\/www.manquepierda.com\/historiarealbetis\/files\/2018\/04\/9-1978-Betis-1-Sporting.-1.jpg?fit=381%2C493&ssl=1","jetpack_sharing_enabled":true,"jetpack_shortlink":"https:\/\/wp.me\/p1ij08-gMZ","jetpack-related-posts":[],"_links":{"self":[{"href":"https:\/\/www.manquepierda.com\/historiarealbetis\/wp-json\/wp\/v2\/posts\/64541","targetHints":{"allow":["GET"]}}],"collection":[{"href":"https:\/\/www.manquepierda.com\/historiarealbetis\/wp-json\/wp\/v2\/posts"}],"about":[{"href":"https:\/\/www.manquepierda.com\/historiarealbetis\/wp-json\/wp\/v2\/types\/post"}],"author":[{"embeddable":true,"href":"https:\/\/www.manquepierda.com\/historiarealbetis\/wp-json\/wp\/v2\/users\/5"}],"replies":[{"embeddable":true,"href":"https:\/\/www.manquepierda.com\/historiarealbetis\/wp-json\/wp\/v2\/comments?post=64541"}],"version-history":[{"count":1,"href":"https:\/\/www.manquepierda.com\/historiarealbetis\/wp-json\/wp\/v2\/posts\/64541\/revisions"}],"predecessor-version":[{"id":88319,"href":"https:\/\/www.manquepierda.com\/historiarealbetis\/wp-json\/wp\/v2\/posts\/64541\/revisions\/88319"}],"wp:featuredmedia":[{"embeddable":true,"href":"https:\/\/www.manquepierda.com\/historiarealbetis\/wp-json\/wp\/v2\/media\/64536"}],"wp:attachment":[{"href":"https:\/\/www.manquepierda.com\/historiarealbetis\/wp-json\/wp\/v2\/media?parent=64541"}],"wp:term":[{"taxonomy":"category","embeddable":true,"href":"https:\/\/www.manquepierda.com\/historiarealbetis\/wp-json\/wp\/v2\/categories?post=64541"},{"taxonomy":"post_tag","embeddable":true,"href":"https:\/\/www.manquepierda.com\/historiarealbetis\/wp-json\/wp\/v2\/tags?post=64541"}],"curies":[{"name":"wp","href":"https:\/\/api.w.org\/{rel}","templated":true}]}}